{"id":7220,"date":"2024-05-18T08:05:27","date_gmt":"2024-05-18T06:05:27","guid":{"rendered":"https:\/\/www.iesuscaritas.org\/?p=7220"},"modified":"2024-08-16T11:51:17","modified_gmt":"2024-08-16T09:51:17","slug":"carta-de-pentecostes-a-los-hermanos-de-todo-el-mundo-2024-eric-lozada","status":"publish","type":"post","link":"https:\/\/www.iesuscaritas.org\/pt\/letters\/cartas-de-eric\/carta-de-pentecostes-a-los-hermanos-de-todo-el-mundo-2024-eric-lozada\/","title":{"rendered":"Carta de Pentecostes aos irm\u00e3os de todo o mundo 2024. Eric LOZADA"},"content":{"rendered":"<p><\/p>\n<p class=\"western\" align=\"justify\"><span style=\"font-family: Tahoma, serif;\"><span lang=\"pt-BR\"><i><a href=\"https:\/\/www.iesuscaritas.org\/wp-content\/uploads\/2024\/05\/carta-pentecostes-2024-01.jpg\"><img loading=\"lazy\" decoding=\"async\" class=\"alignright size-medium wp-image-7229\" src=\"https:\/\/www.iesuscaritas.org\/wp-content\/uploads\/2024\/05\/carta-pentecostes-2024-01-300x177.jpg\" alt=\"\" width=\"300\" height=\"177\" srcset=\"https:\/\/www.iesuscaritas.org\/wp-content\/uploads\/2024\/05\/carta-pentecostes-2024-01-300x177.jpg 300w, https:\/\/www.iesuscaritas.org\/wp-content\/uploads\/2024\/05\/carta-pentecostes-2024-01.jpg 474w\" sizes=\"auto, (max-width: 300px) 100vw, 300px\" \/><\/a>&#8220;Vem Esp\u00edrito Santo &#8230; e renova a face da terra&#8230;&#8221;<\/i><\/span><\/span><\/p>\n<p class=\"western\" align=\"justify\"><span style=\"font-family: Tahoma, serif;\"><span lang=\"pt-BR\"><i>&#8220;<\/i><\/span><\/span><span style=\"font-family: Tahoma, serif;\"><span lang=\"pt-BR\"><i>Vem, Esp\u00edrito Santo, vem &#8230; Vem, Pai dos pobres! Vem, fonte de toda a nossa vida &#8230; \u00d3, bendita Luz divina, resplandece em nossos cora\u00e7\u00f5es &#8230; Cura as nossas feridas, renova as nossas for\u00e7as; derrama o teu orvalho sobre a nossa secura&#8230; Dobra o cora\u00e7\u00e3o e a vontade teimosos; Derrete o congelado, aquece o frio e guia os passos que se desviam&#8230;\u201d Am\u00e9m. <\/i><\/span><\/span><\/p>\n<p class=\"western\" align=\"justify\"><span style=\"font-family: Tahoma, serif;\"><span lang=\"pt-BR\">Queridos irm\u00e3os: <\/span><\/span><\/p>\n<p class=\"western\" align=\"justify\"><span style=\"font-family: Tahoma, serif;\"><span lang=\"pt-BR\">Sauda\u00e7\u00f5es de paz e fogo no Esp\u00edrito!!<\/span><\/span><\/p>\n<p class=\"western\" align=\"justify\"><span style=\"font-family: Tahoma, serif;\"><span lang=\"pt-BR\">Como voc\u00ea est\u00e1? Quais foram suas alegrias e desola\u00e7\u00f5es no minist\u00e9rio? \u00c9 importante dedicar um tempo para nome\u00e1-los e atend\u00ea-los, para um servi\u00e7o ministerial mais equilibrado e cheio de alegria. Levo-te em meu cora\u00e7\u00e3o enquanto escrevo esta carta, aqui no Centro Galileia em Tagaytay, nas Filipinas, onde estou fazendo Treinamento de Pastores para vig\u00e1rios e sacerdotes e formadores de semin\u00e1rios.<\/span><\/span><\/p>\n<p class=\"western\" align=\"justify\"><span style=\"font-family: Tahoma, serif;\"><span lang=\"pt-BR\">Pergunto: qual \u00e9 o rosto ou quais s\u00e3o os rostos da terra que pedimos ao Esp\u00edrito que venha renovar? Pode ser bom para n\u00f3 parar e dar uma longa olhada no nosso mundo fluido de hoje, com os olhos da f\u00e9 e da raz\u00e3o. Quando n\u00e3o vemos, deixamos que uma vis\u00e3o muito politizada seja a \u00fanica absoluta. H\u00e1 a tenta\u00e7\u00e3o de ceder a vis\u00e3o da f\u00e9 \u00e0 vis\u00e3o reducionista do secularismo e de abandonar a raz\u00e3o \u00e0 lente determinista do materialismo desenfreado. Quando convidamos o Esp\u00edrito a vir, admitimos que, por n\u00f3s mesmos, \u00e9 dif\u00edcil ver, que somos cegos em nossas formas de ver e compreender n\u00e3o redimidas, feridas, congeladas, secas e obstinadas. Ent\u00e3o, enquanto oramos, Vem, \u00f3 Esp\u00edrito Santo, pedimos a Ele que intervenha em nossas vidas, para renovar nossos cora\u00e7\u00f5es e mentes para que possamos ver como Ele quer que vejamos, para que possamos responder adequadamente \u00e0s realidades de nossos mundo. Os convites prof\u00e9ticos do Papa Francisco para sermos mission\u00e1rios alegres do Evangelho, ir \u00e0s periferias, cuidar coletivamente da M\u00e3e Terra, ser todos irm\u00e3os e irm\u00e3s, s\u00e3o pontos de vista cheios de Esp\u00edrito, a partir dos quais vemos e respondemos ao porqu\u00ea, onde est\u00e1, o que e como est\u00e1 o nosso mundo hoje, \u00e0 luz do Evangelho.<\/span><\/span><\/p>\n<p class=\"western\" align=\"justify\"><span style=\"font-family: Tahoma, serif;\"><span lang=\"pt-BR\">Muitos de n\u00f3s estamos em situa\u00e7\u00f5es de injusti\u00e7a, de pobreza, de destrui\u00e7\u00e3o, de viol\u00eancia, de migra\u00e7\u00e3o, de minoria e \u00e9 um pouco m\u00edope ver o mundo a partir de uma lente pessimista e impotente. Ou alguns de n\u00f3s podem estar em situa\u00e7\u00f5es de maiores oportunidades, abund\u00e2ncia, poder, privil\u00e9gio, honra, e a tenta\u00e7\u00e3o \u00e9 olhar o mundo atrav\u00e9s das lentes de um espectador indiferente. Sinto que \u00e9 importante para n\u00f3s, depois de termos esclarecido a nossa identidade, em Cebu em 2019, que somos disc\u00edpulos mission\u00e1rios de Jesus de Nazar\u00e9 inspirados nos passos do Irm\u00e3o Carlos, que pe\u00e7amos especificamente ao Esp\u00edrito que nos ressuscite dos t\u00famulos do conforto, narcisismo, indiferen\u00e7a, clericalismo e reavive em nossos cora\u00e7\u00f5es a simplicidade, a ternura, a preocupa\u00e7\u00e3o fraterna e a generosidade para que nos tornemos aut\u00eanticos agentes do Esp\u00edrito na transforma\u00e7\u00e3o do nosso mundo exatamente l\u00e1 onde estejamos colocados. Tamb\u00e9m sonhamos juntos para sermos construtores e forjadores de fraternidade, que \u00e9 o tema da nossa pr\u00f3xima assembleia mundial.<\/span><\/span><\/p>\n<p class=\"western\" align=\"justify\"><span style=\"font-family: Tahoma, serif;\"><span lang=\"pt-BR\"><a href=\"https:\/\/www.iesuscaritas.org\/wp-content\/uploads\/2024\/05\/carta-pentecostes-2024-02.jpg\"><img loading=\"lazy\" decoding=\"async\" class=\"alignleft size-medium wp-image-7230\" src=\"https:\/\/www.iesuscaritas.org\/wp-content\/uploads\/2024\/05\/carta-pentecostes-2024-02-300x237.jpg\" alt=\"\" width=\"300\" height=\"237\" srcset=\"https:\/\/www.iesuscaritas.org\/wp-content\/uploads\/2024\/05\/carta-pentecostes-2024-02-300x237.jpg 300w, https:\/\/www.iesuscaritas.org\/wp-content\/uploads\/2024\/05\/carta-pentecostes-2024-02.jpg 612w\" sizes=\"auto, (max-width: 300px) 100vw, 300px\" \/><\/a>Em nossa pr\u00e1tica dos meios espirituais da adora\u00e7\u00e3o di\u00e1ria, a medita\u00e7\u00e3o di\u00e1ria do Evangelho, o dia mensal do deserto e o encontro fraterno mensal junto com a espiritualidade da simplicidade de Nazar\u00e9, podemos n\u00e3o ser muito consistentes, mas continuamos a ser inspirados pelos nossos irm\u00e3os mais velhos que t\u00eam testemunhado toda a sua vida. Tocados pelo Esp\u00edrito, nossa pobreza \u00e9 tamb\u00e9m nossa for\u00e7a. No caminho espiritual, o n\u00famero e a idade n\u00e3o importam muito, mas sim a qualidade do testemunho, ainda que sejamos poucos. <\/span><\/span><\/p>\n<p class=\"western\" align=\"justify\"><span style=\"font-family: Tahoma, serif;\"><span lang=\"pt-BR\">Nosso constante retorno \u00e0s nossas pr\u00e1ticas espirituais treina nossas mentes e suaviza nossos cora\u00e7\u00f5es para que nossos compromissos mission\u00e1rios com o mundo venham de nossa proximidade com Deus em Jesus de Nazar\u00e9 e nossos encontros formativos com os pobres, uma pessoa de cada vez. Quando o Papa Francisco nos convidou a nos deixarmos surpreender pelo Esp\u00edrito em nosso caminhar juntos e em nossa escuta uns aos outros nesta igreja sinodal, o processo se tornou a mensagem. Quando sonhamos juntos com um mundo mais pac\u00edfico e fraterno, comprometemo-nos com processos pac\u00edficos e fraternos em todos os n\u00edveis e em todas as frentes. Porque n\u00e3o pode haver paz a partir da viol\u00eancia e n\u00e3o pode haver paz nas comunidades quando as pessoas t\u00eam cora\u00e7\u00f5es amargos e irreconcili\u00e1veis. Foi Mahatma Gandhi quem disse que a paz \u00e9 a arma dos fortes, enquanto a viol\u00eancia \u00e9 a arma dos fracos. A viol\u00eancia \u00e9 a arma daqueles que mascaram os seus medos, inseguran\u00e7as, invejas, impot\u00eancias com armaduras que amea\u00e7am a vida de todo ser humano, incluindo a da M\u00e3e Terra. Por isso, oramos com convic\u00e7\u00e3o, Vem Esp\u00edrito Santo, enche os cora\u00e7\u00f5es dos teus fi\u00e9is, renova as nossas for\u00e7as, dobra o nosso cora\u00e7\u00e3o teimoso e a nossa vontade, guia os passos que se extraviam.<\/span><\/span><\/p>\n<p class=\"western\" align=\"justify\"><span style=\"font-family: Tahoma, serif;\"><span lang=\"pt-BR\">Que a intercess\u00e3o do nosso irm\u00e3o mais velho, S\u00e3o Carlos de Foucauld, fortale\u00e7a a nossa determina\u00e7\u00e3o de ser disc\u00edpulos mission\u00e1rios de Cristo ressuscitado e forjadores de fraternidade no nosso mundo t\u00e3o vol\u00e1til. Por favor, ore por mim, seu irm\u00e3ozinho, enquanto continuo a mant\u00ea-lo perto do meu cora\u00e7\u00e3o em ora\u00e7\u00e3o. <\/span><\/span><\/p>\n<p class=\"western\" align=\"justify\"><span style=\"font-family: Tahoma, serif;\"><span lang=\"pt-BR\"><a href=\"https:\/\/www.iesuscaritas.org\/wp-content\/uploads\/2024\/05\/carta-pentecostes-2024-03.jpg\"><img loading=\"lazy\" decoding=\"async\" class=\"alignright size-full wp-image-7231\" src=\"https:\/\/www.iesuscaritas.org\/wp-content\/uploads\/2024\/05\/carta-pentecostes-2024-03.jpg\" alt=\"\" width=\"171\" height=\"133\" \/><\/a>O teu irm\u00e3o servidor,<br \/>\n<\/span><\/span><span style=\"font-family: Tahoma, serif;\"><span lang=\"pt-BR\">Eric LOZADA, respons\u00e1vel internacional<\/span><\/span><\/p>\n<hr \/>\n<p align=\"justify\">Leia em PDF: <a href=\"https:\/\/www.iesuscaritas.org\/wp-content\/uploads\/2024\/05\/Carta-de-Pentecostes-aos-irmaos-de-todo-o-mundo-2024.-Eric-LOZADA.pdf\">Carta de Pentecostes aos irm\u00e3os de todo o mundo 2024. Eric LOZADA<\/a><\/p>\n<p><\/p>","protected":false},"excerpt":{"rendered":"<p>&#8220;Vem Esp\u00edrito Santo &#8230; e renova a face da terra&#8230;&#8221; &#8220;Vem, Esp\u00edrito Santo, vem &#8230; Vem, Pai dos pobres! Vem, fonte de toda a nossa vida &#8230; \u00d3, bendita Luz <a class=\"more-link\" href=\"https:\/\/www.iesuscaritas.org\/pt\/letters\/cartas-de-eric\/carta-de-pentecostes-a-los-hermanos-de-todo-el-mundo-2024-eric-lozada\/\">Continue Reading &rarr;<\/a><\/p>\n","protected":false},"author":1,"featured_media":0,"comment_status":"open","ping_status":"closed","sticky":false,"template":"","format":"standard","meta":{"footnotes":""},"categories":[98],"tags":[],"class_list":["post-7220","post","type-post","status-publish","format-standard","hentry","category-cartas-de-eric"],"_links":{"self":[{"href":"https:\/\/www.iesuscaritas.org\/pt\/wp-json\/wp\/v2\/posts\/7220","targetHints":{"allow":["GET"]}}],"collection":[{"href":"https:\/\/www.iesuscaritas.org\/pt\/wp-json\/wp\/v2\/posts"}],"about":[{"href":"https:\/\/www.iesuscaritas.org\/pt\/wp-json\/wp\/v2\/types\/post"}],"author":[{"embeddable":true,"href":"https:\/\/www.iesuscaritas.org\/pt\/wp-json\/wp\/v2\/users\/1"}],"replies":[{"embeddable":true,"href":"https:\/\/www.iesuscaritas.org\/pt\/wp-json\/wp\/v2\/comments?post=7220"}],"version-history":[{"count":11,"href":"https:\/\/www.iesuscaritas.org\/pt\/wp-json\/wp\/v2\/posts\/7220\/revisions"}],"predecessor-version":[{"id":7250,"href":"https:\/\/www.iesuscaritas.org\/pt\/wp-json\/wp\/v2\/posts\/7220\/revisions\/7250"}],"wp:attachment":[{"href":"https:\/\/www.iesuscaritas.org\/pt\/wp-json\/wp\/v2\/media?parent=7220"}],"wp:term":[{"taxonomy":"category","embeddable":true,"href":"https:\/\/www.iesuscaritas.org\/pt\/wp-json\/wp\/v2\/categories?post=7220"},{"taxonomy":"post_tag","embeddable":true,"href":"https:\/\/www.iesuscaritas.org\/pt\/wp-json\/wp\/v2\/tags?post=7220"}],"curies":[{"name":"wp","href":"https:\/\/api.w.org\/{rel}","templated":true}]}}