{"id":7038,"date":"2024-02-12T21:00:31","date_gmt":"2024-02-12T20:00:31","guid":{"rendered":"https:\/\/www.iesuscaritas.org\/?p=7038"},"modified":"2024-02-12T21:00:31","modified_gmt":"2024-02-12T20:00:31","slug":"cuaresma-2024-reflexiones-e-invitacion-a-la-revision-de-vida-aurelio-sanz-baeza","status":"publish","type":"post","link":"https:\/\/www.iesuscaritas.org\/pt\/documentos\/cuaresma-2024-reflexiones-e-invitacion-a-la-revision-de-vida-aurelio-sanz-baeza\/","title":{"rendered":"Quaresma 2024 Reflex\u00e2o  e convite \u00e0  Revis\u00e2o de Vida. Aurelio SANZ BAEZA"},"content":{"rendered":"<p><a href=\"https:\/\/www.iesuscaritas.org\/wp-content\/uploads\/2024\/02\/cuaresma-2024-01.jpg\"><img loading=\"lazy\" decoding=\"async\" class=\"alignright size-medium wp-image-7042\" src=\"https:\/\/www.iesuscaritas.org\/wp-content\/uploads\/2024\/02\/cuaresma-2024-01-300x168.jpg\" alt=\"\" width=\"300\" height=\"168\" srcset=\"https:\/\/www.iesuscaritas.org\/wp-content\/uploads\/2024\/02\/cuaresma-2024-01-300x168.jpg 300w, https:\/\/www.iesuscaritas.org\/wp-content\/uploads\/2024\/02\/cuaresma-2024-01.jpg 640w\" sizes=\"auto, (max-width: 300px) 100vw, 300px\" \/><\/a>Encontramo-nos num tempo de gra\u00e7a, de comunh\u00e3o com todas as pessoas do nosso mundo que desejam que a paz, a conc\u00f3rdia e a solidariedade se tornem realidade com a humanidade sofredora. Encontramo-nos tamb\u00e9m num momento turbulento, de inseguran\u00e7as, de pend\u00eancias de resolu\u00e7\u00e3o de conflitos, de explora\u00e7\u00e3o humana nas suas diversas formas.<br \/>\nS\u00e3o apelos permanentes diante dos quais muitas vezes nos sentimos impotentes.<\/p>\n<p>Nossa vida pessoal tamb\u00e9m \u00e9 afetada por tudo em nosso ambiente, pelo trabalho ou pelo estresse de m\u00faltiplas atividades, pela busca de mais horas a cada dia, ou pela inatividade por idade, cansa\u00e7o, doen\u00e7a&#8230;<\/p>\n<p><a href=\"https:\/\/www.iesuscaritas.org\/wp-content\/uploads\/2024\/02\/cuaresma-2024-02.jpg\"><img loading=\"lazy\" decoding=\"async\" class=\"alignleft size-medium wp-image-7043\" src=\"https:\/\/www.iesuscaritas.org\/wp-content\/uploads\/2024\/02\/cuaresma-2024-02-220x300.jpg\" alt=\"\" width=\"220\" height=\"300\" srcset=\"https:\/\/www.iesuscaritas.org\/wp-content\/uploads\/2024\/02\/cuaresma-2024-02-220x300.jpg 220w, https:\/\/www.iesuscaritas.org\/wp-content\/uploads\/2024\/02\/cuaresma-2024-02.jpg 564w\" sizes=\"auto, (max-width: 220px) 100vw, 220px\" \/><\/a>A palavra CONVERS\u00c3O volta a nos ocorrer nesta \u00e9poca, e podemos deix\u00e1-la como na \u00e9poca do Natal como um enfeite que acompanha a esta\u00e7\u00e3o do ano, pois \u00e9 uma atitude necess\u00e1ria para celebrar a P\u00e1scoa, uma de ressurrei\u00e7\u00e3o e outra de nascimento. Ou seja, a convers\u00e3o pode continuar sendo um clich\u00ea que se repete anualmente, e passar pela nossa vida como se curasse um resfriado ou pouco mais.<\/p>\n<p>Se observarmos a convers\u00e3o de Charles de FOUCAULD, al\u00e9m de sua personalidade, de seu passado mais recente e de sua biografia at\u00e9 aquele momento, h\u00e1 uma a\u00e7\u00e3o de Deus, que chama seu filho, que coloca Henri HUVELIN em seu caminho, que tem o apoio espiritual de sua fam\u00edlia, t\u00e3o angustiada por aquele irm\u00e3o, primo, t\u00e3o inteligente e criativo que fica dif\u00edcil de entender.<\/p>\n<p>Diante disso, poder\u00edamos fazer estas reflex\u00f5es:<\/p>\n<p>1 Em que aspectos da minha vida, da minha espiritualidade, do meu trabalho quotidiano e das minhas rela\u00e7\u00f5es com os outros preciso de mudan\u00e7as? J\u00e1 me adaptei a ser como sempre sou ou sinto que n\u00e3o estou trabalhando bem assim? Defendo os outros, o Papa Francisco, os meus colegas sacerdotes? Defendo os pobres que est\u00e3o comigo?<\/p>\n<p><a href=\"https:\/\/www.iesuscaritas.org\/wp-content\/uploads\/2024\/02\/cuaresma-2024-03.jpg\"><img loading=\"lazy\" decoding=\"async\" class=\"alignright size-medium wp-image-7044\" src=\"https:\/\/www.iesuscaritas.org\/wp-content\/uploads\/2024\/02\/cuaresma-2024-03-300x200.jpg\" alt=\"\" width=\"300\" height=\"200\" srcset=\"https:\/\/www.iesuscaritas.org\/wp-content\/uploads\/2024\/02\/cuaresma-2024-03-300x200.jpg 300w, https:\/\/www.iesuscaritas.org\/wp-content\/uploads\/2024\/02\/cuaresma-2024-03.jpg 626w\" sizes=\"auto, (max-width: 300px) 100vw, 300px\" \/><\/a>2 A amizade com Deus, a minha rela\u00e7\u00e3o com ele na ora\u00e7\u00e3o, na celebra\u00e7\u00e3o da Eucaristia ou da Liturgia das Horas, \u00e9 marcada pelo rito repetitivo, rotineiro, ordenado, ou \u00e9 uma express\u00e3o quotidiana, do presente, do meu momento atual e mundial, com as preocupa\u00e7\u00f5es ou alegrias do dia? Adorar, ouvir a Palavra, que lugar e tempo ocupam no meu dia a dia? Tenho tempo para quase tudo, exceto ora\u00e7\u00e3o e contempla\u00e7\u00e3o? O dia do deserto, \u00e9 uma prioridade? Estou com pregui\u00e7a, com medo&#8230;?<\/p>\n<p><a href=\"https:\/\/www.iesuscaritas.org\/wp-content\/uploads\/2024\/02\/cuaresma-2024-04.jpg\"><img loading=\"lazy\" decoding=\"async\" class=\"alignleft size-medium wp-image-7045\" src=\"https:\/\/www.iesuscaritas.org\/wp-content\/uploads\/2024\/02\/cuaresma-2024-04-300x168.jpg\" alt=\"\" width=\"300\" height=\"168\" srcset=\"https:\/\/www.iesuscaritas.org\/wp-content\/uploads\/2024\/02\/cuaresma-2024-04-300x168.jpg 300w, https:\/\/www.iesuscaritas.org\/wp-content\/uploads\/2024\/02\/cuaresma-2024-04.jpg 626w\" sizes=\"auto, (max-width: 300px) 100vw, 300px\" \/><\/a>3 Quando h\u00e1 muitos cabos de conex\u00e3o em um dispositivo eletr\u00f4nico e n\u00e3o conseguimos descobrir para onde vai um e outro, como fa\u00e7o para conectar a partir da minha boa vontade em meu cora\u00e7\u00e3o o chamado de Jesus para trabalhar em seu Reino, a urg\u00eancia de respostas de minha parte aos conflitos humanos que existem perto ou longe de mim? Tenho capacidade de ouvir quem precisa de mim?<\/p>\n<p>A Quaresma \u00e9 um tempo de convers\u00e3o: n\u00e3o fa\u00e7amos outro mito ou ideia, ou um ornamento em todo o nosso ser crente, f\u00e1cil de explicar aos outros, mas dif\u00edcil de enfrentar internamente.<\/p>\n<p>Aur\u00e9lio SANZ BAEZA,<br \/>\nfraternidade de M\u00farcia<\/p>\n<p>Fevereiro de 2024<\/p>\n<p><a href=\"https:\/\/www.iesuscaritas.org\/wp-content\/uploads\/2024\/02\/cuaresma-2024-05.jpg\"><img loading=\"lazy\" decoding=\"async\" class=\"aligncenter size-full wp-image-7046\" src=\"https:\/\/www.iesuscaritas.org\/wp-content\/uploads\/2024\/02\/cuaresma-2024-05.jpg\" alt=\"\" width=\"612\" height=\"433\" srcset=\"https:\/\/www.iesuscaritas.org\/wp-content\/uploads\/2024\/02\/cuaresma-2024-05.jpg 612w, https:\/\/www.iesuscaritas.org\/wp-content\/uploads\/2024\/02\/cuaresma-2024-05-300x212.jpg 300w\" sizes=\"auto, (max-width: 612px) 100vw, 612px\" \/><\/a><\/p>\n<hr \/>\n<p>PDF: <a href=\"https:\/\/www.iesuscaritas.org\/wp-content\/uploads\/2024\/02\/Quaresma-2024-Reflexao-e-convite-a-Revisao-de-Vida.-Aurelio-SANZ-BAEZA-pt.pdf\">Quaresma 2024 Reflex\u00e2o e convite \u00e0 Revis\u00e2o de Vida. Aurelio SANZ BAEZA pt<\/a><\/p>","protected":false},"excerpt":{"rendered":"<p>Encontramo-nos num tempo de gra\u00e7a, de comunh\u00e3o com todas as pessoas do nosso mundo que desejam que a paz, a conc\u00f3rdia e a solidariedade se tornem realidade com a humanidade <a class=\"more-link\" href=\"https:\/\/www.iesuscaritas.org\/pt\/documentos\/cuaresma-2024-reflexiones-e-invitacion-a-la-revision-de-vida-aurelio-sanz-baeza\/\">Continue Reading &rarr;<\/a><\/p>\n","protected":false},"author":1,"featured_media":0,"comment_status":"open","ping_status":"closed","sticky":false,"template":"","format":"standard","meta":{"footnotes":""},"categories":[78],"tags":[],"class_list":["post-7038","post","type-post","status-publish","format-standard","hentry","category-documentos"],"_links":{"self":[{"href":"https:\/\/www.iesuscaritas.org\/pt\/wp-json\/wp\/v2\/posts\/7038","targetHints":{"allow":["GET"]}}],"collection":[{"href":"https:\/\/www.iesuscaritas.org\/pt\/wp-json\/wp\/v2\/posts"}],"about":[{"href":"https:\/\/www.iesuscaritas.org\/pt\/wp-json\/wp\/v2\/types\/post"}],"author":[{"embeddable":true,"href":"https:\/\/www.iesuscaritas.org\/pt\/wp-json\/wp\/v2\/users\/1"}],"replies":[{"embeddable":true,"href":"https:\/\/www.iesuscaritas.org\/pt\/wp-json\/wp\/v2\/comments?post=7038"}],"version-history":[{"count":7,"href":"https:\/\/www.iesuscaritas.org\/pt\/wp-json\/wp\/v2\/posts\/7038\/revisions"}],"predecessor-version":[{"id":7058,"href":"https:\/\/www.iesuscaritas.org\/pt\/wp-json\/wp\/v2\/posts\/7038\/revisions\/7058"}],"wp:attachment":[{"href":"https:\/\/www.iesuscaritas.org\/pt\/wp-json\/wp\/v2\/media?parent=7038"}],"wp:term":[{"taxonomy":"category","embeddable":true,"href":"https:\/\/www.iesuscaritas.org\/pt\/wp-json\/wp\/v2\/categories?post=7038"},{"taxonomy":"post_tag","embeddable":true,"href":"https:\/\/www.iesuscaritas.org\/pt\/wp-json\/wp\/v2\/tags?post=7038"}],"curies":[{"name":"wp","href":"https:\/\/api.w.org\/{rel}","templated":true}]}}