{"id":6815,"date":"2023-09-23T12:02:48","date_gmt":"2023-09-23T10:02:48","guid":{"rendered":"https:\/\/www.iesuscaritas.org\/?p=6815"},"modified":"2023-09-23T12:02:48","modified_gmt":"2023-09-23T10:02:48","slug":"portugues-a-amizade-e-o-beneficio-para-saude-jose-inacio-do-vale","status":"publish","type":"post","link":"https:\/\/www.iesuscaritas.org\/pt\/documentos\/portugues-a-amizade-e-o-beneficio-para-saude-jose-inacio-do-vale\/","title":{"rendered":"A amizade e o benef\u00edcio para sa\u00fade. Jos\u00e9 In\u00e1cio do VALE"},"content":{"rendered":"<p>\u201cA amizade \u00e9 uma predisposi\u00e7\u00e3o rec\u00edproca que torna dois seres igualmente ciosos da felicidade um do outro\u201d, afirmou o s\u00e1bio Plat\u00e3o (428\/427-348\/347 a.C.), foi um fil\u00f3sofo, matem\u00e1tico do per\u00edodo cl\u00e1ssico da Gr\u00e9cia Antiga e fundador da Academia em Atenas, a primeira institui\u00e7\u00e3o de educa\u00e7\u00e3o superior do mundo ocidental.<\/p>\n<p>A amizade, um conceito t\u00e3o antigo quanto a pr\u00f3pria humanidade, tem sido objeto de estudo em v\u00e1rias disciplinas, da filosofia, pedagogia, psican\u00e1lise, sociologia, psicologia e psiquiatria. No entanto, recentemente, a ci\u00eancia come\u00e7ou a explorar em profundidade o impacto biol\u00f3gico e fisiol\u00f3gico dessas rela\u00e7\u00f5es em nossa sa\u00fade e bem-estar integral.<\/p>\n<p>Sabe-se que nosso c\u00e9rebro \u00e9 intrinsecamente projetado para se conectar com outras pessoas em todos os n\u00edveis. As \u00e1reas do c\u00e9rebro envolvidas na intera\u00e7\u00e3o social, como c\u00f3rtex pr\u00e9-frontal e o amygdala, s\u00e3o ativados quando interagimos com conhecidos, amigos, parceiros, fam\u00edlia&#8230; e fortalecemos nossas conex\u00f5es neurais. Essas conex\u00f5es neurais fortalecidas s\u00e3o capazes de ajudar a melhorar a mem\u00f3ria, a tomada de decis\u00f5es e a regula\u00e7\u00e3o emocional. Al\u00e9m disso, o ocitocina, frequentemente chamado de horm\u00f4nio do amor, \u00e9 liberado durante intera\u00e7\u00f5es sociais positivas, promovendo sentimentos de confian\u00e7a e conex\u00e3o.<\/p>\n<hr \/>\n<p>Leia o documento completo em PDF:<a href=\"https:\/\/www.iesuscaritas.org\/wp-content\/uploads\/2023\/09\/A-amizade-e-o-beneficio-para-saude.-Inacio-Jose-do-VALE.pdf\"> A amizade e o benef\u00edcio para sa\u00fade. In\u00e1cio Jos\u00e9 do VALE<\/a><\/p>","protected":false},"excerpt":{"rendered":"<p>\u201cA amizade \u00e9 uma predisposi\u00e7\u00e3o rec\u00edproca que torna dois seres igualmente ciosos da felicidade um do outro\u201d, afirmou o s\u00e1bio Plat\u00e3o (428\/427-348\/347 a.C.), foi um fil\u00f3sofo, matem\u00e1tico do per\u00edodo cl\u00e1ssico <a class=\"more-link\" href=\"https:\/\/www.iesuscaritas.org\/pt\/documentos\/portugues-a-amizade-e-o-beneficio-para-saude-jose-inacio-do-vale\/\">Continue Reading &rarr;<\/a><\/p>\n","protected":false},"author":1,"featured_media":0,"comment_status":"open","ping_status":"closed","sticky":false,"template":"","format":"standard","meta":{"footnotes":""},"categories":[78],"tags":[],"class_list":["post-6815","post","type-post","status-publish","format-standard","hentry","category-documentos"],"_links":{"self":[{"href":"https:\/\/www.iesuscaritas.org\/pt\/wp-json\/wp\/v2\/posts\/6815","targetHints":{"allow":["GET"]}}],"collection":[{"href":"https:\/\/www.iesuscaritas.org\/pt\/wp-json\/wp\/v2\/posts"}],"about":[{"href":"https:\/\/www.iesuscaritas.org\/pt\/wp-json\/wp\/v2\/types\/post"}],"author":[{"embeddable":true,"href":"https:\/\/www.iesuscaritas.org\/pt\/wp-json\/wp\/v2\/users\/1"}],"replies":[{"embeddable":true,"href":"https:\/\/www.iesuscaritas.org\/pt\/wp-json\/wp\/v2\/comments?post=6815"}],"version-history":[{"count":1,"href":"https:\/\/www.iesuscaritas.org\/pt\/wp-json\/wp\/v2\/posts\/6815\/revisions"}],"predecessor-version":[{"id":6817,"href":"https:\/\/www.iesuscaritas.org\/pt\/wp-json\/wp\/v2\/posts\/6815\/revisions\/6817"}],"wp:attachment":[{"href":"https:\/\/www.iesuscaritas.org\/pt\/wp-json\/wp\/v2\/media?parent=6815"}],"wp:term":[{"taxonomy":"category","embeddable":true,"href":"https:\/\/www.iesuscaritas.org\/pt\/wp-json\/wp\/v2\/categories?post=6815"},{"taxonomy":"post_tag","embeddable":true,"href":"https:\/\/www.iesuscaritas.org\/pt\/wp-json\/wp\/v2\/tags?post=6815"}],"curies":[{"name":"wp","href":"https:\/\/api.w.org\/{rel}","templated":true}]}}