{"id":5132,"date":"2021-02-20T10:35:56","date_gmt":"2021-02-20T09:35:56","guid":{"rendered":"https:\/\/www.iesuscaritas.org\/?p=5132"},"modified":"2021-02-20T10:35:56","modified_gmt":"2021-02-20T09:35:56","slug":"carta-de-cuaresma-2021-a-todos-los-hermanos-del-mundo-eric-lozada","status":"publish","type":"post","link":"https:\/\/www.iesuscaritas.org\/pt\/letters\/cartas-de-eric\/carta-de-cuaresma-2021-a-todos-los-hermanos-del-mundo-eric-lozada\/","title":{"rendered":"Carta de quaresma 2021 a todos os irm\u00e3os do mundo. Eric LOZADA"},"content":{"rendered":"<p><\/p>\n<p style=\"text-align: justify;\"><em><a href=\"https:\/\/www.iesuscaritas.org\/wp-content\/uploads\/2021\/02\/cuaresma-2021-01.jpg\"><img loading=\"lazy\" decoding=\"async\" class=\"size-full wp-image-5135 alignright\" src=\"https:\/\/www.iesuscaritas.org\/wp-content\/uploads\/2021\/02\/cuaresma-2021-01.jpg\" alt=\"\" width=\"300\" height=\"168\" \/><\/a>Mas agora, declara Yahv\u00e9, volta a mim com todo teu cora\u00e7\u00e3o, jejuando, chorando e lamentando-te. Rompei vossos cora\u00e7\u00f5es e n\u00e3o vossos vestidos, e volvei a Yahv\u00e9, vosso Deus, porque \u00ealel \u00e9 clemente e compassivo, lento para a ira, rico em amor fiel, e se arrepende de infligir desastres. (Joel 2,12-13)<\/em><\/p>\n<p style=\"text-align: justify;\"><em>Todos n\u00f3s, quando fomos batizados em Cristo Jesus, fomos batizados em sua morte. Por nosso batismo em sua morte, fomos sepultados com ele, para que assim como Cristo ressuscitou de entre os mortos pelo poder glorioso do Pai, tamb\u00e9m n\u00f3s devemos come\u00e7ar a viver uma nova vida &#8230; [ ] nosso eu anterior foi crucificado com ele &#8230; [ ] e agora a vida que vive \u00e9 a vida com Deus. Da mesma maneira, dev\u00e9is ver a v\u00f3s mesmos como mortos ao pecado mas vivos para Deus em Cristo Jesus. (Romanos 6,3-11)<\/em><\/p>\n<p style=\"text-align: center;\"><strong>Sauda\u00e7\u00f5es a todos v\u00f3s, meus queridos irm\u00e3os!<\/strong><\/p>\n<p style=\"text-align: justify;\"><a href=\"https:\/\/www.iesuscaritas.org\/wp-content\/uploads\/2021\/02\/cuaresma-2021-02.png\"><img loading=\"lazy\" decoding=\"async\" class=\"alignleft size-medium wp-image-5136\" src=\"https:\/\/www.iesuscaritas.org\/wp-content\/uploads\/2021\/02\/cuaresma-2021-02-300x109.png\" alt=\"\" width=\"300\" height=\"109\" srcset=\"https:\/\/www.iesuscaritas.org\/wp-content\/uploads\/2021\/02\/cuaresma-2021-02-300x109.png 300w, https:\/\/www.iesuscaritas.org\/wp-content\/uploads\/2021\/02\/cuaresma-2021-02-768x280.png 768w, https:\/\/www.iesuscaritas.org\/wp-content\/uploads\/2021\/02\/cuaresma-2021-02.png 850w\" sizes=\"auto, (max-width: 300px) 100vw, 300px\" \/><\/a>Em quanto vos escrevo, tenho presentes cada um de v\u00f3s e as complicadas realidades que cada um de v\u00f3s encontra devido a esta crise global. Parece que a pandemia nos est\u00e1 revelando nossas fortalezas e nossas debilidades, nas rela\u00e7\u00f5es pessoais, nacionais e globais, nos \u00e2mbitos econ\u00f3mico, pol\u00edtico e religioso. A pandemia \u00e9 um momento de grande revela\u00e7\u00e3o, como diz o P. Richard ROHR e como parece dar a entender o Papa Francisco em quanto se involucra numa reconstru\u00e7\u00e3o sistem\u00e1tica de nossas estruturas globais em Fratelli Tutti. N\u00e3o desejo acrescentar nada ao seu magn\u00edfico trabalho. Antes bem, pretendo situar nossa celebra\u00e7\u00e3o da Quaresma com o que a pandemia revela e ensina a nosso mundo. Gostava de visualizar a celebra\u00e7\u00e3o da Quaresma como uma viagem em espiral descendente: quanto mais nos adentramos, mais vemos o que se esconde nos cora\u00e7\u00f5es humanos e nas subculturas de nosso mundo que nos ret\u00eam como ref\u00e9ns na masmorra do pecado, o medo, a indiferen\u00e7a, viol\u00eancia. Se todos empreendemos esta viagem juntos com honestidade e firme resolu\u00e7\u00e3o, chegaremos ao fundo no que se originam todas as <a href=\"https:\/\/www.iesuscaritas.org\/wp-content\/uploads\/2021\/02\/cuaresma-2021-03.jpg\"><img loading=\"lazy\" decoding=\"async\" class=\"size-full wp-image-5137 alignright\" src=\"https:\/\/www.iesuscaritas.org\/wp-content\/uploads\/2021\/02\/cuaresma-2021-03.jpg\" alt=\"\" width=\"275\" height=\"183\" \/><\/a>mentiras do pecado, os enganos e distor\u00e7\u00f5es deste mundo. Este \u00e9 nosso sepulcro com Cristo, como diz S\u00e3o Paulo, onde nosso homem velho \u00e9 sepultado com Cristo para que o Pai possa dar \u00e1 luz uma nova vida em n\u00f3s, em Cristo. \u00c9 minha esperan\u00e7a que ao fim de nossa viagem de quaresma de 40 dias atrav\u00e9s da P\u00e1scoa, como os ap\u00f3stolos depois da ressurrei\u00e7\u00e3o, todos caminhemos com renovada alegria e coragem clamando a mensagem do amor e a felicidade de Deus para nosso mundo.<\/p>\n<p style=\"text-align: justify;\">Nossa viagem come\u00e7a com aquilo que prop\u00f5e o profeta Joel: &#8220;Volta&#8221;, &#8220;volta-te a Deus com todo teu cora\u00e7\u00e3o&#8221;. Come\u00e7amos a viagem com uma pergunta: De quem sou? A quem se dirige o mundo? Se dermos um olhar demorado e amoroso ao mundo e a n\u00f3s mesmos, parece que o mundo, n\u00f3s, temos muitos deuses falsos (manifestos o ocultos) aos que adoramos, cuidamos, damos todo nosso tempo e energia. Nossa sociedade aditiva parece ter formas de idolatra profundamente enraizadas, substituindo o verdadeiro Deus de nosso mais profundo anseio pelos falsos deuses da vida superficial. Por isso, o Profeta recomenda jejuar, chorar e lamentar.<\/p>\n<p style=\"text-align: justify;\"><a href=\"https:\/\/www.iesuscaritas.org\/wp-content\/uploads\/2021\/02\/cuaresma-2021-04.jpg\"><img loading=\"lazy\" decoding=\"async\" class=\"alignleft size-full wp-image-5138\" src=\"https:\/\/www.iesuscaritas.org\/wp-content\/uploads\/2021\/02\/cuaresma-2021-04.jpg\" alt=\"\" width=\"202\" height=\"250\" \/><\/a>Necessitamos jejuar daquelas coisas que alimentam nossas mentes e cora\u00e7\u00f5es todos os dias, que s\u00e3o t\u00f3xicas e n\u00e3o derivam dos valores do Evangelho. Necessitamos chorar pela viol\u00eancia, a injusti\u00e7a, a indiferen\u00e7a, a cobi\u00e7a deste mundo porque, de maneira muito sutil, estamos operando sob seu feiti\u00e7o. Lamentamos os erros do passado e aprendemos a n\u00e3o os repetir. S\u00e3o Paulo chama isto um batismo em Cristo, que \u00e9 tamb\u00e9m um batismo em sua morte. Nosso batismo \u00e9 nossa inicia\u00e7\u00e3o e nossa comunh\u00e3o no Mist\u00e9rio Pascal. A que coisas estamos dispostos a morrer por Jesus e o Evangelho? Necessitamos dar nome a nossa morte. E na passividade de nossa morte em Cristo, a obra redentora do Pai em n\u00f3s e em nosso mundo nos restaura \u00e1 vida original de gra\u00e7a.<\/p>\n<p style=\"text-align: justify;\">Quando morremos conscientemente ao velho eu, o eu que est\u00e1 escravizado pelo pecado, nos tronamos livres e vazios de n\u00f3s mesmos, mas vivemos plena e autenticamente na nova vida de Cristo e em Cristo<\/p>\n<p style=\"text-align: justify;\"><a href=\"https:\/\/www.iesuscaritas.org\/wp-content\/uploads\/2021\/02\/cuaresma-2021-05.jpg\"><img loading=\"lazy\" decoding=\"async\" class=\"size-full wp-image-5139 alignright\" src=\"https:\/\/www.iesuscaritas.org\/wp-content\/uploads\/2021\/02\/cuaresma-2021-05.jpg\" alt=\"\" width=\"275\" height=\"183\" \/><\/a>E assim, queridos irm\u00e3os, que todos nos comprometamos nesta viagem da escravatura \u00e1 liberdade, do medo \u00e1 confian\u00e7a, da escurid\u00e3o \u00e1 luz, do pecado \u00e1 gra\u00e7a. Que este caminho seja nosso humilde mas sincero presente \u00e1s pessoas que nos foram confiadas e a nosso mundo angustiado, fragmentado e violento.<\/p>\n<p style=\"text-align: justify;\">Permiti-me expressar tamb\u00e9m meu profundo reconhecimento por vosso humilde testemunho do Evangelho e o zeloso cuidado pelos pobres nos pr\u00f3prios lugares de trabalho, especialmente neste momento da pandemia. Meu agradecimento a nossos irm\u00e3os que escreveram os cinco textos e aos tradutores desses textos. Tinham o prop\u00f3sito de preparar-nos espiritualmente para a canoniza\u00e7\u00e3o do irm\u00e3o Carlos. Permiti-me convidar aqueles que n\u00e3o leram e refletiram sobre esses textos, a aceder a eles em nosso site www.iesuscaritas.org . E para aqueles que sim o fizeram, continuem voltando a eles.<\/p>\n<p style=\"text-align: justify;\"><a href=\"https:\/\/www.iesuscaritas.org\/wp-content\/uploads\/2020\/11\/20201015_01.jpg\"><img loading=\"lazy\" decoding=\"async\" class=\"alignleft size-full wp-image-4811\" src=\"https:\/\/www.iesuscaritas.org\/wp-content\/uploads\/2020\/11\/20201015_01.jpg\" alt=\"\" width=\"171\" height=\"133\" \/><\/a>Complementando nossa viagem de Quaresma, pensei em introduzir o processo de renova\u00e7\u00e3o. Em minha correspond\u00eancia com o cardeal STELLA da Congrega\u00e7\u00e3o para o Clero, foram-me colocadas importantes quest\u00f5es sobre como somos em termos de nossa fidelidade ao carisma do irm\u00e3o Carlos e como estamos crescendo em miss\u00e3o como sacerdotes diocesanos inspirados por sua espiritualidade. Destas conversas nasce a ideia de elaborar um inqu\u00e9rito global. Em vez de responder a estas perguntas sozinho, pensei em todos n\u00f3s juntos numa aventura de encontrar e recuperar nossas preciosas gemas que podem estar ocultas para n\u00f3s, mas que continuam inspirando-nos. Proponho um processo em duas fases.<\/p>\n<p style=\"text-align: justify;\">A primeira fase se centrar\u00e1 mais nos factos. Aqui, fa\u00e7o um chamamento aos irm\u00e3os respons\u00e1veis locais, nacionais ou regionais e continentais para que realizem a obra principal. V\u00f3s, irm\u00e3os respons\u00e1veis locais, deveis proporcionar-nos dados de vossa fraternidade local sobre quantos s\u00e3o os membros regulares e outra informa\u00e7\u00e3o importante. Quando chegar o formul\u00e1rio do inqu\u00e9rito, leiam-no detidamente. Tende em conta que os dados que estais proporcionando a nossa fraternidade global sejam certos. Uma nota sobre os membros regulares. S\u00e3o irm\u00e3os que estiveram participando regularmente na reuni\u00e3o mensal durante ao menos um ano ou estiveram conectando-se digitalmente com v\u00f3s ou com algum dos irm\u00e3os da fraternidade local. Se o irm\u00e3o est\u00e1 num lugar long\u00ednquo mas se conecta regularmente, ainda poderia ser um membro regular. Irm\u00e3os que est\u00e3o interessados em <a href=\"https:\/\/www.iesuscaritas.org\/wp-content\/uploads\/2021\/02\/cuaresma-2021-06.jpg\"><img loading=\"lazy\" decoding=\"async\" class=\"alignleft size-medium wp-image-5140\" src=\"https:\/\/www.iesuscaritas.org\/wp-content\/uploads\/2021\/02\/cuaresma-2021-06-300x123.jpg\" alt=\"\" width=\"300\" height=\"123\" srcset=\"https:\/\/www.iesuscaritas.org\/wp-content\/uploads\/2021\/02\/cuaresma-2021-06-300x123.jpg 300w, https:\/\/www.iesuscaritas.org\/wp-content\/uploads\/2021\/02\/cuaresma-2021-06-768x315.jpg 768w, https:\/\/www.iesuscaritas.org\/wp-content\/uploads\/2021\/02\/cuaresma-2021-06.jpg 950w\" sizes=\"auto, (max-width: 300px) 100vw, 300px\" \/><\/a>nossa espiritualidade mas que no puderam comprometer-se a assistir regularmente \u00e1s reuni\u00f5es ou manter correspond\u00eancia regular, chamam-se &#8220;simpatizantes&#8221;. A chave \u00e9 o compromisso. O formul\u00e1rio do inqu\u00e9rito chegar\u00e1 de vosso respons\u00e1vel nacional ou do pa\u00eds. Tendes um prazo de duas semanas para preencher o formul\u00e1rio e o devolver a vosso respons\u00e1vel nacional ou regional. Vos agrade\u00e7o sinceramente vossa generosidade.<\/p>\n<p style=\"text-align: justify;\">A segunda fase ser\u00e1 alguns meses ou um ano depois. O processo ser\u00e1 como uma revis\u00e3o comunit\u00e1ria de nossas vidas sobre como estamos crescendo em termos de nossa fidelidade ao carisma do irm\u00e3o Carlos e como estamos crescendo em nosso zelo mission\u00e1rio como sacerdotes diocesanos inspirados pelo irm\u00e3o Carlos.<\/p>\n<p style=\"text-align: justify;\">Muito obrigado, queridos irm\u00e3os. Por favor, sabei que continuo tendo vosso continente e vosso pais em minha ora\u00e7\u00e3o. Tende a bondade de me segurar tamb\u00e9m em vossa ora\u00e7\u00e3o. Preciso disto.<\/p>\n<p style=\"text-align: justify;\">Com alegria fraterna,<\/p>\n<p style=\"text-align: justify;\"><a href=\"https:\/\/www.iesuscaritas.org\/wp-content\/uploads\/2021\/02\/cuaresma-2021-eric.jpg\"><img loading=\"lazy\" decoding=\"async\" class=\"size-full wp-image-5141 alignright\" src=\"https:\/\/www.iesuscaritas.org\/wp-content\/uploads\/2021\/02\/cuaresma-2021-eric.jpg\" alt=\"\" width=\"177\" height=\"285\" \/><\/a>Eric LOZADA, respons\u00e1vel internacional<\/p>\n<p style=\"text-align: justify;\">Dumaguete, Filipinas, fevereiro 2021<\/p>\n<p style=\"text-align: justify;\">PDF: <a href=\"https:\/\/www.iesuscaritas.org\/wp-content\/uploads\/2021\/02\/Carta-de-Quaresma-2021-de-Eric-port.pdf\">Carta de Quaresma 2021 de Eric, port<\/a><\/p>\n<p><\/p>","protected":false},"excerpt":{"rendered":"<p>Mas agora, declara Yahv\u00e9, volta a mim com todo teu cora\u00e7\u00e3o, jejuando, chorando e lamentando-te. Rompei vossos cora\u00e7\u00f5es e n\u00e3o vossos vestidos, e volvei a Yahv\u00e9, vosso Deus, porque \u00ealel <a class=\"more-link\" href=\"https:\/\/www.iesuscaritas.org\/pt\/letters\/cartas-de-eric\/carta-de-cuaresma-2021-a-todos-los-hermanos-del-mundo-eric-lozada\/\">Continue Reading &rarr;<\/a><\/p>\n","protected":false},"author":1,"featured_media":0,"comment_status":"closed","ping_status":"closed","sticky":false,"template":"","format":"standard","meta":{"footnotes":""},"categories":[98],"tags":[],"class_list":["post-5132","post","type-post","status-publish","format-standard","hentry","category-cartas-de-eric"],"_links":{"self":[{"href":"https:\/\/www.iesuscaritas.org\/pt\/wp-json\/wp\/v2\/posts\/5132","targetHints":{"allow":["GET"]}}],"collection":[{"href":"https:\/\/www.iesuscaritas.org\/pt\/wp-json\/wp\/v2\/posts"}],"about":[{"href":"https:\/\/www.iesuscaritas.org\/pt\/wp-json\/wp\/v2\/types\/post"}],"author":[{"embeddable":true,"href":"https:\/\/www.iesuscaritas.org\/pt\/wp-json\/wp\/v2\/users\/1"}],"replies":[{"embeddable":true,"href":"https:\/\/www.iesuscaritas.org\/pt\/wp-json\/wp\/v2\/comments?post=5132"}],"version-history":[{"count":12,"href":"https:\/\/www.iesuscaritas.org\/pt\/wp-json\/wp\/v2\/posts\/5132\/revisions"}],"predecessor-version":[{"id":5157,"href":"https:\/\/www.iesuscaritas.org\/pt\/wp-json\/wp\/v2\/posts\/5132\/revisions\/5157"}],"wp:attachment":[{"href":"https:\/\/www.iesuscaritas.org\/pt\/wp-json\/wp\/v2\/media?parent=5132"}],"wp:term":[{"taxonomy":"category","embeddable":true,"href":"https:\/\/www.iesuscaritas.org\/pt\/wp-json\/wp\/v2\/categories?post=5132"},{"taxonomy":"post_tag","embeddable":true,"href":"https:\/\/www.iesuscaritas.org\/pt\/wp-json\/wp\/v2\/tags?post=5132"}],"curies":[{"name":"wp","href":"https:\/\/api.w.org\/{rel}","templated":true}]}}