{"id":4869,"date":"2020-11-21T10:00:03","date_gmt":"2020-11-21T09:00:03","guid":{"rendered":"https:\/\/www.iesuscaritas.org\/?p=4869"},"modified":"2021-02-20T09:50:38","modified_gmt":"2021-02-20T08:50:38","slug":"text-1-heiligsprechung-span-la-canonizacion-del-hermano-carlos-y-nuestra-opcion-por-los-pobres","status":"publish","type":"post","link":"https:\/\/www.iesuscaritas.org\/pt\/documentos\/text-1-heiligsprechung-span-la-canonizacion-del-hermano-carlos-y-nuestra-opcion-por-los-pobres\/","title":{"rendered":"Text 1, port., Canoniza\u00e7\u00e3o do Irm\u00e3o Carlos e op\u00e7\u00e3o pelos pobres"},"content":{"rendered":"<p><\/p>\n<p style=\"text-align: justify;\">FRATERNIDADE SACERDOTAL JESUS CARITAS<\/p>\n<p style=\"text-align: justify;\">PREPARANDO A CANONIZA\u00c7\u00c3O DO IRM\u00c3O CARLOS<\/p>\n<p style=\"text-align: justify;\">TEMA 1: A CANONISA\u00c7\u00c3O DO IRM\u00c3O CARLOS E NOSSA OP\u00c7\u00c3O PELOS POBRES<\/p>\n<p style=\"text-align: justify;\">Fernando Tapia Miranda<br \/>\nEquipe Internacional<\/p>\n<p style=\"text-align: justify;\">\u201cA pandemia acentuou a dif\u00edcil situa\u00e7\u00e3o dos pobres e o grande desequil\u00edbrio que reina no mundo\u201d, disse o Papa Francisco no \u00faltimo 19 de agosto. E ele acrescentou: \u201cO v\u00edrus, sem excluir ningu\u00e9m, encontrou grandes desigualdades e discrimina\u00e7\u00f5es no seu caminho devastador. E aumentou-as!<\/p>\n<p style=\"text-align: justify;\">Isso significa que os pobres hoje sofrem mais do que antes, por causa da falta de assist\u00eancia m\u00e9dica, do desemprego e da fome.<\/p>\n<p style=\"text-align: justify;\">O Santo Padre reconhece que a resposta \u00e0 pandemia deve ser dupla: Se por um lado, &#8220;\u00e9 essencial encontrar uma cura para um pequeno mas terr\u00edvel v\u00edrus que p\u00f5e o mundo inteiro de joelhos&#8221;, por outro lado, acrescenta o Papa, \u201ctemos que nos curar de outro grande v\u00edrus: o da injusti\u00e7a social, da desigualdade de oportunidades, da marginaliza\u00e7\u00e3o e da falta de prote\u00e7\u00e3o para os mais fracos\u201d.<\/p>\n<p style=\"text-align: justify;\">Esta situa\u00e7\u00e3o nos estimula a reafirmar nossa op\u00e7\u00e3o evang\u00e9lica pelos pobres. Francisco diz em sua catequese: \u201cA f\u00e9, a esperan\u00e7a e o amor nos impelem necessariamente para esta prefer\u00eancia pelos mais necessitados, que vai al\u00e9m da pura assist\u00eancia necess\u00e1ria. Trata-se de caminhar juntos, deixando-nos evangelizar por eles, que conhecem bem o Cristo sofredor, deixando-nos &#8220;contaminar&#8221; pela sua experi\u00eancia de salva\u00e7\u00e3o, pela sua sabedoria e pela sua criatividade. Partilhar com os pobres significa enriquecer-nos uns aos outros. E se existirem estruturas sociais enfermas, que impedem os pobres de sonhar com um futuro, temos que trabalhar juntos para cur\u00e1-las, para transform\u00e1-las\u201d (Como n\u00e3o reconhecer aqui, o jeito evangelizador do Irm\u00e3o Carlos?)<\/p>\n<p style=\"text-align: justify;\">O Santo Padre afirma que &#8220;a pandemia \u00e9 uma crise, e de uma crise n\u00f3s n\u00e3o sa\u00edmos iguais: ou sa\u00edmos melhores, ou sa\u00edmos piores. Devemos sair melhores, no que diz respeito \u00e0s injusti\u00e7as sociais e \u00e0 degrada\u00e7\u00e3o do meio ambiente.&#8221;<\/p>\n<p style=\"text-align: justify;\">A canoniza\u00e7\u00e3o do Irm\u00e3o Carlos acontece neste contexto e n\u00e3o \u00e9 por acaso. Atrav\u00e9s deste acontecimento de gra\u00e7as, Deus quer colocar \u00e0 vista de todos, um homem, um crente, um pastor, um mission\u00e1rio que se entregou de corpo e alma aos mais pobres e abandonados do seu tempo, os Tuaregues. Ele se fez um deles, caminhou com eles, foi evangelizado por eles. Atualmente, a santidade passa pela op\u00e7\u00e3o preferencial pelos pobres.<\/p>\n<p style=\"text-align: justify;\">Se queremos preparar e celebrar da melhor maneira poss\u00edvel a canoniza\u00e7\u00e3o do Irm\u00e3o Carlos, n\u00e3o \u00e9 para glorificar o Irm\u00e3o Carlos, mas para fortalecer em toda a Igreja um amor ativo e proativo pelos pequeninos, os \u00faltimos, que, atualmente \u00e9 mais necess\u00e1rio do que nunca. O Papa afirma na Evangelii Gaudium: \u201cNem sempre a pr\u00f3pria beleza do Evangelho pode ser manifestada de forma adequada por n\u00f3s, mas h\u00e1 um sinal que nunca dever\u00e1 faltar: a op\u00e7\u00e3o pelos \u00faltimos, por aqueles que a sociedade rejeita e exclui.&#8221; (EG 165)<\/p>\n<p style=\"text-align: justify;\">N\u00f3s, a fam\u00edlia espiritual do Irm\u00e3o Carlos, acolhemos como uma gra\u00e7a o seu carisma, que recebe, al\u00e9m disso, neste contexto de pandemia, uma atualiza\u00e7\u00e3o e uma valida\u00e7\u00e3o especial. N\u00e3o podemos mant\u00ea-lo escondido, negligenci\u00e1-lo ou deix\u00e1-lo est\u00e9ril. \u201cReaviva o dom de Deus que est\u00e1 em ti\u201d, disse S\u00e3o Paulo a Tim\u00f3teo. Este \u00e9 o convite que nosso Irm\u00e3o e Senhor Jesus nos faz hoje, para contribuir na grande renova\u00e7\u00e3o da Igreja que o Esp\u00edrito Santo est\u00e1 impulsionando por meio do Papa Francisco. Portanto, temos uma grande responsabilidade. A canoniza\u00e7\u00e3o do Irm\u00e3o Carlos \u00e9 uma oportunidade \u00fanica para progredir nesta dire\u00e7\u00e3o.<\/p>\n<p style=\"text-align: justify;\">Para reflex\u00e3o e ora\u00e7\u00e3o pessoal ou em grupo:<br \/>\n\u2022 Vejo uma conex\u00e3o entre nossa op\u00e7\u00e3o pelos pobres, a renova\u00e7\u00e3o da Igreja impulsionada pelo Papa Francisco e a canoniza\u00e7\u00e3o do Irm\u00e3o Carlos?<br \/>\n\u2022 Que apelo \u00e0 convers\u00e3o o Senhor est\u00e1 nos enviando, por meio dessa canoniza\u00e7\u00e3o?<br \/>\n\u2022 Qual ser\u00e1 a minha contribui\u00e7\u00e3o para que a Canoniza\u00e7\u00e3o d\u00ea todos os frutos que o Senhor espera dela?<\/p>\n<p style=\"text-align: justify;\">Santiago do Chile, 10 de setembro de 2020<\/p>\n<p>PDF: <a href=\"https:\/\/www.iesuscaritas.org\/wp-content\/uploads\/2020\/11\/Text-1-port.-Canonizacao-do-Irmao-Carlos-e-opcao-pelos-pobres-BR.pdf\">Text 1, port., Canoniza\u00e7\u00e3o do Irm\u00e3o Carlos e op\u00e7\u00e3o pelos pobres BR<\/a><\/p>","protected":false},"excerpt":{"rendered":"<p>FRATERNIDADE SACERDOTAL JESUS CARITAS PREPARANDO A CANONIZA\u00c7\u00c3O DO IRM\u00c3O CARLOS TEMA 1: A CANONISA\u00c7\u00c3O DO IRM\u00c3O CARLOS E NOSSA OP\u00c7\u00c3O PELOS POBRES Fernando Tapia Miranda Equipe Internacional \u201cA pandemia acentuou <a class=\"more-link\" href=\"https:\/\/www.iesuscaritas.org\/pt\/documentos\/text-1-heiligsprechung-span-la-canonizacion-del-hermano-carlos-y-nuestra-opcion-por-los-pobres\/\">Continue Reading &rarr;<\/a><\/p>\n","protected":false},"author":1,"featured_media":0,"comment_status":"closed","ping_status":"closed","sticky":false,"template":"","format":"standard","meta":{"footnotes":""},"categories":[78],"tags":[],"class_list":["post-4869","post","type-post","status-publish","format-standard","hentry","category-documentos"],"_links":{"self":[{"href":"https:\/\/www.iesuscaritas.org\/pt\/wp-json\/wp\/v2\/posts\/4869","targetHints":{"allow":["GET"]}}],"collection":[{"href":"https:\/\/www.iesuscaritas.org\/pt\/wp-json\/wp\/v2\/posts"}],"about":[{"href":"https:\/\/www.iesuscaritas.org\/pt\/wp-json\/wp\/v2\/types\/post"}],"author":[{"embeddable":true,"href":"https:\/\/www.iesuscaritas.org\/pt\/wp-json\/wp\/v2\/users\/1"}],"replies":[{"embeddable":true,"href":"https:\/\/www.iesuscaritas.org\/pt\/wp-json\/wp\/v2\/comments?post=4869"}],"version-history":[{"count":2,"href":"https:\/\/www.iesuscaritas.org\/pt\/wp-json\/wp\/v2\/posts\/4869\/revisions"}],"predecessor-version":[{"id":5046,"href":"https:\/\/www.iesuscaritas.org\/pt\/wp-json\/wp\/v2\/posts\/4869\/revisions\/5046"}],"wp:attachment":[{"href":"https:\/\/www.iesuscaritas.org\/pt\/wp-json\/wp\/v2\/media?parent=4869"}],"wp:term":[{"taxonomy":"category","embeddable":true,"href":"https:\/\/www.iesuscaritas.org\/pt\/wp-json\/wp\/v2\/categories?post=4869"},{"taxonomy":"post_tag","embeddable":true,"href":"https:\/\/www.iesuscaritas.org\/pt\/wp-json\/wp\/v2\/tags?post=4869"}],"curies":[{"name":"wp","href":"https:\/\/api.w.org\/{rel}","templated":true}]}}