{"id":4207,"date":"2019-12-12T18:07:24","date_gmt":"2019-12-12T17:07:24","guid":{"rendered":"https:\/\/www.iesuscaritas.org\/?p=4207"},"modified":"2020-11-28T09:41:11","modified_gmt":"2020-11-28T08:41:11","slug":"portugues-boletim-das-fraternidades-159-brasil","status":"publish","type":"post","link":"https:\/\/www.iesuscaritas.org\/pt\/documentos\/portugues-boletim-das-fraternidades-159-brasil\/","title":{"rendered":"Boletim das Fraternidades, 159. Brasil"},"content":{"rendered":"<p>BOLETIM DA FRATERNIDADE SACERDOTAL JESUS C\u00c1RITAS &#8230; 01<\/p>\n<p>RESPONS\u00c1VEIS &#8230; 02<\/p>\n<p>SERVI\u00c7OS &#8230; 04<\/p>\n<p>SUM\u00c1RIO &#8230; 05<\/p>\n<p>DA REDA\u00c7\u00c3O<br \/>\nApresenta\u00e7\u00e3o &#8230; 06<\/p>\n<p>ECOS DA ASSEMBLEIA DE CEBU<br \/>\nCarta do Respons\u00e1vel Internacional aos Irm\u00e3os do Mundo &#8230; 08<\/p>\n<p>ESPIRITUALIDADE DO IRM\u00c3O CARLOS<br \/>\nA Import\u00e2ncia da Revis\u00e3o de Vida &#8230; 18<br \/>\nSete palavras para refletir sobre a Li\u00e7\u00e3o de gratuidade do Charles de Foucauld &#8230; 30<\/p>\n<p>NOT\u00cdCIAS<br \/>\nVotos Perp\u00e9tuos dos Irm\u00e3ozinhos Rafael e Norbert em Burquina Faso &#8230; 39<br \/>\nDo Encontro do Conselho Nacional &#8230; 42<br \/>\n15 compromissos do Pacto das Catacumbas pela CasaComum &#8230; 51<\/p>\n<p>AGENDA 2019 e 2020<br \/>\nRetiro Anual em 2020 \u2013 Caucaia &#8230; 53<br \/>\nOutras datas &#8230; 54<\/p>\n<p>L\u00cd, ASSISTI E INDICO<br \/>\nIndica\u00e7\u00e3o de Livros, Sites e Filmes &#8230; 55<\/p>\n<p>FAM\u00cdLIA ESPIRITUAL DO IRM\u00c3O CARLOS DE FOUCAULD NO BRASIL &#8230; 56<\/p>\n<h2>Descarregue a boletim em PDF<\/h2>\n<p><a href=\"https:\/\/www.iesuscaritas.org\/wp-content\/uploads\/2019\/12\/boletim-das-fraternidades-n-159.pdf\" target=\"_blank\" rel=\"noopener noreferrer\"><img loading=\"lazy\" decoding=\"async\" class=\"aligncenter size-full wp-image-1916\" src=\"https:\/\/www.iesuscaritas.org\/wp-content\/uploads\/2016\/08\/pdf100x100.png\" alt=\"\" width=\"100\" height=\"100\" \/><\/a><\/p>","protected":false},"excerpt":{"rendered":"<p>BOLETIM DA FRATERNIDADE SACERDOTAL JESUS C\u00c1RITAS &#8230; 01 RESPONS\u00c1VEIS &#8230; 02 SERVI\u00c7OS &#8230; 04 SUM\u00c1RIO &#8230; 05 DA REDA\u00c7\u00c3O Apresenta\u00e7\u00e3o &#8230; 06 ECOS DA ASSEMBLEIA DE CEBU Carta do Respons\u00e1vel <a class=\"more-link\" href=\"https:\/\/www.iesuscaritas.org\/pt\/documentos\/portugues-boletim-das-fraternidades-159-brasil\/\">Continue Reading &rarr;<\/a><\/p>\n","protected":false},"author":1,"featured_media":0,"comment_status":"closed","ping_status":"open","sticky":false,"template":"","format":"standard","meta":{"footnotes":""},"categories":[78],"tags":[],"class_list":["post-4207","post","type-post","status-publish","format-standard","hentry","category-documentos"],"_links":{"self":[{"href":"https:\/\/www.iesuscaritas.org\/pt\/wp-json\/wp\/v2\/posts\/4207","targetHints":{"allow":["GET"]}}],"collection":[{"href":"https:\/\/www.iesuscaritas.org\/pt\/wp-json\/wp\/v2\/posts"}],"about":[{"href":"https:\/\/www.iesuscaritas.org\/pt\/wp-json\/wp\/v2\/types\/post"}],"author":[{"embeddable":true,"href":"https:\/\/www.iesuscaritas.org\/pt\/wp-json\/wp\/v2\/users\/1"}],"replies":[{"embeddable":true,"href":"https:\/\/www.iesuscaritas.org\/pt\/wp-json\/wp\/v2\/comments?post=4207"}],"version-history":[{"count":3,"href":"https:\/\/www.iesuscaritas.org\/pt\/wp-json\/wp\/v2\/posts\/4207\/revisions"}],"predecessor-version":[{"id":4211,"href":"https:\/\/www.iesuscaritas.org\/pt\/wp-json\/wp\/v2\/posts\/4207\/revisions\/4211"}],"wp:attachment":[{"href":"https:\/\/www.iesuscaritas.org\/pt\/wp-json\/wp\/v2\/media?parent=4207"}],"wp:term":[{"taxonomy":"category","embeddable":true,"href":"https:\/\/www.iesuscaritas.org\/pt\/wp-json\/wp\/v2\/categories?post=4207"},{"taxonomy":"post_tag","embeddable":true,"href":"https:\/\/www.iesuscaritas.org\/pt\/wp-json\/wp\/v2\/tags?post=4207"}],"curies":[{"name":"wp","href":"https:\/\/api.w.org\/{rel}","templated":true}]}}