{"id":3640,"date":"2018-12-20T21:06:36","date_gmt":"2018-12-20T20:06:36","guid":{"rendered":"https:\/\/www.iesuscaritas.org\/?p=3640"},"modified":"2018-12-26T18:41:49","modified_gmt":"2018-12-26T17:41:49","slug":"wend-be-ne-do-burkina-faso-informe-diciembre-2018","status":"publish","type":"post","link":"https:\/\/www.iesuscaritas.org\/pt\/documentos\/wend-be-ne-do-burkina-faso-informe-diciembre-2018\/","title":{"rendered":"WEND BE NE DO, Burkina Faso: Informe de Dezembro de 2018"},"content":{"rendered":"<p><\/p>\n<p style=\"text-align: justify;\">Relat\u00f3rio da visita seguimento do projeto WEND BE NE DO (WBND) em Burkina Faso, dos cooperantes Carlos LLANO, Alberto HERNANDIS, Andr\u00e9s Pedro MU\u00d1OZ e Aurelio SANZ, da Fundaci\u00f3n Tienda Asilo de San Pedro de Cartagena (FTASP), Espanha, em dezembro de 2018.<\/p>\n<p style=\"text-align: justify;\"><a href=\"https:\/\/www.iesuscaritas.org\/wp-content\/uploads\/2018\/12\/wbnd-dic-2018.jpg\"><img loading=\"lazy\" decoding=\"async\" class=\"aligncenter size-large wp-image-3641\" src=\"https:\/\/www.iesuscaritas.org\/wp-content\/uploads\/2018\/12\/wbnd-dic-2018-1024x640.jpg\" alt=\"\" width=\"678\" height=\"424\" srcset=\"https:\/\/www.iesuscaritas.org\/wp-content\/uploads\/2018\/12\/wbnd-dic-2018-1024x640.jpg 1024w, https:\/\/www.iesuscaritas.org\/wp-content\/uploads\/2018\/12\/wbnd-dic-2018-300x188.jpg 300w, https:\/\/www.iesuscaritas.org\/wp-content\/uploads\/2018\/12\/wbnd-dic-2018-768x480.jpg 768w, https:\/\/www.iesuscaritas.org\/wp-content\/uploads\/2018\/12\/wbnd-dic-2018.jpg 1600w\" sizes=\"auto, (max-width: 678px) 100vw, 678px\" \/><\/a>WBND tem j\u00e1 uma trajet\u00f3ria de treze anos em Burkina Faso, sendo um referente como projeto de aten\u00e7\u00e3o a pessoas afetadas pelo VIH-sida nesta zona africana castigada pela pobreza, a corru\u00e7\u00e3o, a inseguridade\u2026 271 adultos e 341 crian\u00e7as, adolescentes e jovens s\u00e3o nossa preocupa\u00e7\u00e3o para mais de sessenta volunt\u00e1rios em Espanha, sete em Burkina Faso e a equipe local formada por cinco pessoas. \u201cEstar com\u201d, acompanhar, p\u00f4r-nos em sua pele, n\u00e3o permanecer insens\u00edveis ante o sofrimento alheio, participar de sua alegria: isso \u00e9 WBND.<\/p>\n<p><a href=\"https:\/\/www.iesuscaritas.org\/wp-content\/uploads\/2018\/12\/Info-WBND-dezembro-2018-port.pdf\" target=\"_blank\" rel=\"noopener\"><img loading=\"lazy\" decoding=\"async\" class=\"aligncenter size-full wp-image-1916\" src=\"https:\/\/www.iesuscaritas.org\/wp-content\/uploads\/2016\/08\/pdf100x100.png\" alt=\"\" width=\"100\" height=\"100\" \/><\/a><\/p>","protected":false},"excerpt":{"rendered":"<p>Relat\u00f3rio da visita seguimento do projeto WEND BE NE DO (WBND) em Burkina Faso, dos cooperantes Carlos LLANO, Alberto HERNANDIS, Andr\u00e9s Pedro MU\u00d1OZ e Aurelio SANZ, da Fundaci\u00f3n Tienda Asilo <a class=\"more-link\" href=\"https:\/\/www.iesuscaritas.org\/pt\/documentos\/wend-be-ne-do-burkina-faso-informe-diciembre-2018\/\">Continue Reading &rarr;<\/a><\/p>\n","protected":false},"author":1,"featured_media":0,"comment_status":"open","ping_status":"open","sticky":false,"template":"","format":"standard","meta":{"footnotes":""},"categories":[78],"tags":[],"class_list":["post-3640","post","type-post","status-publish","format-standard","hentry","category-documentos"],"_links":{"self":[{"href":"https:\/\/www.iesuscaritas.org\/pt\/wp-json\/wp\/v2\/posts\/3640","targetHints":{"allow":["GET"]}}],"collection":[{"href":"https:\/\/www.iesuscaritas.org\/pt\/wp-json\/wp\/v2\/posts"}],"about":[{"href":"https:\/\/www.iesuscaritas.org\/pt\/wp-json\/wp\/v2\/types\/post"}],"author":[{"embeddable":true,"href":"https:\/\/www.iesuscaritas.org\/pt\/wp-json\/wp\/v2\/users\/1"}],"replies":[{"embeddable":true,"href":"https:\/\/www.iesuscaritas.org\/pt\/wp-json\/wp\/v2\/comments?post=3640"}],"version-history":[{"count":6,"href":"https:\/\/www.iesuscaritas.org\/pt\/wp-json\/wp\/v2\/posts\/3640\/revisions"}],"predecessor-version":[{"id":3662,"href":"https:\/\/www.iesuscaritas.org\/pt\/wp-json\/wp\/v2\/posts\/3640\/revisions\/3662"}],"wp:attachment":[{"href":"https:\/\/www.iesuscaritas.org\/pt\/wp-json\/wp\/v2\/media?parent=3640"}],"wp:term":[{"taxonomy":"category","embeddable":true,"href":"https:\/\/www.iesuscaritas.org\/pt\/wp-json\/wp\/v2\/categories?post=3640"},{"taxonomy":"post_tag","embeddable":true,"href":"https:\/\/www.iesuscaritas.org\/pt\/wp-json\/wp\/v2\/tags?post=3640"}],"curies":[{"name":"wp","href":"https:\/\/api.w.org\/{rel}","templated":true}]}}