{"id":3559,"date":"2018-11-30T18:23:49","date_gmt":"2018-11-30T17:23:49","guid":{"rendered":"https:\/\/www.iesuscaritas.org\/?p=3559"},"modified":"2019-01-20T18:55:11","modified_gmt":"2019-01-20T17:55:11","slug":"carta-de-adviento-2018-hermano-responsable","status":"publish","type":"post","link":"https:\/\/www.iesuscaritas.org\/pt\/letters\/aurelio-letters\/carta-de-adviento-2018-hermano-responsable\/","title":{"rendered":"Carta de Advento, 2018, irm\u00e3o respons\u00e1vel"},"content":{"rendered":"<p><\/p>\n<p style=\"text-align: justify;\">Queridos irm\u00e3os,<\/p>\n<p style=\"text-align: justify;\"><a href=\"https:\/\/www.iesuscaritas.org\/wp-content\/uploads\/2018\/11\/adviento-2018-02.jpg\"><img loading=\"lazy\" decoding=\"async\" class=\"alignright size-full wp-image-3569\" src=\"https:\/\/www.iesuscaritas.org\/wp-content\/uploads\/2018\/11\/adviento-2018-02.jpg\" alt=\"\" width=\"80\" height=\"244\" \/><\/a>neste dia da festa de nosso irm\u00e3o Carlos iniciamos o Advento: as semanas de esperan\u00e7a que s\u00e3o um reflexo de toda a esperan\u00e7a da humanidade. Nossa humanidade, numa crise permanente, uma crise humanit\u00e1ria em muitos aspectos, d\u00f3i-nos a todos, e n\u00e3o podemos ocult\u00e1-la em nossa Igreja nem permanecer indiferentes. As celebra\u00e7\u00f5es com nossas comunidades, a ora\u00e7\u00e3o pessoal, a vida na fraternidade, sejam de proximidade a essa parte da humanidade que <a href=\"https:\/\/www.iesuscaritas.org\/wp-content\/uploads\/2018\/11\/adviento-2018-01.jpg\"><img loading=\"lazy\" decoding=\"async\" class=\"alignleft size-full wp-image-3568\" src=\"https:\/\/www.iesuscaritas.org\/wp-content\/uploads\/2018\/11\/adviento-2018-01.jpg\" alt=\"\" width=\"259\" height=\"194\" \/><\/a>vivemos em nossos lugares e naqueles que est\u00e3o longe. O Advento nos motiva a escutar a voz que clama no deserto de todos os que levantam sua voz pela superviv\u00eancia, seus desejos de paz, de trabalho, de liberdade. A humanidade continua esperando uma liberta\u00e7\u00e3o; os pobres que esperam salva\u00e7\u00e3o, os amea\u00e7ados pela guerra, os deslocados buscando um lugar seguro\u2026 S\u00e3o milh\u00f5es de pessoas nesta situa\u00e7\u00e3o. Para eles tamb\u00e9m se anuncia Jesus, e n\u00f3s, como mission\u00e1rios, devemos anuncia-lo.<\/p>\n<p style=\"text-align: justify;\">A Igreja vive um momento dif\u00edcil pela crise que provoca a den\u00fancia dos abusos a menores, e o papa Francisco est\u00e1 respondendo com humildade e coragem ante o mundo. Isto \u00e9 um testemunho de procura da verdade. Francisco tamb\u00e9m \u00e9 testemunha da verdade.<\/p>\n<p style=\"text-align: justify;\">Estamos preparando nossa assembleia mundial 2019. Somos chamados a refletir sobre nossa identidade como presb\u00edteros diocesanos mission\u00e1rios no carisma de Carlos de FOUCAULD. \u00c9 uma tarefa de todos os irm\u00e3os, apoiando aos respons\u00e1veis regionais, orando por todos os irm\u00e3os do mundo, pelas fraternidades que se iniciam e pelas que envelhecem.<\/p>\n<h2 style=\"text-align: justify;\">UMA HUMANIDADE EM CRISE<\/h2>\n<p style=\"text-align: justify;\"><a href=\"https:\/\/www.iesuscaritas.org\/wp-content\/uploads\/2018\/11\/adviento-2018-03.jpg\"><img loading=\"lazy\" decoding=\"async\" class=\"alignright size-medium wp-image-3570\" src=\"https:\/\/www.iesuscaritas.org\/wp-content\/uploads\/2018\/11\/adviento-2018-03-300x169.jpg\" alt=\"\" width=\"300\" height=\"169\" srcset=\"https:\/\/www.iesuscaritas.org\/wp-content\/uploads\/2018\/11\/adviento-2018-03-300x169.jpg 300w, https:\/\/www.iesuscaritas.org\/wp-content\/uploads\/2018\/11\/adviento-2018-03-768x432.jpg 768w, https:\/\/www.iesuscaritas.org\/wp-content\/uploads\/2018\/11\/adviento-2018-03-1024x576.jpg 1024w, https:\/\/www.iesuscaritas.org\/wp-content\/uploads\/2018\/11\/adviento-2018-03.jpg 1200w\" sizes=\"auto, (max-width: 300px) 100vw, 300px\" \/><\/a>Todos os dias recebemos m\u00e1s not\u00edcias de homens e mulheres, crian\u00e7as, jovens e idosos, que sofrem por causas que n\u00e3o sempre est\u00e3o claras para a opini\u00e3o p\u00fablica e os meios de comunica\u00e7\u00e3o. Sabemos que depende muitas vezes dos interesses ocultos de pot\u00eancias econ\u00f3micas e dos governos que ocultam realidades muito duras em seus pa\u00edses, mesmo se estes pertencem ao \u201cPrimeiro Mundo\u201d. As v\u00edtimas das guerras, da viol\u00eancia, do narcotr\u00e1fico, da hegemonia do homem sobre a mulher em muitas culturas, as v\u00edtimas da pobreza, clamam neste deserto, onde abundam as vozes pedindo justi\u00e7a. Vozes que se misturam com outras que buscam vingan\u00e7a, o as de \u201caqui n\u00e3o passa nada\u201d, ou \u201cque voltem a seu pa\u00eds\u201d. N\u00f3s tamb\u00e9m temos uma voz: a voz de Jesus, o anunciado pelos profetas. Uma voz que deve nascer de nossa f\u00e9, nossa voca\u00e7\u00e3o mission\u00e1ria, nesse estilo de Nazar\u00e9 que \u00e9 estar com as personas de nossa aldeia ou cidade, com os mais humildes deles, porque s\u00f3 os humildes nos ensinam a ser humildes. O irm\u00e3o Carlos descobriu Jesus no meio da gente simples: apreendamos dele.<\/p>\n<h2 style=\"text-align: justify;\">UM ADVENTO QUE NOS CONVIDA A SER RECETIVOS<\/h2>\n<p style=\"text-align: justify;\">Este tempo de Advento \u00e9 um convite a escutar, a parar o tempo do rel\u00f3gio e, em atitude contemplativa, estar \u00e1 escuta da l Palavra, do sil\u00eancio de Deus na adora\u00e7\u00e3o, e escutar os irm\u00e3os: os irm\u00e3os da fraternidade, os irm\u00e3os sacerdotes de nosso presbit\u00e9rio diocesano <a href=\"https:\/\/www.iesuscaritas.org\/wp-content\/uploads\/2018\/11\/adviento-2018-04.jpg\"><img loading=\"lazy\" decoding=\"async\" class=\"alignleft size-medium wp-image-3571\" src=\"https:\/\/www.iesuscaritas.org\/wp-content\/uploads\/2018\/11\/adviento-2018-04-300x101.jpg\" alt=\"\" width=\"300\" height=\"101\" srcset=\"https:\/\/www.iesuscaritas.org\/wp-content\/uploads\/2018\/11\/adviento-2018-04-300x101.jpg 300w, https:\/\/www.iesuscaritas.org\/wp-content\/uploads\/2018\/11\/adviento-2018-04-768x259.jpg 768w, https:\/\/www.iesuscaritas.org\/wp-content\/uploads\/2018\/11\/adviento-2018-04.jpg 897w\" sizes=\"auto, (max-width: 300px) 100vw, 300px\" \/><\/a>a quem, \u00e1s vezes, nos custa tanto escutar e aceitar porque os preconceitos matam o di\u00e1logo e o encontro; as pessoas que acodem a n\u00f3s buscando respostas a seus problemas, ou os que compartem conosco o trabalho pastoral, social ou, simplesmente, como vizinhos. Abramos a porta, deixemos o melhor canto de nossa casa a quem procura, e n\u00e3o nos acostumemos a una din\u00e2mica de bons conselhos e palavras f\u00e1ceis. Mostrar nossa pobreza, nossas limita\u00e7\u00f5es para reparar \u201cm\u00e1quinas avariadas\u201d, cora\u00e7\u00f5es feridos, \u00e9 deixar Deus fazer. Ele sim, \u00e9 imprescind\u00edvel. Ele cura. Jesus n\u00e3o \u00e9 indiferente a nada, e neste Advento encoraja-nos a abrir o cora\u00e7\u00e3o e deixar-nos inundar pelo amor de Deus e o amor da gente. Recobremos a alegria de seguir Jesus e ajudemos muitas pessoas tristes a transformar seu fracasso em triunfo, a amar-se a si pr\u00f3prias um pouco mais.<\/p>\n<h2 style=\"text-align: justify;\">UMA IGREJA QUE SOFRE<\/h2>\n<p style=\"text-align: justify;\"><a href=\"https:\/\/www.iesuscaritas.org\/wp-content\/uploads\/2018\/11\/adviento-2018-05.jpg\"><img loading=\"lazy\" decoding=\"async\" class=\"alignright size-medium wp-image-3572\" src=\"https:\/\/www.iesuscaritas.org\/wp-content\/uploads\/2018\/11\/adviento-2018-05-300x198.jpg\" alt=\"\" width=\"300\" height=\"198\" srcset=\"https:\/\/www.iesuscaritas.org\/wp-content\/uploads\/2018\/11\/adviento-2018-05-300x198.jpg 300w, https:\/\/www.iesuscaritas.org\/wp-content\/uploads\/2018\/11\/adviento-2018-05-768x507.jpg 768w, https:\/\/www.iesuscaritas.org\/wp-content\/uploads\/2018\/11\/adviento-2018-05.jpg 800w\" sizes=\"auto, (max-width: 300px) 100vw, 300px\" \/><\/a>Estamos todos sofrendo as consequ\u00eancias dos abusos a menores ocultados em muitas dioceses do mundo. A Igreja perde credibilidade, garantias, etc. Poder\u00edamos dizer que sempre aconteceu assim, que isto era inevit\u00e1vel\u2026 N\u00e3o seriamos fi\u00e9is \u00e1 verdade. Sabemos que esta crise aberta ainda n\u00e3o se fechou. Nosso papa Francisco est\u00e1 sofrendo tamb\u00e9m por todo isso, e est\u00e1 dando a cara ante o mundo, pedindo perd\u00e3o em nome dos que fizeram mal a outros, escutando, abrindo caminhos de solu\u00e7\u00e3o para uma justi\u00e7a em favor das v\u00edtimas, e este homem merece nosso apoio. Vivamos em comunh\u00e3o com o papa Francisco, com inimigos em sua pr\u00f3pria Igreja, mas com o apoio de toda a gente de bem, sejam eles crentes ou n\u00e3o, que veem em Francisco um profeta de nosso tempo, um homem coerente que, a pesar de ser \u201cchefe de Estado\u201d, \u00e9 um ser humano sens\u00edvel ao sofrimento da humanidade. Eu estou certo que, de toda esta crise, vai sair algo muito positivo para a vida da Igreja y o an\u00fancio do Reino. Unamos nossa ora\u00e7\u00e3o para fazer fraternidade com o papa, desde onde estamos.<\/p>\n<h2 style=\"text-align: justify;\">O 1 DE DEZEMBRO<\/h2>\n<p style=\"text-align: justify;\"><a href=\"https:\/\/www.iesuscaritas.org\/wp-content\/uploads\/2018\/11\/adviento-2018-06.jpg\"><img loading=\"lazy\" decoding=\"async\" class=\"alignright size-medium wp-image-3581\" src=\"https:\/\/www.iesuscaritas.org\/wp-content\/uploads\/2018\/11\/adviento-2018-06-300x225.jpg\" alt=\"\" width=\"300\" height=\"225\" srcset=\"https:\/\/www.iesuscaritas.org\/wp-content\/uploads\/2018\/11\/adviento-2018-06-300x225.jpg 300w, https:\/\/www.iesuscaritas.org\/wp-content\/uploads\/2018\/11\/adviento-2018-06.jpg 709w\" sizes=\"auto, (max-width: 300px) 100vw, 300px\" \/><\/a>Faz 102 anos Carlos de FOUCAULD p\u00f4s-se definitivamente nas m\u00e3os do Pai. Hoje \u00e9 um dia para dar gra\u00e7as a Deus por ele, pelo que nos transmitiu com suas intui\u00e7\u00f5es, pela miss\u00e3o que realizou junto \u00e1s pessoas que foram seus vizinhos, por seus sonhos de louco. O irm\u00e3o Carlos nos ajuda em nossa voca\u00e7\u00e3o e nossa espiritualidade a viver a amizade com Jesus e com a gente, no Nazar\u00e9 que cada um de n\u00f3s vivemos, com nossa idade e vontade de viver, no sil\u00eancio e no an\u00fancio. \u00c9 uma prenda de Deus que merece nossa a\u00e7\u00e3o de gra\u00e7as continuamente. Tenhamos um tempo para valorar este dom: ponhamos na adora\u00e7\u00e3o deste dia perante Jesus tudo o que nos chegou de Carlos de FOUCAULD que, provavelmente, no sejam tanto seus escritos espirituais como seu testemunho de vida, de amor, de abandono, de confian\u00e7a e generosidade.<\/p>\n<p style=\"text-align: justify;\">Fa\u00e7amos a Ora\u00e7\u00e3o de Abandono embora nos custe aceitar que estamos longe ainda de a fazer nossa completamente.<\/p>\n<h2 style=\"text-align: justify;\">NOSSA ASSEMBLEIA MUNDIAL<\/h2>\n<p style=\"text-align: justify;\">Do 15 ao 30 de janeiro de 2019 celebraremos nossa Assembleia Mundial da fraternidade em Cebu, Filipinas. O tema central \u00e9 aprofundar em nosso car\u00e1ter de presb\u00edteros diocesanos mission\u00e1rios no carisma de Carlos de FOUCAULD. Tudo o que se refere \u00e1 assembleia est\u00e1 anunciado em nosso site iesuscaritas.org<\/p>\n<p style=\"text-align: justify;\"><a href=\"https:\/\/www.iesuscaritas.org\/wp-content\/uploads\/2018\/11\/adviento-2018-07.jpg\"><img loading=\"lazy\" decoding=\"async\" class=\"alignleft size-full wp-image-3574\" src=\"https:\/\/www.iesuscaritas.org\/wp-content\/uploads\/2018\/11\/adviento-2018-07.jpg\" alt=\"\" width=\"200\" height=\"240\" \/><\/a>Na barra verde de in\u00edcio se encontra o question\u00e1rio preparat\u00f3rio, programa da assembleia, a folha de inscri\u00e7\u00e3o\u2026 At\u00e9 agora s\u00e3o poucas as inscri\u00e7\u00f5es recebidas e s\u00f3 um continente (Am\u00e9rica) apresentou as respostas ao question\u00e1rio, bem como algumas fraternidades regionais. \u00c9 conveniente que n\u00e3o deixemos para o \u00faltimo momento estas tarefas. Coragem com tudo. Eu sei que todos estamos muito ocupados e temos pouco tempo. Fa\u00e7amos um esfor\u00e7o. Me enche de alegria receber correios com inscri\u00e7\u00f5es e respostas ao question\u00e1rio, e compreendo as dificuldades que isto sup\u00f5e para algumas fraternidades.<\/p>\n<p style=\"text-align: justify;\">\u00c1 assembleia assistir\u00e3o todos os respons\u00e1veis regionais ou delegados, anteriores respons\u00e1veis internacionais e os respons\u00e1veis continentais. Alguns de nossos irm\u00e3os n\u00e3o podem pagar suas viagens, pelas situa\u00e7\u00f5es de seu pa\u00eds. A fraternidade mundial assume estas despesas na medida do poss\u00edvel, mas atualmente \u00e9 muito dif\u00edcil poder chegar a cobrir todas as necessidades. Algumas fraternidades de Europa e Am\u00e9rica responderam pagando o bilhete de um irm\u00e3o da \u00c1frica, da pr\u00f3pria Am\u00e9rica\u2026 Obrigado. Pe\u00e7o \u00e1s fraternidades vossa disponibilidade para ajudar em sua viagem irm\u00e3os de Haiti, Burkina Faso, Rep\u00fablica Centro-africana, Chade, Congo, Camar\u00f5es, Ruanda, Madagascar, Paquist\u00e3o, \u00cdndia, Bangladesh, que ainda n\u00e3o tem seu bilhete de a\u00e9reo. \u00c9 um esfor\u00e7o importante que far\u00e1 poss\u00edvel a presen\u00e7a e participa\u00e7\u00e3o destes irm\u00e3os em Filipinas.<\/p>\n<p style=\"text-align: justify;\">Obrigado aos irm\u00e3os filipinos por todo o trabalho no lugar para tornar poss\u00edvel a assembleia, e confiemos na boa vontade de todos os irm\u00e3os do mundo em demostrar que a fraternidade \u00e9 algo mais que um grupo de padres, uma forma de espiritualidade: \u00e9 compartir o que temos. Obrigado.<\/p>\n<p style=\"text-align: justify;\">Nosso pr\u00f3ximo irm\u00e3o respons\u00e1vel, que elegeremos em Cebu, e sua nova equipe nos ajudar\u00e3o a continuar fazendo poss\u00edvel a fraternidade desde nossas realidades e sonhos.<\/p>\n<h2 style=\"text-align: justify;\">UM PASSO PARA O NATAL<\/h2>\n<p style=\"text-align: justify;\"><a href=\"https:\/\/www.iesuscaritas.org\/wp-content\/uploads\/2018\/11\/adviento-2018-08.jpg\"><img loading=\"lazy\" decoding=\"async\" class=\"alignleft size-medium wp-image-3575\" src=\"https:\/\/www.iesuscaritas.org\/wp-content\/uploads\/2018\/11\/adviento-2018-08-300x199.jpg\" alt=\"\" width=\"300\" height=\"199\" srcset=\"https:\/\/www.iesuscaritas.org\/wp-content\/uploads\/2018\/11\/adviento-2018-08-300x199.jpg 300w, https:\/\/www.iesuscaritas.org\/wp-content\/uploads\/2018\/11\/adviento-2018-08.jpg 720w\" sizes=\"auto, (max-width: 300px) 100vw, 300px\" \/><\/a>Nestas semanas de prepara\u00e7\u00e3o ao Natal vamos dispor o melhor lugar de nossa vida \u00e0quele que chega para ficar. Os anjos anunciaram aos pastores a Boa Not\u00edcia, e nos anunciam muitas alegrias. Existem anjos que nos chamam \u00e1 porta, ou pelo telefone, ou na rua, e que nos dizem, \u00e1s vezes sem o saberem, que Deus est\u00e1 junto a n\u00f3s. Existem rostos que nos fazem ver Jesus no hospital, na cadeia, nos lugares de acolhimento dos refugiados. Anjos nas pessoas de nossos irm\u00e3os doentes ou muito idosos, que deram tudo pela Igreja, pela fraternidade, pelos pobres. Rostos das pessoas an\u00f3nimas que fazem o bem sem esperar nada em troca. Os anjos da gente simples de nossas par\u00f3quias que nos ajudam na pastoral, ou com sua presen\u00e7a nas celebra\u00e7\u00f5es, ou nos oferecem o melhor que t\u00eam de sua proximidade e amizade. S\u00e3o anjos sem asas, mas com uma voz que ningu\u00e9m pode silenciar.<\/p>\n<p style=\"text-align: justify;\">Com a esperan\u00e7a neste Advento de um mundo melhor, uma Igreja libre de tristezas do passado, uma fraternidade de irm\u00e3os que trabalham nas tarefas do Reino, um mundo renovado pelo esfor\u00e7o pela paz, pelos Direitos Humanos, contra todas as desigualdades, meu desejo de um Natal cheio de Deus, de Jesus irm\u00e3o e amigo. Um grande abra\u00e7o.<\/p>\n<p style=\"text-align: justify;\"><a href=\"https:\/\/www.iesuscaritas.org\/wp-content\/uploads\/2018\/11\/adviento-2018-09.jpg\"><img loading=\"lazy\" decoding=\"async\" class=\"alignright wp-image-3576\" src=\"https:\/\/www.iesuscaritas.org\/wp-content\/uploads\/2018\/11\/adviento-2018-09-273x300.jpg\" alt=\"\" width=\"137\" height=\"150\" srcset=\"https:\/\/www.iesuscaritas.org\/wp-content\/uploads\/2018\/11\/adviento-2018-09-273x300.jpg 273w, https:\/\/www.iesuscaritas.org\/wp-content\/uploads\/2018\/11\/adviento-2018-09.jpg 401w\" sizes=\"auto, (max-width: 137px) 100vw, 137px\" \/><\/a>Aurelio SANZ BAEZA, irm\u00e3o respons\u00e1vel<\/p>\n<p style=\"text-align: justify;\">Per\u00edn, Cartagena, Murcia, Espanha, 1 de dezembro 2018,<br \/>\nfesta do bem-aventurado Carlos de FOUCAULD<\/p>\n<p style=\"text-align: justify;\">(Muito obrigado, irm\u00e3zinha Josefa, para a tradu\u00e7\u00e3o)<\/p>\n<p>PDF: <a href=\"https:\/\/www.iesuscaritas.org\/wp-content\/uploads\/2018\/11\/Carta-de-Advento-2018-irm\u00e3o-respons\u00e1vel-port.pdf\">Carta de Advento, 2018, irm\u00e3o respons\u00e1vel, port<\/a><\/p>","protected":false},"excerpt":{"rendered":"<p>Queridos irm\u00e3os, neste dia da festa de nosso irm\u00e3o Carlos iniciamos o Advento: as semanas de esperan\u00e7a que s\u00e3o um reflexo de toda a esperan\u00e7a da humanidade. Nossa humanidade, numa <a class=\"more-link\" href=\"https:\/\/www.iesuscaritas.org\/pt\/letters\/aurelio-letters\/carta-de-adviento-2018-hermano-responsable\/\">Continue Reading &rarr;<\/a><\/p>\n","protected":false},"author":1,"featured_media":0,"comment_status":"open","ping_status":"open","sticky":false,"template":"","format":"standard","meta":{"footnotes":""},"categories":[5],"tags":[],"class_list":["post-3559","post","type-post","status-publish","format-standard","hentry","category-aurelio-letters"],"_links":{"self":[{"href":"https:\/\/www.iesuscaritas.org\/pt\/wp-json\/wp\/v2\/posts\/3559","targetHints":{"allow":["GET"]}}],"collection":[{"href":"https:\/\/www.iesuscaritas.org\/pt\/wp-json\/wp\/v2\/posts"}],"about":[{"href":"https:\/\/www.iesuscaritas.org\/pt\/wp-json\/wp\/v2\/types\/post"}],"author":[{"embeddable":true,"href":"https:\/\/www.iesuscaritas.org\/pt\/wp-json\/wp\/v2\/users\/1"}],"replies":[{"embeddable":true,"href":"https:\/\/www.iesuscaritas.org\/pt\/wp-json\/wp\/v2\/comments?post=3559"}],"version-history":[{"count":12,"href":"https:\/\/www.iesuscaritas.org\/pt\/wp-json\/wp\/v2\/posts\/3559\/revisions"}],"predecessor-version":[{"id":3591,"href":"https:\/\/www.iesuscaritas.org\/pt\/wp-json\/wp\/v2\/posts\/3559\/revisions\/3591"}],"wp:attachment":[{"href":"https:\/\/www.iesuscaritas.org\/pt\/wp-json\/wp\/v2\/media?parent=3559"}],"wp:term":[{"taxonomy":"category","embeddable":true,"href":"https:\/\/www.iesuscaritas.org\/pt\/wp-json\/wp\/v2\/categories?post=3559"},{"taxonomy":"post_tag","embeddable":true,"href":"https:\/\/www.iesuscaritas.org\/pt\/wp-json\/wp\/v2\/tags?post=3559"}],"curies":[{"name":"wp","href":"https:\/\/api.w.org\/{rel}","templated":true}]}}