{"id":3002,"date":"2018-02-28T21:17:54","date_gmt":"2018-02-28T20:17:54","guid":{"rendered":"http:\/\/www.iesuscaritas.org\/?p=3002"},"modified":"2018-03-03T09:18:57","modified_gmt":"2018-03-03T08:18:57","slug":"portugues-inacio-jose-do-vale-jovens-ateus","status":"publish","type":"post","link":"https:\/\/www.iesuscaritas.org\/pt\/documentos\/portugues-inacio-jose-do-vale-jovens-ateus\/","title":{"rendered":"In\u00e1cio Jos\u00e9 do VALE: Jovens ateus."},"content":{"rendered":"<p><\/p>\n<h3>Ateus j\u00e1 representam 19,4% da popula\u00e7\u00e3o de jovens brasileiros<\/h3>\n<p>Pesquisa feita pela PUC do Rio Grande do Sul sobre a gera\u00e7\u00e3o Y (pessoas solteiras na faixa de 18 a 34 anos) revela no item religi\u00e3o que os ateus s\u00e3o o segundo maior grupo, representando 19,3% desse extrato da popula\u00e7\u00e3o, abaixo dos cat\u00f3licos, com 34,3%.<\/p>\n<p>Em terceiro lugar est\u00e3o os evang\u00e9licos (14,9%), seguidos pelos esp\u00edritas (14,9%), pelo com f\u00e9 sem religi\u00e3o (6,7%) e agn\u00f3sticos (6,2%).<\/p>\n<p>Os jovens ateus est\u00e3o concentrados no Sul e Sudeste. Ate\u00edsmo, agnosticismo e f\u00e9 sem religi\u00e3o representam juntos, 32,14% ou quase um ter\u00e7o do total do segmento.<\/p>\n<p>Gera\u00e7\u00e3o Y \u00e9 um conceito sociol\u00f3gico para delimitar as pessoas que nasceram na \u00e9poca da explos\u00e3o da internet, com abund\u00e2ncia de informa\u00e7\u00e3o e facilidade em seu acesso.<\/p>\n<p><strong>Para 92,9% desses jovens, de acordo com a pesquisa da PUC, o item mais importante no dia a dia \u00e9 ter acesso \u00e0 internet.<\/strong><\/p>\n<h3><a href=\"http:\/\/www.iesuscaritas.org\/wp-content\/uploads\/2018\/03\/4C2E.jpg\"><img loading=\"lazy\" decoding=\"async\" class=\"aligncenter size-full wp-image-3003\" src=\"http:\/\/www.iesuscaritas.org\/wp-content\/uploads\/2018\/03\/4C2E.jpg\" alt=\"\" width=\"600\" height=\"197\" srcset=\"https:\/\/www.iesuscaritas.org\/wp-content\/uploads\/2018\/03\/4C2E.jpg 600w, https:\/\/www.iesuscaritas.org\/wp-content\/uploads\/2018\/03\/4C2E-300x99.jpg 300w\" sizes=\"auto, (max-width: 600px) 100vw, 600px\" \/><\/a>Gera\u00e7\u00e3o Z dos EUA tem 35% de n\u00e3o afiliados \u00e0 religi\u00e3o<\/h3>\n<p>A Gera\u00e7\u00e3o Z (pessoas nascidas entre 1999-2015) \u00e9 a que apresenta o menor engajamento religioso.<\/p>\n<p>Do total, 35% n\u00e3o est\u00e3o afiliados a nenhuma cren\u00e7a organizada.<\/p>\n<p>Em rela\u00e7\u00e3o \u00e0 Gera\u00e7\u00e3o Mil\u00eanio ou Y (pessoas nascidas entre 1980 e 1998), os n\u00e3o afiliados s\u00e3o 30%.<\/p>\n<p>A pesquisa \u00e9 do Barna Group, uma organiza\u00e7\u00e3o crist\u00e3.<\/p>\n<p>A Gera\u00e7\u00e3o Z \u00e9 tida como a primeira \u201cp\u00f3s-crist\u00e3\u201d.<\/p>\n<p>Entre esses jovens, o n\u00famero de ateus corresponde a 13%, que \u00e9 o dobro da popula\u00e7\u00e3o adulta do pa\u00eds.<\/p>\n<p>Metade dessa gera\u00e7\u00e3o tem a percep\u00e7\u00e3o de que as igrejas rejeitam muitos dos ensinamentos cient\u00edficos.<\/p>\n<h3>Na Isl\u00e2ndia, nenhum jovem cr\u00ea que mundo foi criado por Deus<\/h3>\n<p>O percentual de jovem de at\u00e9 25 anos da Isl\u00e2ndia que creem que o mundo foi criado por Deus \u00e9 0%. Mais de 40% dos jovens afirmam que s\u00e3o ateus.<\/p>\n<p>Do total deles, 93,9% acreditam que o criador do universo \u00e9 o big bang, 6,1% n\u00e3o t\u00eam opini\u00e3o ou acha que a cria\u00e7\u00e3o se deu por outros meios.<\/p>\n<h3>Conclus\u00e3o<\/h3>\n<p>Santo Anselmo de Cantu\u00e1ria deu a uma sua obra o t\u00edtulo de Fides quaerens intellectum, \u201cF\u00e9 em busca da intelig\u00eancia\u201d. Esta obra \u00e9 mais conhecida por Proslogion. Onde n\u00e3o h\u00e1 f\u00e9 e raz\u00e3o a supersti\u00e7\u00e3o e a nega\u00e7\u00e3o da ortodoxia prevalecem. A aus\u00eancia do estudo cient\u00edfico entre a juventude \u00e9 um fato que merece a\u00e7\u00e3o e epistemologia continuada.<\/p>\n<p>Disse S\u00e3o Jo\u00e3o Bosco: \u201cOs jovens n\u00e3o s\u00f3 devem ser amados, mas devem saber que s\u00e3o amados. A primeira felicidade de um menino \u00e9 saber-se amado\u201d. Onde n\u00e3o h\u00e1 amor n\u00e3o h\u00e1 Deus e onde n\u00e3o h\u00e1 afetividade n\u00e3o h\u00e1 acolhida. Amor, f\u00e9, intelig\u00eancia e espiritualidade configuram profundidade na alma dos jovens. Haver\u00e1 sempre a busca das raz\u00f5es da interioridade e da transcend\u00eancia. O cora\u00e7\u00e3o dos jovens clama pela verdade, pelo testemunho coerente, pela vida aut\u00eantica de caridade e pela \u00e9tica intelectual dos l\u00edderes religiosos. Amor e intelig\u00eancia d\u00e3o sentido a vida de f\u00e9 e de comunidade.<\/p>\n<p>Frei In\u00e1cio Jos\u00e9 do Vale<br \/>\nProfessor e Conferencista<br \/>\nSoci\u00f3logo em Ci\u00eancia da Religi\u00e3o<br \/>\nDoutor em Hist\u00f3ria do Cristianismo<br \/>\nFraternidade Sacerdotal Jesus C\u00e1ritas &#8211; Charles de Foucauld<\/p>\n<p>Fontes:<\/p>\n<ul>\n<li><a href=\"http:\/\/www.paulopes.com.br\/2015\/11\/ateus-ja-representam-dezenove-por-cento-populacao-de-jovens-brasileiros.html#more\" target=\"_blank\" rel=\"noopener\">http:\/\/www.paulopes.com.br\/2015\/11\/ateus-ja-representam-dezenove-por-cento-populacao-de-jovens-brasileiros.html#more<\/a><\/li>\n<li><a href=\"http:\/\/www.paulopes.com.br\/2018\/01\/geracao-z-dos-eua-dos-tem-eh-menos-crista.html\" target=\"_blank\" rel=\"noopener\">http:\/\/www.paulopes.com.br\/2018\/01\/geracao-z-dos-eua-dos-tem-eh-menos-crista.html<\/a><\/li>\n<li><a href=\"http:\/\/www.paulopes.com.br\/2018\/01\/na-islandia-nenhum-jovem-cre-que-mundo-foi-criado-por-deus.html#.Wo1u7fnwbIU\" target=\"_blank\" rel=\"noopener\">http:\/\/www.paulopes.com.br\/2018\/01\/na-islandia-nenhum-jovem-cre-que-mundo-foi-criado-por-deus.html#.Wo1u7fnwbIU<\/a><\/li>\n<\/ul>\n<p>PDF: <a href=\"http:\/\/www.iesuscaritas.org\/wp-content\/uploads\/2018\/03\/ateus-ja-representam-19.4-da-populacao-de-jovens-brasileiros.pdf\">ateus-ja-representam-19.4-da-populacao-de-jovens-brasileiros<\/a><\/p>","protected":false},"excerpt":{"rendered":"<p>Ateus j\u00e1 representam 19,4% da popula\u00e7\u00e3o de jovens brasileiros Pesquisa feita pela PUC do Rio Grande do Sul sobre a gera\u00e7\u00e3o Y (pessoas solteiras na faixa de 18 a 34 <a class=\"more-link\" href=\"https:\/\/www.iesuscaritas.org\/pt\/documentos\/portugues-inacio-jose-do-vale-jovens-ateus\/\">Continue Reading &rarr;<\/a><\/p>\n","protected":false},"author":1,"featured_media":0,"comment_status":"open","ping_status":"open","sticky":false,"template":"","format":"standard","meta":{"footnotes":""},"categories":[78],"tags":[],"class_list":["post-3002","post","type-post","status-publish","format-standard","hentry","category-documentos"],"_links":{"self":[{"href":"https:\/\/www.iesuscaritas.org\/pt\/wp-json\/wp\/v2\/posts\/3002","targetHints":{"allow":["GET"]}}],"collection":[{"href":"https:\/\/www.iesuscaritas.org\/pt\/wp-json\/wp\/v2\/posts"}],"about":[{"href":"https:\/\/www.iesuscaritas.org\/pt\/wp-json\/wp\/v2\/types\/post"}],"author":[{"embeddable":true,"href":"https:\/\/www.iesuscaritas.org\/pt\/wp-json\/wp\/v2\/users\/1"}],"replies":[{"embeddable":true,"href":"https:\/\/www.iesuscaritas.org\/pt\/wp-json\/wp\/v2\/comments?post=3002"}],"version-history":[{"count":1,"href":"https:\/\/www.iesuscaritas.org\/pt\/wp-json\/wp\/v2\/posts\/3002\/revisions"}],"predecessor-version":[{"id":3005,"href":"https:\/\/www.iesuscaritas.org\/pt\/wp-json\/wp\/v2\/posts\/3002\/revisions\/3005"}],"wp:attachment":[{"href":"https:\/\/www.iesuscaritas.org\/pt\/wp-json\/wp\/v2\/media?parent=3002"}],"wp:term":[{"taxonomy":"category","embeddable":true,"href":"https:\/\/www.iesuscaritas.org\/pt\/wp-json\/wp\/v2\/categories?post=3002"},{"taxonomy":"post_tag","embeddable":true,"href":"https:\/\/www.iesuscaritas.org\/pt\/wp-json\/wp\/v2\/tags?post=3002"}],"curies":[{"name":"wp","href":"https:\/\/api.w.org\/{rel}","templated":true}]}}