{"id":2941,"date":"2018-01-22T17:36:29","date_gmt":"2018-01-22T16:36:29","guid":{"rendered":"http:\/\/www.iesuscaritas.org\/?p=2941"},"modified":"2018-06-17T12:30:59","modified_gmt":"2018-06-17T10:30:59","slug":"carta-de-bangalore-equipo-inter-17-enero-2018","status":"publish","type":"post","link":"https:\/\/www.iesuscaritas.org\/pt\/internationalteam\/carta-de-bangalore-equipo-inter-17-enero-2018\/","title":{"rendered":"Carta de Bangalore, equipe inter, 17 janeiro 2018"},"content":{"rendered":"<p><\/p>\n<p style=\"text-align: justify;\">Queridos irm\u00e3os,<br \/>\ndesde Bengalore-India enviamos nossa sauda\u00e7\u00e3o fraterna.<\/p>\n<p style=\"text-align: justify;\">Compartilhamos o trabalho realizado em nossa primeira reuni\u00e3o da equipe internacional sem a presen\u00e7a de F\u00e9lix, cuja mem\u00f3ria celebramos e interce\u00e7\u00e3o junto a Deus pedimos.<\/p>\n<p style=\"text-align: justify;\"><a href=\"http:\/\/www.iesuscaritas.org\/wp-content\/uploads\/2018\/01\/bangalore-2018-01.jpg\"><img loading=\"lazy\" decoding=\"async\" class=\"alignright size-medium wp-image-2943\" src=\"http:\/\/www.iesuscaritas.org\/wp-content\/uploads\/2018\/01\/bangalore-2018-01-300x169.jpg\" alt=\"\" width=\"300\" height=\"169\" srcset=\"https:\/\/www.iesuscaritas.org\/wp-content\/uploads\/2018\/01\/bangalore-2018-01-300x169.jpg 300w, https:\/\/www.iesuscaritas.org\/wp-content\/uploads\/2018\/01\/bangalore-2018-01-768x432.jpg 768w, https:\/\/www.iesuscaritas.org\/wp-content\/uploads\/2018\/01\/bangalore-2018-01-1024x576.jpg 1024w, https:\/\/www.iesuscaritas.org\/wp-content\/uploads\/2018\/01\/bangalore-2018-01.jpg 1652w\" sizes=\"auto, (max-width: 300px) 100vw, 300px\" \/><\/a>Apesar das dificuldades que encontramos de Emannuel Asi e Honor\u00e9 n\u00e3o estarem conosco por problemas com o visto de entrada na India, nos sentimos felizes em ter alcan\u00e7ado o objetivo de nossa reuni\u00e3o. Embora n\u00e3o estivessem conosco, mantemos comunica\u00e7\u00e3o com eles e tamb\u00e9m com Artur do Pakist\u00e3o, respons\u00e1vel da \u00c1sia. Gratid\u00e3o a Filipe da Cor\u00e9ia e membros da equipe da \u00c1sia, por compartilharem consosco momentos de fraternidade nestes dias.<\/p>\n<p style=\"text-align: justify;\">Todo nossa agenda de trabalho foi em vista da prepara\u00e7\u00e3o da Assembleia Geral, cuja previs\u00e3o de local era Bengalore-India, contudo por dificuldades com o visto de entrada de v\u00e1rios irm\u00e3os, ficou definido Filipinas como sede da pr\u00f3xima Assembleia.<\/p>\n<p style=\"text-align: justify;\"><a href=\"http:\/\/www.iesuscaritas.org\/wp-content\/uploads\/2018\/01\/bangalore-2018-02.jpg\"><img loading=\"lazy\" decoding=\"async\" class=\"alignleft size-medium wp-image-2944\" src=\"http:\/\/www.iesuscaritas.org\/wp-content\/uploads\/2018\/01\/bangalore-2018-02-300x169.jpg\" alt=\"\" width=\"300\" height=\"169\" srcset=\"https:\/\/www.iesuscaritas.org\/wp-content\/uploads\/2018\/01\/bangalore-2018-02-300x169.jpg 300w, https:\/\/www.iesuscaritas.org\/wp-content\/uploads\/2018\/01\/bangalore-2018-02-768x432.jpg 768w, https:\/\/www.iesuscaritas.org\/wp-content\/uploads\/2018\/01\/bangalore-2018-02-1024x576.jpg 1024w, https:\/\/www.iesuscaritas.org\/wp-content\/uploads\/2018\/01\/bangalore-2018-02.jpg 1652w\" sizes=\"auto, (max-width: 300px) 100vw, 300px\" \/><\/a>Os irm\u00e3os de Bengalore nos cuidaram em todos os momentos. Primeiro estivemos hospedados no Centro de Espiritualidade Franciscana Shanti Sadhana Tcust, ap\u00f3s fomos acolhidos pelos Jesu\u00edtas na casa Archivard. Nosso irm\u00e3o, padre Afonso da fraternidade de Bengalore e respons\u00e1vel pela India foi para n\u00f3s um anjo que nos indicou caminhos e nos auxiliou na log\u00edstica, no tranporte, nos contatos e nas necessidades em geral. Gratid\u00e3o a Afonso e a toda fraternidade presbiteral da India.<\/p>\n<p style=\"text-align: justify;\">Na pauta di\u00e1ria em prepara\u00e7\u00e3o a Assembleia Geral valorizamos as realidades de todos os continentes, bem como: o funcionamentos das fraternidades, as assembleias continentais, o m\u00eas de Nazar\u00e9, as alegrias e desafios de tantos irm\u00e3os pelo mundo.<\/p>\n<p style=\"text-align: justify;\">Padre Mark Mertes apresentou-nos a presta\u00e7\u00e3o de contas de 2017 e or\u00e7amento para Assembleia de 2019, informa\u00e7\u00f5es estas que ser\u00e3o enviadas aos respons\u00e1veis nacionais. Como de costume queremos dar apoio financeiro na compra de bilhetes para Filipinas aos imr\u00e3os de diferentes continentes, para isso pedimos mais uma vez a generosidade da partilha econ\u00f4mica das fraternidades em todo o mundo.<\/p>\n<p style=\"text-align: justify;\">Temos a alegria de ter realizado nestes dias o programa completo para a Assembleia Geral, bem como a defini\u00e7\u00e3o da metodologia e pessoas respons\u00e1veis por cada momento. Hora por hora e dia por dia. Tarefa esta facilitada pelo trabalho em equipe. O objetivo da Assembleia Geral em Filipinas: \u201c<strong>Aprofundar e atualizar a identidade mission\u00e1ria do presb\u00edtero diocesano inspirados no testemunho do beato Carlos de Foucauld, contemplativo e portador da boa not\u00edcia de Jesus<\/strong>\u201d.<\/p>\n<p style=\"text-align: justify;\"><a href=\"http:\/\/www.iesuscaritas.org\/wp-content\/uploads\/2018\/01\/bangalore-2018-03.jpg\"><img loading=\"lazy\" decoding=\"async\" class=\"size-medium wp-image-2945 alignleft\" src=\"http:\/\/www.iesuscaritas.org\/wp-content\/uploads\/2018\/01\/bangalore-2018-03-300x169.jpg\" alt=\"\" width=\"300\" height=\"169\" srcset=\"https:\/\/www.iesuscaritas.org\/wp-content\/uploads\/2018\/01\/bangalore-2018-03-300x169.jpg 300w, https:\/\/www.iesuscaritas.org\/wp-content\/uploads\/2018\/01\/bangalore-2018-03.jpg 768w\" sizes=\"auto, (max-width: 300px) 100vw, 300px\" \/><\/a>O question\u00e1rio de Bengalore, lan\u00e7ado a mais de um ano n\u00e3o obteve muitas respostas. Diversos pa\u00edses n\u00e3o o responderam, por isso pensamos relan\u00e7\u00e1-lo em mar\u00e7o e solicitar aos respons\u00e1veis nacionais que nos ajudem na motiva\u00e7\u00e3o e divulga\u00e7\u00e3o desta tarefa preparat\u00f3ria da Assembleia Geral. Depois de respondido com prazo at\u00e9 junho de 2018 deve ser enviado ao respons\u00e1vel continental Fernando Tapia para formula\u00e7\u00e3o da s\u00edntese geral do continente que ser\u00e1 apresentada na Assembleia. A intens\u00e3o \u00e9 que a Assembleia responda aos desafios de todos e n\u00e3o de alguns.<\/p>\n<p style=\"text-align: justify;\">As grandes diferen\u00e7as sociais e eclesiais entre os continentes nos impulsionam cada vez mais na redescoberta da for\u00e7a da fraternidade presbiteral e do testemunho do beato Carlos de Foucauld, guia para nosso caminho.<\/p>\n<p style=\"text-align: justify;\">Os desafios dos fundamentalismos dentro e fora da Igreja, a falta de di\u00e1logo pol\u00edtico e inter-religioso, a amea\u00e7a de uma guerra nuclear, o crescimento da pobreza em muitos pa\u00edses, a corrup\u00e7\u00e3o dos governos, a explora\u00e7\u00e3o das multinacionais que degradam o planeta, a realidade da viol\u00eancia contra a mulher em tantas partes do mundo e o drama dos refugiados s\u00e3o sinais de morte que n\u00e3o nos devem deixar indiferentes.<\/p>\n<p style=\"text-align: justify;\">O beato Carlos de Foucauld e nosso papa Francisco nos encorajam assumir posturas prof\u00e9ticas diante da humanidade sofrida e ferida. Nossa Assembleia Geral em Filipinas se prop\u00f5e diante dos grandes desafios, cultivar a cultura do encontro e da paz numa Igreja em sa\u00edda \u00e0s periferias e em estado peramente de miss\u00e3o. Nesta realidade queremos aprofundar a ess\u00eancia de nosso minist\u00e9rio ordenado, favorecendo a cultura da esperan\u00e7a.<\/p>\n<p style=\"text-align: justify;\"><a href=\"http:\/\/www.iesuscaritas.org\/wp-content\/uploads\/2018\/01\/bangalore-2018-04.jpg\"><img loading=\"lazy\" decoding=\"async\" class=\"size-medium wp-image-2946 alignright\" src=\"http:\/\/www.iesuscaritas.org\/wp-content\/uploads\/2018\/01\/bangalore-2018-04-300x169.jpg\" alt=\"\" width=\"300\" height=\"169\" srcset=\"https:\/\/www.iesuscaritas.org\/wp-content\/uploads\/2018\/01\/bangalore-2018-04-300x169.jpg 300w, https:\/\/www.iesuscaritas.org\/wp-content\/uploads\/2018\/01\/bangalore-2018-04-768x432.jpg 768w, https:\/\/www.iesuscaritas.org\/wp-content\/uploads\/2018\/01\/bangalore-2018-04-1024x576.jpg 1024w, https:\/\/www.iesuscaritas.org\/wp-content\/uploads\/2018\/01\/bangalore-2018-04.jpg 1652w\" sizes=\"auto, (max-width: 300px) 100vw, 300px\" \/><\/a>Em Bengalore tivemos a oportunidade de compartilhar momentos de ora\u00e7\u00e3o e fraternidade com membros da fam\u00edlia do Ir. Carlos (Irmazinhas de Jesus, fraternidade secular, um irm\u00e3o de Jesus e outro do Evangelho). Experimentamos ser fam\u00edlia de homens e mulheres qeu compartilham um caminho comum.<\/p>\n<p style=\"text-align: justify;\"><a href=\"http:\/\/www.iesuscaritas.org\/wp-content\/uploads\/2018\/01\/bangalore-2018-05.jpg\"><img loading=\"lazy\" decoding=\"async\" class=\"size-medium wp-image-2947 alignleft\" src=\"http:\/\/www.iesuscaritas.org\/wp-content\/uploads\/2018\/01\/bangalore-2018-05-300x167.jpg\" alt=\"\" width=\"300\" height=\"167\" srcset=\"https:\/\/www.iesuscaritas.org\/wp-content\/uploads\/2018\/01\/bangalore-2018-05-300x167.jpg 300w, https:\/\/www.iesuscaritas.org\/wp-content\/uploads\/2018\/01\/bangalore-2018-05-768x428.jpg 768w, https:\/\/www.iesuscaritas.org\/wp-content\/uploads\/2018\/01\/bangalore-2018-05-1024x571.jpg 1024w, https:\/\/www.iesuscaritas.org\/wp-content\/uploads\/2018\/01\/bangalore-2018-05.jpg 1199w\" sizes=\"auto, (max-width: 300px) 100vw, 300px\" \/><\/a>Visitamos o arcebispo de Bengalore, dom Bernardo MORAS que nos situou nos desafios da Igreja local. Tamb\u00e9m tivemos contato com o clero diocesano de algumas par\u00f3quias. Destacamos a import\u00e2ncia do encontro com a fraternciade sacerdotal Jesus Caritas de Bengalore. Juntos copartilhamos a Palavra, a Eucaristia e a conviv\u00eancia fraterna.<\/p>\n<p style=\"text-align: justify;\">Como membros da equipe internacional vivenciamos a experi\u00eancia da fraternidade na ora\u00e7\u00e3o, adora\u00e7\u00e3o e celebra\u00e7\u00e3o da eucaristia. O servi\u00e7o de prepara\u00e7\u00e3o para a Assembleia Geral ocupou a maior parte de nossa agenda. A escuta atenta de cada um e de todos, o apoio e ajuda m\u00fatua s\u00e3o sinais visiv\u00e9is de nossa comunh\u00e3o fraterna.<\/p>\n<p style=\"text-align: justify;\"><a href=\"http:\/\/www.iesuscaritas.org\/wp-content\/uploads\/2018\/01\/bangalore-2018-06.jpg\"><img loading=\"lazy\" decoding=\"async\" class=\"alignleft size-medium wp-image-2948\" src=\"http:\/\/www.iesuscaritas.org\/wp-content\/uploads\/2018\/01\/bangalore-2018-06-300x169.jpg\" alt=\"\" width=\"300\" height=\"169\" srcset=\"https:\/\/www.iesuscaritas.org\/wp-content\/uploads\/2018\/01\/bangalore-2018-06-300x169.jpg 300w, https:\/\/www.iesuscaritas.org\/wp-content\/uploads\/2018\/01\/bangalore-2018-06-768x432.jpg 768w, https:\/\/www.iesuscaritas.org\/wp-content\/uploads\/2018\/01\/bangalore-2018-06-1024x576.jpg 1024w\" sizes=\"auto, (max-width: 300px) 100vw, 300px\" \/><\/a>A polui\u00e7\u00e3o, os ru\u00eddos e o intenso tr\u00e1fego na cidade de Bengalore com mais de seis milh\u00f5es de habitantes foi para n\u00f3s um Nazar\u00e9 que nos fez sair de nosso esquema confort\u00e1vel habitual.<\/p>\n<p style=\"text-align: justify;\">Junto ao question\u00e1rio atualizado de Filipinas ser\u00e1 enviado no pr\u00f3ximo m\u00eas de mar\u00e7o a carta de convoca\u00e7\u00e3o e a ficha de inscri\u00e7\u00e3o para a Assembleia Geral.<\/p>\n<p style=\"text-align: justify;\">Neste ano desejamos estreita comunica\u00e7\u00e3o com os respons\u00e1veis nacionais para alcan\u00e7ar os objetivos previstos neste tempo de discernir caminhos para os pr\u00f3ximos anos.<\/p>\n<p style=\"text-align: justify;\">Comunicamos com alegria que a nova comunidade do Haiti foi aceita com fraternidade Sacerdotal Jesus Caritas ap\u00f3s dois anos de processo. Bem vindo Padre Jonas e irm\u00e3os do Haiti. Tamb\u00e9m estamos em contato com presb\u00edteros da Venezuela para uma poss\u00edvel nova fraternidade.<\/p>\n<p style=\"text-align: justify;\"><a href=\"http:\/\/www.iesuscaritas.org\/wp-content\/uploads\/2018\/01\/bangalore-2018-07.jpg\"><img loading=\"lazy\" decoding=\"async\" class=\"aligncenter size-full wp-image-2949\" src=\"http:\/\/www.iesuscaritas.org\/wp-content\/uploads\/2018\/01\/bangalore-2018-07.jpg\" alt=\"\" width=\"640\" height=\"220\" srcset=\"https:\/\/www.iesuscaritas.org\/wp-content\/uploads\/2018\/01\/bangalore-2018-07.jpg 640w, https:\/\/www.iesuscaritas.org\/wp-content\/uploads\/2018\/01\/bangalore-2018-07-300x103.jpg 300w\" sizes=\"auto, (max-width: 640px) 100vw, 640px\" \/><\/a>Com alegria e esperan\u00e7a centramos nossos esfor\u00e7os em vista da prepara\u00e7\u00e3o da Assembleia Geral para o bem de todas as fraternidades, Igrejas e pessoas que nos acompanham.<\/p>\n<p style=\"text-align: justify;\">Nossa miss\u00e3o \u00e9 encontrar, anunciar e testemunhar Jesus no estilo de Nazar\u00e9, despojado, contemplativo e mission\u00e1rio.<\/p>\n<p style=\"text-align: justify;\">Desde j\u00e1, pedimos qeu todos os irm\u00e3os da fraternidade omprometam-se neste processo. Os irm\u00e3os idosos e enfermos com sua ora\u00e7\u00e3o e os mais ativos com seus servi\u00e7os e carismas. Todos aprendemos de todos. Ningu\u00e9m \u00e9 mestre do outro. Temos um \u00fanico mestre, Jesus.<\/p>\n<p style=\"text-align: justify;\">Novamente gratid\u00e3o aos irm\u00e3os da India, sobretudo Padre Afonso que com generosa acolhida expressa em tantos detalhes e alegria em servir. Tamb\u00e9m gratid\u00e3o aos irm\u00e3os das Filipinas por dizer sim em sediar e acollher a pr\u00f3xima Assembleia Geral.<\/p>\n<p style=\"text-align: justify;\"><a href=\"http:\/\/www.iesuscaritas.org\/wp-content\/uploads\/2018\/01\/bangalore-2018-08.jpg\"><img loading=\"lazy\" decoding=\"async\" class=\"alignright wp-image-2950 size-medium\" src=\"http:\/\/www.iesuscaritas.org\/wp-content\/uploads\/2018\/01\/bangalore-2018-08-300x185.jpg\" alt=\"\" width=\"300\" height=\"185\" srcset=\"https:\/\/www.iesuscaritas.org\/wp-content\/uploads\/2018\/01\/bangalore-2018-08-300x185.jpg 300w, https:\/\/www.iesuscaritas.org\/wp-content\/uploads\/2018\/01\/bangalore-2018-08-768x473.jpg 768w, https:\/\/www.iesuscaritas.org\/wp-content\/uploads\/2018\/01\/bangalore-2018-08-1024x631.jpg 1024w, https:\/\/www.iesuscaritas.org\/wp-content\/uploads\/2018\/01\/bangalore-2018-08.jpg 1070w\" sizes=\"auto, (max-width: 300px) 100vw, 300px\" \/><\/a>Abra\u00e7o fraterno de<\/p>\n<p style=\"text-align: justify;\">Mark, Maur\u00edcio, Aur\u00e9lio e Jean-Francois<\/p>\n<p style=\"text-align: justify;\">Bangalore, India, 17 janeiro 2018<\/p>\n<p>&nbsp;<\/p>\n<p>&nbsp;<\/p>\n<p><a href=\"http:\/\/www.iesuscaritas.org\/wp-content\/uploads\/2018\/01\/bangalore-2018-09.jpg\"><img loading=\"lazy\" decoding=\"async\" class=\"aligncenter size-medium wp-image-2951\" src=\"http:\/\/www.iesuscaritas.org\/wp-content\/uploads\/2018\/01\/bangalore-2018-09-300x202.jpg\" alt=\"\" width=\"300\" height=\"202\" srcset=\"https:\/\/www.iesuscaritas.org\/wp-content\/uploads\/2018\/01\/bangalore-2018-09-300x202.jpg 300w, https:\/\/www.iesuscaritas.org\/wp-content\/uploads\/2018\/01\/bangalore-2018-09.jpg 379w\" sizes=\"auto, (max-width: 300px) 100vw, 300px\" \/><\/a><\/p>\n<p>PDF: <a href=\"http:\/\/www.iesuscaritas.org\/wp-content\/uploads\/2018\/01\/Carta-de-Bangalore-equipe-inter-17-janeiro-2018-port.pdf\">Carta de Bangalore, equipe inter, 17 janeiro 2018, port<\/a><\/p>","protected":false},"excerpt":{"rendered":"<p>Queridos irm\u00e3os, desde Bengalore-India enviamos nossa sauda\u00e7\u00e3o fraterna. Compartilhamos o trabalho realizado em nossa primeira reuni\u00e3o da equipe internacional sem a presen\u00e7a de F\u00e9lix, cuja mem\u00f3ria celebramos e interce\u00e7\u00e3o junto <a class=\"more-link\" href=\"https:\/\/www.iesuscaritas.org\/pt\/internationalteam\/carta-de-bangalore-equipo-inter-17-enero-2018\/\">Continue Reading &rarr;<\/a><\/p>\n","protected":false},"author":1,"featured_media":0,"comment_status":"open","ping_status":"open","sticky":false,"template":"","format":"standard","meta":{"footnotes":""},"categories":[43],"tags":[],"class_list":["post-2941","post","type-post","status-publish","format-standard","hentry","category-internationalteam"],"_links":{"self":[{"href":"https:\/\/www.iesuscaritas.org\/pt\/wp-json\/wp\/v2\/posts\/2941","targetHints":{"allow":["GET"]}}],"collection":[{"href":"https:\/\/www.iesuscaritas.org\/pt\/wp-json\/wp\/v2\/posts"}],"about":[{"href":"https:\/\/www.iesuscaritas.org\/pt\/wp-json\/wp\/v2\/types\/post"}],"author":[{"embeddable":true,"href":"https:\/\/www.iesuscaritas.org\/pt\/wp-json\/wp\/v2\/users\/1"}],"replies":[{"embeddable":true,"href":"https:\/\/www.iesuscaritas.org\/pt\/wp-json\/wp\/v2\/comments?post=2941"}],"version-history":[{"count":16,"href":"https:\/\/www.iesuscaritas.org\/pt\/wp-json\/wp\/v2\/posts\/2941\/revisions"}],"predecessor-version":[{"id":2976,"href":"https:\/\/www.iesuscaritas.org\/pt\/wp-json\/wp\/v2\/posts\/2941\/revisions\/2976"}],"wp:attachment":[{"href":"https:\/\/www.iesuscaritas.org\/pt\/wp-json\/wp\/v2\/media?parent=2941"}],"wp:term":[{"taxonomy":"category","embeddable":true,"href":"https:\/\/www.iesuscaritas.org\/pt\/wp-json\/wp\/v2\/categories?post=2941"},{"taxonomy":"post_tag","embeddable":true,"href":"https:\/\/www.iesuscaritas.org\/pt\/wp-json\/wp\/v2\/tags?post=2941"}],"curies":[{"name":"wp","href":"https:\/\/api.w.org\/{rel}","templated":true}]}}