{"id":232,"date":"2014-02-25T19:17:32","date_gmt":"2014-02-25T18:17:32","guid":{"rendered":"http:\/\/www.iesuscaritas.org\/?p=232"},"modified":"2014-03-23T21:17:01","modified_gmt":"2014-03-23T20:17:01","slug":"carta-adviento-2013-hermano-responsable","status":"publish","type":"post","link":"https:\/\/www.iesuscaritas.org\/pt\/letters\/aurelio-letters\/carta-adviento-2013-hermano-responsable\/","title":{"rendered":"Carta Advento 2013 Irm\u00e2o Respons\u00e1vel"},"content":{"rendered":"<p>CARTA DE ADVENTO 2013 IRM\u00c2O RESPONS\u00c1VEL<br \/>\nFRATERNIDADE SACERDOTAL IESUS CARITAS<br \/>\nQueridos irm\u00e3os,<br \/>\nquando tiverdes esta carta nas m\u00e3os estaremos<br \/>\ncelebrando, ou teremos j\u00e1 celebrado, o anivers\u00e1rio da P\u00e1scoa do irm\u00e3o Carlos, in\u00edcio tamb\u00e9m do Advento. A atualidade da sua mensagem para a nossa Igreja hoje \u00e9 indiscut\u00edvel. N\u00e3o \u00e9 s\u00f3 uma mensagem espiritual, uma forma de viver a Fe: \u00e9 uma maneira de viver. Viver Nazar\u00e9 junto a crentes e n\u00e3o crentes, na pr\u00f3pria cultura ou participando de outra totalmente diferente, ser presen\u00e7a de Jesus vivo n\u00e3o tanto pelos sinais religiosos como pela proximidade \u00e1s pessoas, sem ser ningu\u00e9m especial.<br \/>\nDe acordo com o carisma do irm\u00e3o Carlos, o papa Francisco diz que temos que ir \u00e1s periferias, onde n\u00e3o se ouve falar de Deus, onde est\u00e3o as pessoas mais abandonadas, que nem sequer expressam o seu desejo de conhecer Deus, ou vivem a sua Fe desde religi\u00f5es diferentes da<br \/>\nnossa, ou onde o deus do dinheiro imp\u00f5e as suas normas e<br \/>\na sua \u201cliturgia\u201d. Cada um de n\u00f3s sabe quais s\u00e3o essas<br \/>\nperiferias. A linguagem e o testemunho do papa chegam<br \/>\nem verdade aos pobres, e sabemos que incomoda muitos<br \/>\neclesi\u00e1sticos e poderosos. Outros pensam que \u00e9 um<br \/>\ndemagogo e um populista&#8230; as reformas n\u00e3o sempre s\u00e3o<br \/>\napreciadas por toda a gente, porque nos tiram de nossa<br \/>\ncomodidade e instala\u00e7\u00e3o. \u00c9 um chamado a revisar tamb\u00e9m<br \/>\nn\u00f3s se queremos ser reformados, reciclados, convertidos, e<br \/>\nquais as resist\u00eancias que encontramos em n\u00f3s pr\u00f3prios. Voltar a Nazar\u00e9, fazer- se peregrino, embora vivamos sempre na mesma casa&#8230;<br \/>\nSeguimos com preocupa\u00e7\u00e3o a situa\u00e7\u00e3o dos irm\u00e3os que t\u00eam problemas nos seus pa\u00edses, por diferentes causas: Filipinas, Rep\u00fablica Centro- africana, Honduras&#8230; Rezamos por eles e pela sua gente.<br \/>\nParticipei no m\u00eas de Junho no retiro com a fraternidade de Argentina; em outubro, com os irm\u00e3os do Chile. Estes irm\u00e3os latinos s\u00e3o \u201cbravos\u201d e lutadores. Com esperan\u00e7a e alegria est\u00e3o prontos para colaborar na prepara\u00e7\u00e3o da pr\u00f3xima Assembleia Pan-americana, tal vez em 2015. Em Janeiro de 2014 encontrar-me-ei pela primeira vez com a fraternidade do M\u00e9xico no seu retiro anual e este ser\u00e1 outro momento interessante para consolidar os nossos v\u00ednculos como irm\u00e3os. A fraternidade de It\u00e1lia acolheu-me como peregrino na sua assembleia em Loreto, Ancona, no m\u00eas de Novembro e pude partilhar com eles as suas realidades, sonhos, inquieta\u00e7\u00f5es, a experi\u00eancia de alguns irm\u00e3os<br \/>\n\ufffc\ufffc\ufffc<br \/>\n\ufffc\ufffc\ufffc\ufffc\ufffc\ufffc\ufffc\ufffcmais velhos que estiveram nos in\u00edcios da Fraternidade, e que para mim foi uma li\u00e7\u00e3o de humildade e de sabedoria.<br \/>\nEste Advento, momento mesmo adequado para reservar um ou v\u00e1rios dias para o deserto, na disposi\u00e7\u00e3o de estar \u00e1 escuta, dando tempo ao Senhor na solid\u00e3o, esperando nele, e n\u00e3o nas nossas \u201cmontagens\u201d interiores. Giovanni ZANINELLI, irm\u00e3o da fraternidade italiana, confia-me este<br \/>\nseu pensamento depois do dia de deserto em Loreto,<br \/>\ndurante a Assembleia: \u201cO sil\u00eancio era o lugar de Deus,<br \/>\nmas eu n\u00e3o podia ouvir a sua voz. Parecia sentir no<br \/>\nmeu esp\u00edrito uma sensa\u00e7\u00e3o de vazio, mas ao mesmo<br \/>\ntempo de calma e serenidade: um sinal da proximidade<br \/>\nde Deus, da sua presen\u00e7a. Provavelmente Deus fala<br \/>\nassim. Quando Deus n\u00e3o fala \u00e9 porque n\u00e3o lhe damos<br \/>\na oportunidade de falar. Enchemos todo o tempo com nossas peti\u00e7\u00f5es e preocupa\u00e7\u00f5es. Falamos e n\u00e3o deixamos falar. Ent\u00e3o reparas na pequena ora\u00e7\u00e3o de Samuel: \u201cFala, Senhor, que teu servo escuta\u201d. Deus n\u00e3o fala porque n\u00e3o sabemos esperar, e esperar na sua palavra.\u201d<br \/>\nO deserto \u00e9 essencial para a nossa vida interior e para a vida da fraternidade. O deserto e a adora\u00e7\u00e3o fazem-nos crescer na amizade com Jesus e na amizade com os outros. Uma fraternidade de amigos-irm\u00e3os \u00e9 o pequeno cen\u00e1culo onde n\u00e3o somente nos reunimos para rezar, mas tamb\u00e9m para ler as nossas vidas, e deixar que os outros leiam o nosso cora\u00e7\u00e3o, como<br \/>\num momento contemplativo.<br \/>\nNo \u00faltimo fim de semana de novembro celebramos o<br \/>\nencontro da Fam\u00edlia de Carlos de FOUCAULD de Andaluzia e M\u00farcia, em Espanha, em que nos acompanhou Marc HAYET, que foi prior dos Irm\u00e3os de Jesus, com o tema \u201cFazer-se pequeno para fazer-se irm\u00e3o\u201d. A experi\u00eancia das fraternidades, das pessoas, a partilha na ora\u00e7\u00e3o, a festa e a palavra, e a escuta de Marc, ajudaram-nos a aprofundar na espiritualidade, a mensagem, as op\u00e7\u00f5es e a vis\u00e3o de futuro do irm\u00e3o Carlos. Impressionou-nos<br \/>\nespecialmente o testemunho de um companheiro mu\u00e7ulmano de trabalho: \u201cSe quiser perdoar, tenho que mudar todas as minhas leis interiores\u201d. C\u00e1 fica isto&#8230;<br \/>\nSanto e vital Advento para todos. Alegre e fraternal Natal para todos. Que a nossa vida torne felizes os outros. \u00c9 o meu desejo de cora\u00e7\u00e3o junto<br \/>\ncom um abra\u00e7o forte para cada um de v\u00f3s.<br \/>\nAurelio SANZ BAEZA, irm\u00e3o respons\u00e1vel Per\u00edn, Cartagena, M\u00farcia, Espanha, 26 de novembro de 2013<br \/>\n(Tradu\u00e7\u00e3o da irm\u00e3zinha Josefa de Jes\u00fas FALGUERAS; muito obrigado, Josefa)<\/p>","protected":false},"excerpt":{"rendered":"<p>CARTA DE ADVENTO 2013 IRM\u00c2O RESPONS\u00c1VEL FRATERNIDADE SACERDOTAL IESUS CARITAS Queridos irm\u00e3os, quando tiverdes esta carta nas m\u00e3os estaremos celebrando, ou teremos j\u00e1 celebrado, o anivers\u00e1rio da P\u00e1scoa do irm\u00e3o <a class=\"more-link\" href=\"https:\/\/www.iesuscaritas.org\/pt\/letters\/aurelio-letters\/carta-adviento-2013-hermano-responsable\/\">Continue Reading &rarr;<\/a><\/p>\n","protected":false},"author":2,"featured_media":0,"comment_status":"open","ping_status":"open","sticky":false,"template":"","format":"standard","meta":{"footnotes":""},"categories":[5],"tags":[],"class_list":["post-232","post","type-post","status-publish","format-standard","hentry","category-aurelio-letters"],"_links":{"self":[{"href":"https:\/\/www.iesuscaritas.org\/pt\/wp-json\/wp\/v2\/posts\/232","targetHints":{"allow":["GET"]}}],"collection":[{"href":"https:\/\/www.iesuscaritas.org\/pt\/wp-json\/wp\/v2\/posts"}],"about":[{"href":"https:\/\/www.iesuscaritas.org\/pt\/wp-json\/wp\/v2\/types\/post"}],"author":[{"embeddable":true,"href":"https:\/\/www.iesuscaritas.org\/pt\/wp-json\/wp\/v2\/users\/2"}],"replies":[{"embeddable":true,"href":"https:\/\/www.iesuscaritas.org\/pt\/wp-json\/wp\/v2\/comments?post=232"}],"version-history":[{"count":1,"href":"https:\/\/www.iesuscaritas.org\/pt\/wp-json\/wp\/v2\/posts\/232\/revisions"}],"predecessor-version":[{"id":233,"href":"https:\/\/www.iesuscaritas.org\/pt\/wp-json\/wp\/v2\/posts\/232\/revisions\/233"}],"wp:attachment":[{"href":"https:\/\/www.iesuscaritas.org\/pt\/wp-json\/wp\/v2\/media?parent=232"}],"wp:term":[{"taxonomy":"category","embeddable":true,"href":"https:\/\/www.iesuscaritas.org\/pt\/wp-json\/wp\/v2\/categories?post=232"},{"taxonomy":"post_tag","embeddable":true,"href":"https:\/\/www.iesuscaritas.org\/pt\/wp-json\/wp\/v2\/tags?post=232"}],"curies":[{"name":"wp","href":"https:\/\/api.w.org\/{rel}","templated":true}]}}