{"id":1100,"date":"2015-06-04T16:49:22","date_gmt":"2015-06-04T15:49:22","guid":{"rendered":"http:\/\/www.iesuscaritas.org\/?p=1100"},"modified":"2015-06-04T16:49:22","modified_gmt":"2015-06-04T15:49:22","slug":"mario-filippi-brasil-jubileu-da-ordenacao-presbiteral","status":"publish","type":"post","link":"https:\/\/www.iesuscaritas.org\/pt\/news\/mario-filippi-brasil-jubileu-da-ordenacao-presbiteral\/","title":{"rendered":"Mario FILIPPI, Brasil, Jubileu da Ordena\u00e7\u00e3o Presbiteral"},"content":{"rendered":"<p><\/p>\n<p style=\"text-align: center;\"><strong>Celebrando o Jubileu da minha Ordena\u00e7\u00e3o Presbiteral<\/strong><br \/>\n<strong>Mario Giuseppe FILIPPI<\/strong><\/p>\n<p style=\"text-align: justify;\">No dia 27 de junho de 1965, na Catedral de Tento, fui ordenado presb\u00edtero por Mons. Alessandro Maria Gottardi.<\/p>\n<p style=\"text-align: justify;\">No dia 28 de maio de 2015, faltando um m\u00eas para a celebra\u00e7\u00e3o do jubileu fiz meu deserto mensal, como recomenda o regulamento da Fraternidade Sacerdotal Jesus Caritas: fiz uma Leitura Orante do Evangelho do domingo da Sant\u00edssima Trindade que estamos para celebrar e partilho algumas reflex\u00f5es.<\/p>\n<p style=\"text-align: justify;\">\u201c<em>E os onze disc\u00edpulos partiram para a Galil\u00e9ia, para o monte que Jesus lhes tinha designado. E, quando o viram, o adoraram; mas alguns duvidaram. E, chegando-se Jesus, falou-lhes, dizendo: \u201c\u00c9-me dado todo o poder no c\u00e9u e na terra. Portanto ide, fazei disc\u00edpulos de todas as na\u00e7\u00f5es, batizando-os em nome do Pai, e do Filho, e do Esp\u00edrito Santo, ensinando-os a guardar todas as coisas que eu vos tenho mandado; e eis que eu estou convosco todos os dias, at\u00e9 a consuma\u00e7\u00e3o dos s\u00e9culos<\/em>\u201d (Mt 28,16-20).<\/p>\n<p style=\"text-align: justify;\">Os 11 disc\u00edpulos voltaram para a Galileia, ao monte que Jesus lhes tinha indicado. A Galileia representava para os 11 o come\u00e7o daquela aventura que os tinha seduzido, fazendo com que deixassem tudo, casa, campos, lago, fam\u00edlia, para seguir Jesus, enquanto a Judeia representava um ambiente hostil, de pessoas desconfiadas, de sacerdotes e escribas inimigos de Jesus, onde Jesus foi julgado, condenado e crucificado. A Galileia representava o come\u00e7o da caminhada: era um ambiente conhecido, amigo, acolhedor, testemunha das grandes prega\u00e7\u00f5es de Jesus, dos milagres, das multid\u00f5es que acorriam para escutar Jesus.<\/p>\n<p style=\"text-align: justify;\">Voltar para a Galileia era como voltar para o entusiasmo dos primeiros tempos, como um casal idoso que, depois de ter vivido e passado por tantas dificuldades de todo tipo, fosse sentar perto da lareira, ou l\u00e1 fora no alpendre, e come\u00e7asse a recordar os primeiros encontros, os primeiros beijos, a alegria, o encanto do come\u00e7o de sua hist\u00f3ria amorosa.<\/p>\n<p style=\"text-align: justify;\">Tamb\u00e9m preciso voltar para a Galileia: daqui a um m\u00eas estarei celebrando 50 anos de ordena\u00e7\u00e3o presbiteral; voltar para a Galileia da minha voca\u00e7\u00e3o e fazer mem\u00f3ria de tantos momentos e acontecimentos, pequenos e grandes, que fizeram com que eu deixasse minha fam\u00edlia e o meu povoado para entrar nesta aventura que me levou t\u00e3o longe. \u00c9 lembrar tantas pessoas que marcaram minha exist\u00eancia, seja na fam\u00edlia e na par\u00f3quia, seja nos semin\u00e1rios.<\/p>\n<p style=\"text-align: justify;\">\u00c9 fazer mem\u00f3ria dos momentos mais significativos que alimentaram a minha f\u00e9 e meu entusiasmo para tornar-me padre e para ser mission\u00e1rio, animando-me na caminhada, fazendo-me um dia tomar a decis\u00e3o de ser padre oper\u00e1rio, e morar durante tantos anos no meio dos pobres, para voltar \u00e0 It\u00e1lia e para retornar novamente ao Brasil.<\/p>\n<p style=\"text-align: justify;\">Toda esta mem\u00f3ria agradecendo ao Pai, a Jesus e ao Esp\u00edrito Santo: gratid\u00e3o, mas tamb\u00e9m humildade. Diz o Evangelho que Jesus se aproximou dos 11 disc\u00edpulos: assim mesmo alguns duvidaram. Olhando para minha vida, estas d\u00favidas s\u00e3o as sombras, as coisas negativas, as fraquezas, a falta de f\u00e9 e de confian\u00e7a, as infidelidades e os pecados que marcaram toda a caminhada: esta caminhada seguindo Jesus, n\u00e3o foi um desfile de piedade, santidade, obedi\u00eancia, amor e f\u00e9, n\u00e3o foi uma \u2018marcha triunfal\u2019, mas foi uma caminhada \u00e0s vezes arrastando os p\u00e9s, desviando \u00e0 direita e \u00e0 esquerda, parando, trope\u00e7ando, caindo, como foi a caminhada dos que seguiam Jesus, quando discutiam pelos primeiros lugares, quando duvidavam de Jesus dormindo no barco, quando fugiram e o abandonaram.<\/p>\n<p style=\"text-align: justify;\">Celebrando o jubileu da minha vida presbiteral, n\u00e3o posso lembrar somente o que houve de bom e de bem, mas tamb\u00e9m as muitas faltas e falhas, para poder agradecer mais ainda a miseric\u00f3rdia do Pai que \u00e9 sempre maior onde foi grande o pecado.<\/p>\n<p style=\"text-align: justify;\">Ent\u00e3o Jesus falou: \u201cToda a autoridade foi dada a mim no c\u00e9u e na terra\u201d. Quem fala \u00e9 o Ressuscitado. Ele j\u00e1 tinha manifestado a sua autoridade e o povo a reconhecia: \u201cEste homem fala com autoridade n\u00e3o como os escribas\u201d, comentavam. \u201cQuem \u00e9 este homem que fala com autoridade aos dem\u00f4nios e estes lhe obedecem&#8230;manda ao vento e ao mar e eles se acalmam?\u201d.<\/p>\n<p style=\"text-align: justify;\">Um dia, bem no come\u00e7o da aventura, Jesus, passando na beira do lago, viu alguns pescadores e disse: \u201cVinde ap\u00f3s mim, farei de voc\u00eas pescadores de homens\u201d: falou com tanta autoridade que aqueles pescadores deixaram tudo e o seguiram.<\/p>\n<p style=\"text-align: justify;\">Agora Jesus fala com a mesma autoridade e diz: \u201cV\u00e3o, fa\u00e7am meus disc\u00edpulos todos os povos, batizando-os&#8230;e ensinando tudo que vos ordenei\u201d.<\/p>\n<p style=\"text-align: justify;\">Estas palavras nos fazem entender que, voltar para a Galileia n\u00e3o significa voltar a ser pescadores, nem significa que j\u00e1 d\u00e1 para puxar os remos para dentro do barco; voltar para a Galileia n\u00e3o \u00e9 o fim da miss\u00e3o, n\u00e3o \u00e9 poder exclamar: \u201cmiss\u00e3o cumprida, agora d\u00e1 para se aposentar\u201d.<\/p>\n<p style=\"text-align: justify;\">Assim,para mim, voltar para a Galileia, significa come\u00e7o da miss\u00e3o, uma miss\u00e3o grande, do tamanho do mundo, miss\u00e3o preciosa e exigente, com alegria e entusiasmo, mas tamb\u00e9m com grande humildade, porque, pela experi\u00eancia destes 50 anos, as d\u00favidas permanecem, as faltas de f\u00e9, de fidelidade, de obedi\u00eancia, as tenta\u00e7\u00f5es e os pecados permanecem.<\/p>\n<p style=\"text-align: justify;\">Quando o povo de Israel celebrava o jubileu era sempre uma festa, mas a finalidade do jubileu n\u00e3o era s\u00f3 festejar: era a tentativa, o empenho, o prop\u00f3sito de retornar ao projeto de Deus. Deus queria que o seu povo fosse livre e feliz, mas, conhecendo a fraqueza daquele povo, que continuamente faltava aos mandamentos, ordenou que de 50 em 50 anos celebrasse o jubileu: a terra devia voltar aos antigos propriet\u00e1rios, para evitar o latif\u00fandio, os escravos deviam ser libertados, pois n\u00e3o admiss\u00edvel que algu\u00e9m fique escravo a vida toda, e as d\u00edvidas deviam ser perdoadas, porque n\u00e3o \u00e9 justo que algu\u00e9m fique eternamente endividado.<\/p>\n<p style=\"text-align: justify;\">Portanto, para mim, voltar para a Galileia ap\u00f3s 50 anos e celebrar o jubileu da minha ordena\u00e7\u00e3o presbiteral, n\u00e3o pode reduzir-se a festejar, mas deve ser um compromisso, um prop\u00f3sito renovado de doa\u00e7\u00e3o, de amor, de generosidade, tomando para mim o que Deus disse a Jeremias: \u201cEu me lembro, em teu favor, do amor de tua juventude, do carinho do teu tempo de noivado, quando me seguias pelo deserto&#8230;\u201d(Gr 2,2).<\/p>\n<p style=\"text-align: justify;\">N\u00e3o gostaria de escutar, dirigida a mim, a repreens\u00e3o do Senhor \u00e0 Igreja de \u00c9feso: \u201cTenho, por\u00e9m, contra ti que deixaste o teu primeiro amor.Lembra-te, pois, de onde ca\u00edste, e arrepende-te, e pratica as primeiras obras; se n\u00e3o, brevemente a ti virei, e tirarei do seu lugar o teu casti\u00e7al, se n\u00e3o te arrependeres\u201d (Ap 2,4-5). Pe\u00e7o ent\u00e3o a Deus para que renove em mim o entusiasmo e o amor que me levou, naqueles tempos, a deixar pai, m\u00e3e, p\u00e1tria e seguir Jesus&#8230;n\u00e3o no deserto, mas na floresta&#8230;<\/p>\n<p>Mas de que jeito? Agora que estou beirando os 76 anos, de que jeito?<\/p>\n<p style=\"text-align: justify;\">Jesus com toda a autoridade garante: \u201cEu estarei convosco todos os dias at\u00e9 o fim do mundo\u201d. N\u00e3o poderia haver promessa melhor, palavra mais preciosa, garantia mais confortadora.<\/p>\n<p style=\"text-align: justify;\">Conto com a palavra de Jesus, conto com a sua promessa, conto com a sua presen\u00e7a, conto com a sua miseric\u00f3rdia. Assim volto para a Galileia para celebrar o jubileu e para escutar a voz de Jesus que repete: \u201cIde em todas as na\u00e7\u00f5es, fazei disc\u00edpulos meus&#8230;eu estarei convosco at\u00e9 o fim do mundo\u201d.<\/p>\n<p><\/p>","protected":false},"excerpt":{"rendered":"<p>Celebrando o Jubileu da minha Ordena\u00e7\u00e3o Presbiteral Mario Giuseppe FILIPPI No dia 27 de junho de 1965, na Catedral de Tento, fui ordenado presb\u00edtero por Mons. Alessandro Maria Gottardi. No <a class=\"more-link\" href=\"https:\/\/www.iesuscaritas.org\/pt\/news\/mario-filippi-brasil-jubileu-da-ordenacao-presbiteral\/\">Continue Reading &rarr;<\/a><\/p>\n","protected":false},"author":1,"featured_media":0,"comment_status":"open","ping_status":"open","sticky":false,"template":"","format":"standard","meta":{"footnotes":""},"categories":[1],"tags":[],"class_list":["post-1100","post","type-post","status-publish","format-standard","hentry","category-news"],"_links":{"self":[{"href":"https:\/\/www.iesuscaritas.org\/pt\/wp-json\/wp\/v2\/posts\/1100","targetHints":{"allow":["GET"]}}],"collection":[{"href":"https:\/\/www.iesuscaritas.org\/pt\/wp-json\/wp\/v2\/posts"}],"about":[{"href":"https:\/\/www.iesuscaritas.org\/pt\/wp-json\/wp\/v2\/types\/post"}],"author":[{"embeddable":true,"href":"https:\/\/www.iesuscaritas.org\/pt\/wp-json\/wp\/v2\/users\/1"}],"replies":[{"embeddable":true,"href":"https:\/\/www.iesuscaritas.org\/pt\/wp-json\/wp\/v2\/comments?post=1100"}],"version-history":[{"count":1,"href":"https:\/\/www.iesuscaritas.org\/pt\/wp-json\/wp\/v2\/posts\/1100\/revisions"}],"predecessor-version":[{"id":1101,"href":"https:\/\/www.iesuscaritas.org\/pt\/wp-json\/wp\/v2\/posts\/1100\/revisions\/1101"}],"wp:attachment":[{"href":"https:\/\/www.iesuscaritas.org\/pt\/wp-json\/wp\/v2\/media?parent=1100"}],"wp:term":[{"taxonomy":"category","embeddable":true,"href":"https:\/\/www.iesuscaritas.org\/pt\/wp-json\/wp\/v2\/categories?post=1100"},{"taxonomy":"post_tag","embeddable":true,"href":"https:\/\/www.iesuscaritas.org\/pt\/wp-json\/wp\/v2\/tags?post=1100"}],"curies":[{"name":"wp","href":"https:\/\/api.w.org\/{rel}","templated":true}]}}