{"id":4869,"date":"2020-11-21T10:00:03","date_gmt":"2020-11-21T09:00:03","guid":{"rendered":"https:\/\/www.iesuscaritas.org\/?p=4869"},"modified":"2021-02-20T09:50:38","modified_gmt":"2021-02-20T08:50:38","slug":"text-1-heiligsprechung-span-la-canonizacion-del-hermano-carlos-y-nuestra-opcion-por-los-pobres","status":"publish","type":"post","link":"https:\/\/www.iesuscaritas.org\/pl\/documentos\/text-1-heiligsprechung-span-la-canonizacion-del-hermano-carlos-y-nuestra-opcion-por-los-pobres\/","title":{"rendered":"Text 1. Przygotowania do procesu kanonizajcji Brata Karola"},"content":{"rendered":"<p><\/p>\n<p style=\"text-align: justify;\">Wsp\u00f3\u0142nota Kap\u0142a\u0144ska Jezus Cariats<br \/>\nPrzygotowania do procesu kanonizajcji Brata Karola<\/p>\n<p style=\"text-align: justify;\">Temat 1: Proces kanonizajcji Brata Karola a nasza opcja na rzecz ubogich<\/p>\n<p style=\"text-align: justify;\">Fr. Fernando Tapia<br \/>\nInternational Team<\/p>\n<p style=\"text-align: justify;\">\u201ePandemia ukaza\u0142a trudn\u0105 sytuacj\u0119 ubogich i wielk\u0105 nier\u00f3wno\u015b\u0107 panuj\u0105c\u0105 na \u015bwiecie\u201d &#8211; powiedzia\u0142 papie\u017c Franciszek 19 sierpnia, dodaj\u0105c \u017ce: \u201eChocia\u017c wirus nie czyni r\u00f3\u017cnic mi\u0119dzy lud\u017ami, to jednak napotka\u0142 na swojej destrukcyjnej drodze wielk\u0105 nier\u00f3wno\u015b\u0107 i dyskryminacj\u0119 pomi\u0119dzy lud\u017ami. I jeszcze sta\u0142 si\u0119 przyczyn\u0105 jej pog\u0142\u0119bienia!\u201d Innymi s\u0142owy: biedni cierpi\u0105 dzi\u015b bardziej ni\u017c kiedykolwiek z powodu braku opieki zdrowotnej, bezrobocia i g\u0142odu.<\/p>\n<p style=\"text-align: justify;\">Ojciec \u015awi\u0119ty zda\u0142 sobie spraw\u0119, \u017ce odpowied\u017a na pandemi\u0119 musi by\u0107 dwojaka. Z jednej strony \u201ewa\u017cne jest, aby znale\u017a\u0107 lekarstwo na ma\u0142ego, ale strasznego wirusa, kt\u00f3ry rzuca na kolana ca\u0142y \u015bwiat\u201d. Z drugiej strony m\u00f3wi\u0142 papie\u017c: \u201eMusimy tak\u017ce znale\u017a\u0107 lekarstwo na wielkiego wirusa, a mianowicie na niesprawiedliwo\u015b\u0107 spo\u0142eczn\u0105, nier\u00f3wno\u015b\u0107 szans, marginalizacj\u0119 i brak ochrony najs\u0142abszych\u201d. Ta sytuacja sk\u0142ania nas do wybrania i wzmocnienia, istotnej dla Ewangelii opcji na rzecz ubogich.<\/p>\n<p style=\"text-align: justify;\">W swojej katechezie Franciszek powiedzia\u0142: \u201eWiara, nadzieja i mi\u0142o\u015b\u0107 zach\u0119caj\u0105 nas do skupienia si\u0119 na najbardziej potrzebuj\u0105cych, co wykracza poza wsparcie jednynie konkretnego cz\u0142owieka. Chodzi o to, aby\u015bmy szli przez \u017cycie razem z potrzebuj\u0105cymi i pozwolili si\u0119 przez nich ewangelizowa\u0107. Ubodzy dobrze znaj\u0105 z w\u0142asnego do\u015bwiadczenia cierpi\u0105cego Chrystusa. Pozw\u00f3lmy si\u0119 przez nich \u201ezarazi\u0107\u201d ich do\u015bwiadczeniem zbawienia, ich m\u0105dro\u015bci\u0105 i kreatywno\u015bci\u0105. Dzielenie si\u0119 z biednymi oznacza wzajemne ubogacanie si\u0119. Kiedy istniej\u0105 chore struktury spo\u0142eczne, kt\u00f3re uniemo\u017cliwiaj\u0105 im marzy\u0107 o przysz\u0142o\u015bci, musimy wsp\u00f3\u0142pracowa\u0107, aby te struktury uzdrowi\u0107 i zmieni\u0107 \u201d. (Kt\u00f3\u017c nie rozpozna\u0142by w tych s\u0142owach \u015bcie\u017cki ewangelizacji brata Karola?)<\/p>\n<p style=\"text-align: justify;\">Ojciec \u015awi\u0119ty stwierdza dobitnie, \u017ce \u200b\u200b\u201epandemia to kryzys, a z kryzysu wychodzi si\u0119 przemienionym: albo staniemy si\u0119 lepsi albo gorsi. Powinni\u015bmy wyj\u015b\u0107 z niej jako lepsi ludzie, aby po\u0142o\u017cy\u0107 kres niesprawiedliwo\u015bci spo\u0142ecznej i degradacji \u015brodowiska\u201d.<\/p>\n<p style=\"text-align: justify;\">To nie przypadek, \u017ce kanonizacja brata Karola odbywa si\u0119 w kontek\u015bcie pandemii. Poprzez to wydarzenie \u0142aski jakim jest kanonizacja, B\u00f3g chce uczyni\u0107 Brata Karola widzialnym dla wszystkich ludzi, ukaza\u0107 jako wierz\u0105cego, kap\u0142ana, misjonarza, kt\u00f3ry po\u015bwi\u0119ci\u0142 si\u0119 cia\u0142em i dusz\u0105 najubo\u017cszym i najbardziej opuszczonym swoich czas\u00f3w \u2013 Tuaregom. Sta\u0142 si\u0119 jednym z nich, by\u0142 u ich boku i pozwala\u0142 si\u0119 im ewangelizowa\u0107. Dzi\u015b \u015bwi\u0119to\u015b\u0107 ukazuje si\u0119 jako podstawowa opcja na rzecz ubogich.<\/p>\n<p style=\"text-align: justify;\">Je\u015bli mamy dobrze przygotowa\u0107 i celebrowa\u0107 kanonizacj\u0119 brata Karola, to nie chodzi o jego gloryfikowanie, ale o wzmocnienie w ca\u0142ym Ko\u015bciele aktywnej mi\u0142o\u015bci do najmniejszych. To jest dzi\u015b bardziej potrzebne ni\u017c kiedykolwiek. Papie\u017c m\u00f3wi w adhortacji apostolskiej Evangelii Gaudium: Pi\u0119kno Ewangelii nie zawsze mo\u017ce by\u0107 ukazane przez nas wiernie, ale jest znak, kt\u00f3rego nigdy nie mo\u017ce zabrakn\u0105\u0107: opcja na rzecz ostatnich, tych, kt\u00f3rych spo\u0142ecze\u0144stwo odrzuca. (nr 195).<\/p>\n<p style=\"text-align: justify;\">Jako duchowa rodzina brata Karola, zostali\u015bmy zaszczyceni \u0142ask\u0105 jego charyzmatu, kt\u00f3ry jest szczeg\u00f3lnie aktualny i wa\u017cny w kontek\u015bcie prze\u017cywanej obecnie pandemii. Nie powinni\u015bmy tego charyzmatu ukrywa\u0107, zaniedbywa\u0107 albo pozwoli\u0107, by pozosta\u0142 bezowocny. \u201eZ tej w\u0142a\u015bnie przyczyny \u2013 pisze \u015bw. Pawe\u0142 w Drugim Li\u015bcie do Tymoteusza \u2013 przypominam ci, aby\u015b rozpali\u0142 na nowo charyzmat Bo\u017cy, kt\u00f3ry jest w tobie przez na\u0142o\u017cenie moich r\u0105k\u201d (1,6). To jest zaproszenie, kt\u00f3re kieruje do nas nasz brat Karol i nasz Pan Jezus Chrystus, aby\u015bmy przyczynili si\u0119 do wielkiej odnowy Ko\u015bcio\u0142a, kt\u00f3r\u0105 Duch \u015awi\u0119ty dzisiaj promuje przez papie\u017ca Franciszka. Dlatego spoczywa na nas wielka odpowiedzialno\u015b\u0107.<\/p>\n<p style=\"text-align: justify;\">Do refleksji i modlitwy indywidaualnej lub w grupie<\/p>\n<p style=\"text-align: justify;\">\u2022 Czy widz\u0119 zwi\u0105zek mi\u0119dzy opcj\u0105 na rzecz ubogich, odnow\u0105 w Ko\u015bciele a kanonizacj\u0105 brata Karola?<br \/>\n\u2022 Co potrzebuje we mnie nawr\u00f3cenia, do kt\u00f3rego Pan mnie zaprasza przez t\u0119 kanonizacj\u0119?<br \/>\n\u2022 Co mog\u0119 zrobi\u0107, aby kanonizacja przynios\u0142a wszystkie owoce, jakich B\u00f3g od niej oczekuje?<\/p>\n<p>PDF: <a href=\"https:\/\/www.iesuscaritas.org\/wp-content\/uploads\/2020\/11\/Text-1-poln.-Przygotowania-do-procesu-kanonizajcji-Brata-Karola-pl.pdf\">Text 1, poln., Przygotowania do procesu kanonizajcji Brata Karola pl<\/a><\/p>","protected":false},"excerpt":{"rendered":"<p>Wsp\u00f3\u0142nota Kap\u0142a\u0144ska Jezus Cariats Przygotowania do procesu kanonizajcji Brata Karola Temat 1: Proces kanonizajcji Brata Karola a nasza opcja na rzecz ubogich Fr. Fernando Tapia International Team \u201ePandemia ukaza\u0142a trudn\u0105 <a class=\"more-link\" href=\"https:\/\/www.iesuscaritas.org\/pl\/documentos\/text-1-heiligsprechung-span-la-canonizacion-del-hermano-carlos-y-nuestra-opcion-por-los-pobres\/\">Continue Reading &rarr;<\/a><\/p>\n","protected":false},"author":1,"featured_media":0,"comment_status":"closed","ping_status":"closed","sticky":false,"template":"","format":"standard","meta":{"footnotes":""},"categories":[78],"tags":[],"class_list":["post-4869","post","type-post","status-publish","format-standard","hentry","category-documentos"],"_links":{"self":[{"href":"https:\/\/www.iesuscaritas.org\/pl\/wp-json\/wp\/v2\/posts\/4869","targetHints":{"allow":["GET"]}}],"collection":[{"href":"https:\/\/www.iesuscaritas.org\/pl\/wp-json\/wp\/v2\/posts"}],"about":[{"href":"https:\/\/www.iesuscaritas.org\/pl\/wp-json\/wp\/v2\/types\/post"}],"author":[{"embeddable":true,"href":"https:\/\/www.iesuscaritas.org\/pl\/wp-json\/wp\/v2\/users\/1"}],"replies":[{"embeddable":true,"href":"https:\/\/www.iesuscaritas.org\/pl\/wp-json\/wp\/v2\/comments?post=4869"}],"version-history":[{"count":2,"href":"https:\/\/www.iesuscaritas.org\/pl\/wp-json\/wp\/v2\/posts\/4869\/revisions"}],"predecessor-version":[{"id":5046,"href":"https:\/\/www.iesuscaritas.org\/pl\/wp-json\/wp\/v2\/posts\/4869\/revisions\/5046"}],"wp:attachment":[{"href":"https:\/\/www.iesuscaritas.org\/pl\/wp-json\/wp\/v2\/media?parent=4869"}],"wp:term":[{"taxonomy":"category","embeddable":true,"href":"https:\/\/www.iesuscaritas.org\/pl\/wp-json\/wp\/v2\/categories?post=4869"},{"taxonomy":"post_tag","embeddable":true,"href":"https:\/\/www.iesuscaritas.org\/pl\/wp-json\/wp\/v2\/tags?post=4869"}],"curies":[{"name":"wp","href":"https:\/\/api.w.org\/{rel}","templated":true}]}}