{"id":114,"date":"2014-01-06T13:57:35","date_gmt":"2014-01-06T12:57:35","guid":{"rendered":"http:\/\/www.iesuscaritas.org\/?p=114"},"modified":"2014-03-23T21:17:01","modified_gmt":"2014-03-23T20:17:01","slug":"carta-de-paris","status":"publish","type":"post","link":"https:\/\/www.iesuscaritas.org\/pl\/asambleas\/carta-de-paris\/","title":{"rendered":"(Espa\u00f1ol) Carta de Par\u00eds"},"content":{"rendered":"<p class=\"qtranxs-available-languages-message qtranxs-available-languages-message-pl\">Przepraszamy, ten wpis jest dost\u0119pny tylko w j\u0119zyku <a href=\"https:\/\/www.iesuscaritas.org\/es\/wp-json\/wp\/v2\/posts\/114\" class=\"qtranxs-available-language-link qtranxs-available-language-link-es\" title=\"Espa\u00f1ol\">Espa\u00f1ol<\/a>, <a href=\"https:\/\/www.iesuscaritas.org\/en\/wp-json\/wp\/v2\/posts\/114\" class=\"qtranxs-available-language-link qtranxs-available-language-link-en\" title=\"English\">English<\/a>, <a href=\"https:\/\/www.iesuscaritas.org\/fr\/wp-json\/wp\/v2\/posts\/114\" class=\"qtranxs-available-language-link qtranxs-available-language-link-fr\" title=\"Fran\u00e7ais\">Fran\u00e7ais<\/a>, <a href=\"https:\/\/www.iesuscaritas.org\/de\/wp-json\/wp\/v2\/posts\/114\" class=\"qtranxs-available-language-link qtranxs-available-language-link-de\" title=\"Deutsch\">Deutsch<\/a>, <a href=\"https:\/\/www.iesuscaritas.org\/pt\/wp-json\/wp\/v2\/posts\/114\" class=\"qtranxs-available-language-link qtranxs-available-language-link-pt\" title=\"Portugu\u00eas\">Portugu\u00eas<\/a> i <a href=\"https:\/\/www.iesuscaritas.org\/it\/wp-json\/wp\/v2\/posts\/114\" class=\"qtranxs-available-language-link qtranxs-available-language-link-it\" title=\"Italiano\">Italiano<\/a>.<\/p>","protected":false},"excerpt":{"rendered":"<p>Przepraszamy, ten wpis jest dost\u0119pny tylko w j\u0119zyku Espa\u00f1ol, English, Fran\u00e7ais, Deutsch, Portugu\u00eas i Italiano.<\/p>\n","protected":false},"author":2,"featured_media":0,"comment_status":"open","ping_status":"open","sticky":false,"template":"","format":"standard","meta":{"footnotes":""},"categories":[7],"tags":[],"class_list":["post-114","post","type-post","status-publish","format-standard","hentry","category-asambleas"],"_links":{"self":[{"href":"https:\/\/www.iesuscaritas.org\/pl\/wp-json\/wp\/v2\/posts\/114","targetHints":{"allow":["GET"]}}],"collection":[{"href":"https:\/\/www.iesuscaritas.org\/pl\/wp-json\/wp\/v2\/posts"}],"about":[{"href":"https:\/\/www.iesuscaritas.org\/pl\/wp-json\/wp\/v2\/types\/post"}],"author":[{"embeddable":true,"href":"https:\/\/www.iesuscaritas.org\/pl\/wp-json\/wp\/v2\/users\/2"}],"replies":[{"embeddable":true,"href":"https:\/\/www.iesuscaritas.org\/pl\/wp-json\/wp\/v2\/comments?post=114"}],"version-history":[{"count":4,"href":"https:\/\/www.iesuscaritas.org\/pl\/wp-json\/wp\/v2\/posts\/114\/revisions"}],"predecessor-version":[{"id":257,"href":"https:\/\/www.iesuscaritas.org\/pl\/wp-json\/wp\/v2\/posts\/114\/revisions\/257"}],"wp:attachment":[{"href":"https:\/\/www.iesuscaritas.org\/pl\/wp-json\/wp\/v2\/media?parent=114"}],"wp:term":[{"taxonomy":"category","embeddable":true,"href":"https:\/\/www.iesuscaritas.org\/pl\/wp-json\/wp\/v2\/categories?post=114"},{"taxonomy":"post_tag","embeddable":true,"href":"https:\/\/www.iesuscaritas.org\/pl\/wp-json\/wp\/v2\/tags?post=114"}],"curies":[{"name":"wp","href":"https:\/\/api.w.org\/{rel}","templated":true}]}}