{"id":7736,"date":"2025-05-04T20:26:14","date_gmt":"2025-05-04T18:26:14","guid":{"rendered":"https:\/\/www.iesuscaritas.org\/?p=7736"},"modified":"2025-05-04T20:26:14","modified_gmt":"2025-05-04T18:26:14","slug":"carta-de-gratitud-a-los-hermanos-eric-lozada-2025","status":"publish","type":"post","link":"https:\/\/www.iesuscaritas.org\/nl\/asamblea-mundial-2025\/carta-de-gratitud-a-los-hermanos-eric-lozada-2025\/","title":{"rendered":"DANKBRIEF AAN DE BRROEDERS. Eric LOZADA 2025"},"content":{"rendered":"<p>Beste broeders,<\/p>\n<p><em>Muito Obrigado! Mille Grazie! Merci beaucoup! Muchas gracias! Baie Dankie! Mange Tak! Vielen Dank! M\u00e8si Anpil! Mile Maith Agat! \u0906\u092a\u0915\u093e \u092c\u0939\u0941\u0924 \u0927\u0928\u094d\u092f\u0935\u093e\u0926! Dzi\u0119kuj\u0119 Bardzo! Grazzi \u0127afna! Thank you very much!<\/em><\/p>\n<p><em>&#8220;Als het enige gebed dat je ooit in je hele leven zult zeggen &#8216;dankjewel&#8217; is, dan zal dat genoeg zijn.&#8221; Meester ECKHART<\/em><\/p>\n<p><a href=\"https:\/\/www.iesuscaritas.org\/wp-content\/uploads\/2025\/05\/carta-gratitud-2025-01.jpg\"><img loading=\"lazy\" decoding=\"async\" class=\"alignright size-medium wp-image-7746\" src=\"https:\/\/www.iesuscaritas.org\/wp-content\/uploads\/2025\/05\/carta-gratitud-2025-01-300x182.jpg\" alt=\"\" width=\"300\" height=\"182\" srcset=\"https:\/\/www.iesuscaritas.org\/wp-content\/uploads\/2025\/05\/carta-gratitud-2025-01-300x182.jpg 300w, https:\/\/www.iesuscaritas.org\/wp-content\/uploads\/2025\/05\/carta-gratitud-2025-01.jpg 367w\" sizes=\"auto, (max-width: 300px) 100vw, 300px\" \/><\/a>Vanuit een viering van het leven na de dood ter nagedachtenis aan Jezus en de dood van paus Franciscus, die de sporen van zijn moedige leven heeft nagelaten, uit solidariteit met de vereniging van de spirituele familie van Sint Charles de Foucauld, die nu bijeen is in Tarres, Spanje (onze broeder Matthias Kiel vertegenwoordigt mij) en, in afwachting van het conclaaf in Rome en onze algemene vergadering in Buenos Aires, schrijf ik u deze laatste brief als uw dienende broeder in de Broederschap, de afgelopen zes jaar. Zes jaar geleden had ik me deze taak niet kunnen voorstellen. Ik kom uit een land dat lijkt op Nazareth, heel klein, onbeduidend, in de periferie van de wereld. De gedachte de algemeen verantwoordelijke te zijn, was op zijn minst overweldigend en beangstigend voor mij. Maar langzaam maar zeker heb ik door de jaren heen geleerd dat het niet om mij gaat, maar om God die mij gebruikt in mijn armoede en ondanks mij. Ik heb vele malen met Broeder Charles geworsteld met het gebed van overgave, terwijl ik de Broederschap in gebed vasthield totdat mijn hart was verzacht door al mijn illusies en angsten. Ik kon alleen maar terugkijken op de afgelopen zes jaar met diepe dankbaarheid voor al het onderwijs, de nederige momenten en de uitdagende momenten die me hebben gebracht waar ik nu ben als een universele broeder in wording, die Jezus van Nazareth volgt in de voetsporen van Broeder Charles.<\/p>\n<p><a href=\"https:\/\/www.iesuscaritas.org\/wp-content\/uploads\/2025\/05\/carta-gratitud-2025-02.jpg\"><img loading=\"lazy\" decoding=\"async\" class=\"size-medium wp-image-7747 alignleft\" src=\"https:\/\/www.iesuscaritas.org\/wp-content\/uploads\/2025\/05\/carta-gratitud-2025-02-300x189.jpg\" alt=\"\" width=\"300\" height=\"189\" srcset=\"https:\/\/www.iesuscaritas.org\/wp-content\/uploads\/2025\/05\/carta-gratitud-2025-02-300x189.jpg 300w, https:\/\/www.iesuscaritas.org\/wp-content\/uploads\/2025\/05\/carta-gratitud-2025-02.jpg 450w\" sizes=\"auto, (max-width: 300px) 100vw, 300px\" \/><\/a>Hartelijk dank voor het vertrouwen dat u mij en mijn team hebt gegeven in dit mandaat om de broederschappen wereldwijd te dienen en te bezielen, met al onze gaven en beperkingen. Onze onzekerheid om leiding te geven heeft ons ertoe aangezet om naar u te luisteren \u2013 naar uw realiteit en zorgen \u2013 via de online enqu\u00eate. Daaruit hebben we geleerd dat onze kwetsbaarheid als broederschap ons ertoe aanzet om elkaar vastberaden op te zoeken en ons niet over te geven aan zelfredzaamheid, waarbij we proberen ons leven en onze bediening te leven als &#8220;lone rangers&#8221;. Onze kwetsbare staat is een nieuwe weg geworden naar het smeden van echte broederschappen waar iedereen elkaar viert, uitdaagt, luistert en afhankelijk is van de groei van elkaar. Bovenal, hartelijk dank voor uw individuele levensgetuigenis, uw moedige vuur en ijver voor God, de armen en de gemarginaliseerden, uw vastberadenheid om een \u200b\u200bbroeder te zijn voor iedereen ter wille van Jezus en het Evangelie en uw toewijding om het broederlijk leven te leiden als diocesane priesters in de voetsporen van broeder Charles.<\/p>\n<p><a href=\"https:\/\/www.iesuscaritas.org\/wp-content\/uploads\/2025\/05\/carta-gratitud-2025-03.jpg\"><img loading=\"lazy\" decoding=\"async\" class=\"size-medium wp-image-7748 alignright\" src=\"https:\/\/www.iesuscaritas.org\/wp-content\/uploads\/2025\/05\/carta-gratitud-2025-03-300x186.jpg\" alt=\"\" width=\"300\" height=\"186\" srcset=\"https:\/\/www.iesuscaritas.org\/wp-content\/uploads\/2025\/05\/carta-gratitud-2025-03-300x186.jpg 300w, https:\/\/www.iesuscaritas.org\/wp-content\/uploads\/2025\/05\/carta-gratitud-2025-03.jpg 369w\" sizes=\"auto, (max-width: 300px) 100vw, 300px\" \/><\/a>De authentieke vreugde die voortkomt uit Jezus&#8217; opstanding zet ons allen samen op een nederige maar vreugdevolle pelgrimstocht als geestbroeders, geduldig maar moedig altijd op zoek naar wat ons hart voedt te midden van de overweldigende duisternis en verwarring van onze wereld, en nodigt ons uit om eerst te luisteren voordat we spreken, eerst te begrijpen voordat we oordelen, het Evangelie te verkondigen met ons leven, het gelaat van Jezus te zien in de armen, gehoor te geven aan de roep van Moeder Aarde en de uitdagingen van het leven tegemoet te treden met een hart gericht op de komst van het Koninkrijk in ons midden. Net als de apostelen heeft het zien van een leeg graf, met harten overweldigd door de verwarring, het geweld en de desillusie van de gebeurtenissen, hen verblind om de werkelijkheid te zien met een gevoel van reflectieve afstand, beschouwende verwondering en ontzag. Na de opstanding worden we niet gezonden om de wereld te betreden als overwinnaars en kleine messiassen die de zwakken negeren zodat de sterken kunnen controleren en domineren. Nee, wij worden geroepen als geliefden, broeders en vrienden om elke menselijke ervaring te waarderen als een plek van ontmoeting, om te luisteren naar de gemarginaliseerden, om de verachten te omarmen, om de sterken uit te dagen, en met geduld en hoop te wachten tot er nieuw leven ontluikt uit de goedheid van elk menselijk hart en uit elke menselijke ervaring.<\/p>\n<p><a href=\"https:\/\/www.iesuscaritas.org\/wp-content\/uploads\/2025\/05\/carta-gratitud-2025-04.jpg\"><img loading=\"lazy\" decoding=\"async\" class=\"size-medium wp-image-7749 alignleft\" src=\"https:\/\/www.iesuscaritas.org\/wp-content\/uploads\/2025\/05\/carta-gratitud-2025-04-300x163.jpg\" alt=\"\" width=\"300\" height=\"163\" srcset=\"https:\/\/www.iesuscaritas.org\/wp-content\/uploads\/2025\/05\/carta-gratitud-2025-04-300x163.jpg 300w, https:\/\/www.iesuscaritas.org\/wp-content\/uploads\/2025\/05\/carta-gratitud-2025-04.jpg 388w\" sizes=\"auto, (max-width: 300px) 100vw, 300px\" \/><\/a>In dit jubileumjaar worden we uitgenodigd om samen als pelgrims te hopen. Wijlen paus Franciscus gaf in zijn ochtendmeditatie van oktober 2013 twee contrasterende symbolen voor hoop: het anker en de wee\u00ebn van de bevalling. Wanneer we verankerd zijn in &#8220;een kunstmatige lagune die we zelf hebben aangelegd&#8230; waar alles comfortabel en veilig is. Dat is geen hoop&#8221;. Het passende symbool voor hoop is juist dat van de bevalling. De hele schepping &#8220;steunt tot nu toe samen in barensnood; wij steunen innerlijk terwijl we wachten. We wachten.&#8221; Wachten op nieuw leven is authentieke hoop. Hoop is dan ook &#8220;intiem betrokken bij de dynamiek van het leven geven&#8221;, die vaak &#8220;onzichtbaar en verborgen blijft voor menselijke ogen&#8221;. Toch weten we dat de Geest rustig, zacht en geduldig aan het werk is. &#8220;De Geest werkt in ons. Hij werkt als een mosterdzaadje, dat klein is maar vol leven en kracht, totdat het uitgroeit tot een boom. Zo werkt de Geest.&#8221;<\/p>\n<p>Moge de Geest, de Gever van Leven, onze kerk en wereld vandaag de dag op verrassende manieren blijven vernieuwen en mogen we het hart hebben om dat te zien, \u00e9\u00e9n ervaring tegelijk. Zijn weg zal altijd verborgen blijven achter het drama van onze tijd. We moeten innerlijk stil zijn om dat te zien. Dit is wat onze spirituele middelen van dagelijkse aanbidding, woestijndag, levensbeschouwing en dagelijkse meditatie ons hebben voorbereid.<\/p>\n<p>Hier zijn enkele praktische details voor de afgevaardigden van onze wereldvergadering:<\/p>\n<p>De organisatoren vragen ons om de kosten van $675\/\u20ac625 contant te betalen.<\/p>\n<p>Dat we een klein geschenk uit ons land meenemen om aan de broeders te geven.<\/p>\n<p>Dat we Tino informeren over onze vluchtgegevens voor het ophalen van de luchthaven naar onze ontmoetingsplaats.<\/p>\n<p>Broeders, hartelijk dank. Wilt u ons alstublieft in gebed dicht bij uw hart houden terwijl we in Buenos Aires bijeenkomen voor onze algemene vergadering? We zijn hier met u en voor u samen.<\/p>\n<p><a href=\"https:\/\/www.iesuscaritas.org\/wp-content\/uploads\/2025\/02\/cuaresma2025-05.jpg\"><img loading=\"lazy\" decoding=\"async\" class=\"alignright size-full wp-image-7663\" src=\"https:\/\/www.iesuscaritas.org\/wp-content\/uploads\/2025\/02\/cuaresma2025-05.jpg\" alt=\"\" width=\"171\" height=\"133\" \/><\/a>Met mijn broederlijke genegenheid,<\/p>\n<p>Eric LOZADA<\/p>\n<p><a href=\"https:\/\/www.iesuscaritas.org\/wp-content\/uploads\/2025\/05\/carta-gratitud-2025-05.jpg\"><img loading=\"lazy\" decoding=\"async\" class=\"size-full wp-image-7750 alignleft\" src=\"https:\/\/www.iesuscaritas.org\/wp-content\/uploads\/2025\/05\/carta-gratitud-2025-05.jpg\" alt=\"\" width=\"252\" height=\"126\" \/><\/a><\/p>\n<p>&nbsp;<\/p>\n<p>&nbsp;<\/p>\n<p>PDF: <a href=\"https:\/\/www.iesuscaritas.org\/wp-content\/uploads\/2025\/05\/DANKBRIEF-AAN-DE-BRROEDERS.-Eric-LOZADA-2025.pdf\">DANKBRIEF AAN DE BRROEDERS. Eric LOZADA 2025<\/a><\/p>","protected":false},"excerpt":{"rendered":"<p>Beste broeders, Muito Obrigado! Mille Grazie! Merci beaucoup! Muchas gracias! Baie Dankie! Mange Tak! Vielen Dank! M\u00e8si Anpil! Mile Maith Agat! \u0906\u092a\u0915\u093e \u092c\u0939\u0941\u0924 \u0927\u0928\u094d\u092f\u0935\u093e\u0926! Dzi\u0119kuj\u0119 Bardzo! Grazzi \u0127afna! Thank you <a class=\"more-link\" href=\"https:\/\/www.iesuscaritas.org\/nl\/asamblea-mundial-2025\/carta-de-gratitud-a-los-hermanos-eric-lozada-2025\/\">Continue Reading &rarr;<\/a><\/p>\n","protected":false},"author":1,"featured_media":0,"comment_status":"open","ping_status":"closed","sticky":false,"template":"","format":"standard","meta":{"footnotes":""},"categories":[103],"tags":[],"class_list":["post-7736","post","type-post","status-publish","format-standard","hentry","category-asamblea-mundial-2025"],"_links":{"self":[{"href":"https:\/\/www.iesuscaritas.org\/nl\/wp-json\/wp\/v2\/posts\/7736","targetHints":{"allow":["GET"]}}],"collection":[{"href":"https:\/\/www.iesuscaritas.org\/nl\/wp-json\/wp\/v2\/posts"}],"about":[{"href":"https:\/\/www.iesuscaritas.org\/nl\/wp-json\/wp\/v2\/types\/post"}],"author":[{"embeddable":true,"href":"https:\/\/www.iesuscaritas.org\/nl\/wp-json\/wp\/v2\/users\/1"}],"replies":[{"embeddable":true,"href":"https:\/\/www.iesuscaritas.org\/nl\/wp-json\/wp\/v2\/comments?post=7736"}],"version-history":[{"count":16,"href":"https:\/\/www.iesuscaritas.org\/nl\/wp-json\/wp\/v2\/posts\/7736\/revisions"}],"predecessor-version":[{"id":7768,"href":"https:\/\/www.iesuscaritas.org\/nl\/wp-json\/wp\/v2\/posts\/7736\/revisions\/7768"}],"wp:attachment":[{"href":"https:\/\/www.iesuscaritas.org\/nl\/wp-json\/wp\/v2\/media?parent=7736"}],"wp:term":[{"taxonomy":"category","embeddable":true,"href":"https:\/\/www.iesuscaritas.org\/nl\/wp-json\/wp\/v2\/categories?post=7736"},{"taxonomy":"post_tag","embeddable":true,"href":"https:\/\/www.iesuscaritas.org\/nl\/wp-json\/wp\/v2\/tags?post=7736"}],"curies":[{"name":"wp","href":"https:\/\/api.w.org\/{rel}","templated":true}]}}