{"id":3640,"date":"2018-12-20T21:06:36","date_gmt":"2018-12-20T20:06:36","guid":{"rendered":"https:\/\/www.iesuscaritas.org\/?p=3640"},"modified":"2018-12-26T18:41:49","modified_gmt":"2018-12-26T17:41:49","slug":"wend-be-ne-do-burkina-faso-informe-diciembre-2018","status":"publish","type":"post","link":"https:\/\/www.iesuscaritas.org\/nl\/documentos\/wend-be-ne-do-burkina-faso-informe-diciembre-2018\/","title":{"rendered":"WEND BE NE DO, Burkina Faso: Rapport December 2018"},"content":{"rendered":"<p><\/p>\n<p style=\"text-align: justify;\">Rapport van het bezoek aan WEND BE NE DO (WBND) in Burkina Faso, door de co\u00f6peranten Carlos LLANO, Andr\u00e9s Pedro MU\u00d1OZ, Alberto HERNANDIS en Aurelio SANZ van de Stichting Tienda Asilo van San Pedro (FTASP), Carthagena, Spanje. December 2018.<\/p>\n<p style=\"text-align: justify;\"><a href=\"https:\/\/www.iesuscaritas.org\/wp-content\/uploads\/2018\/12\/wbnd-dic-2018.jpg\"><img loading=\"lazy\" decoding=\"async\" class=\"aligncenter size-large wp-image-3641\" src=\"https:\/\/www.iesuscaritas.org\/wp-content\/uploads\/2018\/12\/wbnd-dic-2018-1024x640.jpg\" alt=\"\" width=\"678\" height=\"424\" srcset=\"https:\/\/www.iesuscaritas.org\/wp-content\/uploads\/2018\/12\/wbnd-dic-2018-1024x640.jpg 1024w, https:\/\/www.iesuscaritas.org\/wp-content\/uploads\/2018\/12\/wbnd-dic-2018-300x188.jpg 300w, https:\/\/www.iesuscaritas.org\/wp-content\/uploads\/2018\/12\/wbnd-dic-2018-768x480.jpg 768w, https:\/\/www.iesuscaritas.org\/wp-content\/uploads\/2018\/12\/wbnd-dic-2018.jpg 1600w\" sizes=\"auto, (max-width: 678px) 100vw, 678px\" \/><\/a><\/p>\n<p style=\"text-align: justify;\">WBND bestaat reeds 13 ans in Burkina Faso. Het ontstond ten voordele van AIDS-pati\u00ebnten in deze Afrikaanse streek getroffen door armoede, corruptie en onzekerheid. 271 volwassenen en 341 kinderen, adolescenten en jongeren worden geholpen door 60 vrijwilligers uit Spanje, 7 uit Burkina Faso en een plaatselijke equipe van 5 personen. \u201cMet hen zijn\u201d, hen vergezellen, ons in hun plaats stellen, niet ongevoelig zijn voor het lijden van anderen, delen in hun vreugde, dat alles is WBND.<\/p>\n<p><a href=\"https:\/\/www.iesuscaritas.org\/wp-content\/uploads\/2018\/12\/Info-WBND-december-2018-nl.pdf\" target=\"_blank\" rel=\"noopener\"><img loading=\"lazy\" decoding=\"async\" class=\"aligncenter size-full wp-image-1916\" src=\"https:\/\/www.iesuscaritas.org\/wp-content\/uploads\/2016\/08\/pdf100x100.png\" alt=\"\" width=\"100\" height=\"100\" \/><\/a><\/p>","protected":false},"excerpt":{"rendered":"<p>Rapport van het bezoek aan WEND BE NE DO (WBND) in Burkina Faso, door de co\u00f6peranten Carlos LLANO, Andr\u00e9s Pedro MU\u00d1OZ, Alberto HERNANDIS en Aurelio SANZ van de Stichting Tienda <a class=\"more-link\" href=\"https:\/\/www.iesuscaritas.org\/nl\/documentos\/wend-be-ne-do-burkina-faso-informe-diciembre-2018\/\">Continue Reading &rarr;<\/a><\/p>\n","protected":false},"author":1,"featured_media":0,"comment_status":"open","ping_status":"open","sticky":false,"template":"","format":"standard","meta":{"footnotes":""},"categories":[78],"tags":[],"class_list":["post-3640","post","type-post","status-publish","format-standard","hentry","category-documentos"],"_links":{"self":[{"href":"https:\/\/www.iesuscaritas.org\/nl\/wp-json\/wp\/v2\/posts\/3640","targetHints":{"allow":["GET"]}}],"collection":[{"href":"https:\/\/www.iesuscaritas.org\/nl\/wp-json\/wp\/v2\/posts"}],"about":[{"href":"https:\/\/www.iesuscaritas.org\/nl\/wp-json\/wp\/v2\/types\/post"}],"author":[{"embeddable":true,"href":"https:\/\/www.iesuscaritas.org\/nl\/wp-json\/wp\/v2\/users\/1"}],"replies":[{"embeddable":true,"href":"https:\/\/www.iesuscaritas.org\/nl\/wp-json\/wp\/v2\/comments?post=3640"}],"version-history":[{"count":6,"href":"https:\/\/www.iesuscaritas.org\/nl\/wp-json\/wp\/v2\/posts\/3640\/revisions"}],"predecessor-version":[{"id":3662,"href":"https:\/\/www.iesuscaritas.org\/nl\/wp-json\/wp\/v2\/posts\/3640\/revisions\/3662"}],"wp:attachment":[{"href":"https:\/\/www.iesuscaritas.org\/nl\/wp-json\/wp\/v2\/media?parent=3640"}],"wp:term":[{"taxonomy":"category","embeddable":true,"href":"https:\/\/www.iesuscaritas.org\/nl\/wp-json\/wp\/v2\/categories?post=3640"},{"taxonomy":"post_tag","embeddable":true,"href":"https:\/\/www.iesuscaritas.org\/nl\/wp-json\/wp\/v2\/tags?post=3640"}],"curies":[{"name":"wp","href":"https:\/\/api.w.org\/{rel}","templated":true}]}}