{"id":3421,"date":"2018-08-25T17:10:02","date_gmt":"2018-08-25T15:10:02","guid":{"rendered":"https:\/\/www.iesuscaritas.org\/?p=3421"},"modified":"2018-08-28T17:15:09","modified_gmt":"2018-08-28T15:15:09","slug":"francais-la-paque-de-la-petite-soeur-annie-de-jesus","status":"publish","type":"post","link":"https:\/\/www.iesuscaritas.org\/nl\/news\/francais-la-paque-de-la-petite-soeur-annie-de-jesus\/","title":{"rendered":"(Fran\u00e7ais) La P\u00e2que de la petite soeur Annie de J\u00e9sus"},"content":{"rendered":"<p class=\"qtranxs-available-languages-message qtranxs-available-languages-message-nl\">Onze verontschuldigingen, dit bericht is alleen beschikbaar in <a href=\"https:\/\/www.iesuscaritas.org\/fr\/wp-json\/wp\/v2\/posts\/3421\" class=\"qtranxs-available-language-link qtranxs-available-language-link-fr\" title=\"Fran\u00e7ais\">Fran\u00e7ais<\/a>.<\/p>","protected":false},"excerpt":{"rendered":"<p>Onze verontschuldigingen, dit bericht is alleen beschikbaar in Fran\u00e7ais.<\/p>\n","protected":false},"author":1,"featured_media":0,"comment_status":"open","ping_status":"open","sticky":false,"template":"","format":"standard","meta":{"footnotes":""},"categories":[1],"tags":[],"class_list":["post-3421","post","type-post","status-publish","format-standard","hentry","category-news"],"_links":{"self":[{"href":"https:\/\/www.iesuscaritas.org\/nl\/wp-json\/wp\/v2\/posts\/3421","targetHints":{"allow":["GET"]}}],"collection":[{"href":"https:\/\/www.iesuscaritas.org\/nl\/wp-json\/wp\/v2\/posts"}],"about":[{"href":"https:\/\/www.iesuscaritas.org\/nl\/wp-json\/wp\/v2\/types\/post"}],"author":[{"embeddable":true,"href":"https:\/\/www.iesuscaritas.org\/nl\/wp-json\/wp\/v2\/users\/1"}],"replies":[{"embeddable":true,"href":"https:\/\/www.iesuscaritas.org\/nl\/wp-json\/wp\/v2\/comments?post=3421"}],"version-history":[{"count":2,"href":"https:\/\/www.iesuscaritas.org\/nl\/wp-json\/wp\/v2\/posts\/3421\/revisions"}],"predecessor-version":[{"id":3425,"href":"https:\/\/www.iesuscaritas.org\/nl\/wp-json\/wp\/v2\/posts\/3421\/revisions\/3425"}],"wp:attachment":[{"href":"https:\/\/www.iesuscaritas.org\/nl\/wp-json\/wp\/v2\/media?parent=3421"}],"wp:term":[{"taxonomy":"category","embeddable":true,"href":"https:\/\/www.iesuscaritas.org\/nl\/wp-json\/wp\/v2\/categories?post=3421"},{"taxonomy":"post_tag","embeddable":true,"href":"https:\/\/www.iesuscaritas.org\/nl\/wp-json\/wp\/v2\/tags?post=3421"}],"curies":[{"name":"wp","href":"https:\/\/api.w.org\/{rel}","templated":true}]}}