{"id":1943,"date":"2016-09-11T19:20:23","date_gmt":"2016-09-11T17:20:23","guid":{"rendered":"http:\/\/www.iesuscaritas.org\/?p=1943"},"modified":"2017-03-01T17:52:24","modified_gmt":"2017-03-01T16:52:24","slug":"nuestro-hermano-abraham-apolinario-vicario-general-de-santo-domingo","status":"publish","type":"post","link":"https:\/\/www.iesuscaritas.org\/nl\/news\/nuestro-hermano-abraham-apolinario-vicario-general-de-santo-domingo\/","title":{"rendered":"(Espa\u00f1ol) Nuestro hermano Abraham APOLINARIO, vicario general de Santo Domingo"},"content":{"rendered":"<p class=\"qtranxs-available-languages-message qtranxs-available-languages-message-nl\">Onze verontschuldigingen, dit bericht is alleen beschikbaar in <a href=\"https:\/\/www.iesuscaritas.org\/es\/wp-json\/wp\/v2\/posts\/1943\" class=\"qtranxs-available-language-link qtranxs-available-language-link-es\" title=\"Espa\u00f1ol\">Espa\u00f1ol<\/a>, <a href=\"https:\/\/www.iesuscaritas.org\/en\/wp-json\/wp\/v2\/posts\/1943\" class=\"qtranxs-available-language-link qtranxs-available-language-link-en\" title=\"English\">English<\/a>, <a href=\"https:\/\/www.iesuscaritas.org\/fr\/wp-json\/wp\/v2\/posts\/1943\" class=\"qtranxs-available-language-link qtranxs-available-language-link-fr\" title=\"Fran\u00e7ais\">Fran\u00e7ais<\/a>, <a href=\"https:\/\/www.iesuscaritas.org\/de\/wp-json\/wp\/v2\/posts\/1943\" class=\"qtranxs-available-language-link qtranxs-available-language-link-de\" title=\"Deutsch\">Deutsch<\/a>, <a href=\"https:\/\/www.iesuscaritas.org\/pt\/wp-json\/wp\/v2\/posts\/1943\" class=\"qtranxs-available-language-link qtranxs-available-language-link-pt\" title=\"Portugu\u00eas\">Portugu\u00eas<\/a> en <a href=\"https:\/\/www.iesuscaritas.org\/it\/wp-json\/wp\/v2\/posts\/1943\" class=\"qtranxs-available-language-link qtranxs-available-language-link-it\" title=\"Italiano\">Italiano<\/a>.<\/p>","protected":false},"excerpt":{"rendered":"<p>Onze verontschuldigingen, dit bericht is alleen beschikbaar in Espa\u00f1ol, English, Fran\u00e7ais, Deutsch, Portugu\u00eas en Italiano.<\/p>\n","protected":false},"author":1,"featured_media":0,"comment_status":"open","ping_status":"open","sticky":false,"template":"","format":"standard","meta":{"footnotes":""},"categories":[1],"tags":[],"class_list":["post-1943","post","type-post","status-publish","format-standard","hentry","category-news"],"_links":{"self":[{"href":"https:\/\/www.iesuscaritas.org\/nl\/wp-json\/wp\/v2\/posts\/1943","targetHints":{"allow":["GET"]}}],"collection":[{"href":"https:\/\/www.iesuscaritas.org\/nl\/wp-json\/wp\/v2\/posts"}],"about":[{"href":"https:\/\/www.iesuscaritas.org\/nl\/wp-json\/wp\/v2\/types\/post"}],"author":[{"embeddable":true,"href":"https:\/\/www.iesuscaritas.org\/nl\/wp-json\/wp\/v2\/users\/1"}],"replies":[{"embeddable":true,"href":"https:\/\/www.iesuscaritas.org\/nl\/wp-json\/wp\/v2\/comments?post=1943"}],"version-history":[{"count":6,"href":"https:\/\/www.iesuscaritas.org\/nl\/wp-json\/wp\/v2\/posts\/1943\/revisions"}],"predecessor-version":[{"id":1958,"href":"https:\/\/www.iesuscaritas.org\/nl\/wp-json\/wp\/v2\/posts\/1943\/revisions\/1958"}],"wp:attachment":[{"href":"https:\/\/www.iesuscaritas.org\/nl\/wp-json\/wp\/v2\/media?parent=1943"}],"wp:term":[{"taxonomy":"category","embeddable":true,"href":"https:\/\/www.iesuscaritas.org\/nl\/wp-json\/wp\/v2\/categories?post=1943"},{"taxonomy":"post_tag","embeddable":true,"href":"https:\/\/www.iesuscaritas.org\/nl\/wp-json\/wp\/v2\/tags?post=1943"}],"curies":[{"name":"wp","href":"https:\/\/api.w.org\/{rel}","templated":true}]}}