{"id":8173,"date":"2025-11-15T07:55:49","date_gmt":"2025-11-15T06:55:49","guid":{"rendered":"https:\/\/www.iesuscaritas.org\/?p=8173"},"modified":"2025-11-15T07:55:49","modified_gmt":"2025-11-15T06:55:49","slug":"italiano-piccoli-fratelli-di-jesus-caritas-novembre-2025","status":"publish","type":"post","link":"https:\/\/www.iesuscaritas.org\/it\/documentos\/italiano-piccoli-fratelli-di-jesus-caritas-novembre-2025\/","title":{"rendered":"Piccoli Fratelli di Jesus Caritas, novembre 2025"},"content":{"rendered":"<p><\/p>\n<h2><a href=\"https:\/\/www.iesuscaritas.org\/wp-content\/uploads\/2025\/11\/JCQ_11_2025.jpg\"><img loading=\"lazy\" decoding=\"async\" class=\"alignright size-medium wp-image-8175\" src=\"https:\/\/www.iesuscaritas.org\/wp-content\/uploads\/2025\/11\/JCQ_11_2025-225x300.jpg\" alt=\"\" width=\"225\" height=\"300\" srcset=\"https:\/\/www.iesuscaritas.org\/wp-content\/uploads\/2025\/11\/JCQ_11_2025-225x300.jpg 225w, https:\/\/www.iesuscaritas.org\/wp-content\/uploads\/2025\/11\/JCQ_11_2025.jpg 671w\" sizes=\"auto, (max-width: 225px) 100vw, 225px\" \/><\/a>Continuiamo soltanto a remare<\/h2>\n<p>Carissimi, il 1o dicembre ci sar\u00e0, come di consueto, il ricordo nella preghiera di san Charles de Foucauld.<\/p>\n<p>Lo faremo con un tempo di adorazione \u2013 dalle 17 alle 18 \u2013 e con la celebrazione eucaristica subito dopo.<\/p>\n<p>\u00c8 una gioia per noi ricordare il nostro Santo e rammentare a tutta la Chiesa che la sua testimonianza \u00e8 proposta come modello di vita cristiana.<\/p>\n<p>Quando penso alla sua attualit\u00e0, la cosa che mi colpisce maggiormente \u00e8 il suo aver vissuto in anticipo lo stato di fatica e tristezza nel quale versa la Chiesa di oggi Quando vai per parrocchie, senti sempre discorsi nostalgici di un passato che non c\u2019\u00e8 pi\u00f9! Nostalgie di processioni, sagre, ma non solo&#8230; anche di campi scuola, gruppi giovanili, belle attivit\u00e0. Se poi giri per conventi o seminari, il ritornello \u00e8 sempre quello: poche vocazioni, come faremo ad andare avanti? Papa Francesco, nella Evangelii Gaudium, ci ha smascherati: \u00ab<em>Si sviluppa la psicologia della tomba, che poco a poco trasforma i cristiani in mummie da museo. Delusi dalla realt\u00e0, dalla Chiesa o da <\/em><em>se stessi, vivono la costante tentazione di attaccarsi a una tristezza dolciastra, senza speranza, che si impadronisce del cuore [&#8230;] Per tutto ci\u00f2 mi permetto di insistere: non lasciamoci rubare la gioia dell\u2019evangelizzazione!<\/em>\u00bb<\/p>\n<hr \/>\n<p>\ud83d\udcc3 PDF: <a href=\"https:\/\/www.iesuscaritas.org\/wp-content\/uploads\/2025\/11\/JCQ_11_2025-1-HR.pdf\">JCQ_11_2025 1 HR<\/a><\/p>","protected":false},"excerpt":{"rendered":"<p>Continuiamo soltanto a remare Carissimi, il 1o dicembre ci sar\u00e0, come di consueto, il ricordo nella preghiera di san Charles de Foucauld. Lo faremo con un tempo di adorazione \u2013 <a class=\"more-link\" href=\"https:\/\/www.iesuscaritas.org\/it\/documentos\/italiano-piccoli-fratelli-di-jesus-caritas-novembre-2025\/\">Continue Reading &rarr;<\/a><\/p>\n","protected":false},"author":1,"featured_media":0,"comment_status":"open","ping_status":"closed","sticky":false,"template":"","format":"standard","meta":{"footnotes":""},"categories":[78],"tags":[],"class_list":["post-8173","post","type-post","status-publish","format-standard","hentry","category-documentos"],"_links":{"self":[{"href":"https:\/\/www.iesuscaritas.org\/it\/wp-json\/wp\/v2\/posts\/8173","targetHints":{"allow":["GET"]}}],"collection":[{"href":"https:\/\/www.iesuscaritas.org\/it\/wp-json\/wp\/v2\/posts"}],"about":[{"href":"https:\/\/www.iesuscaritas.org\/it\/wp-json\/wp\/v2\/types\/post"}],"author":[{"embeddable":true,"href":"https:\/\/www.iesuscaritas.org\/it\/wp-json\/wp\/v2\/users\/1"}],"replies":[{"embeddable":true,"href":"https:\/\/www.iesuscaritas.org\/it\/wp-json\/wp\/v2\/comments?post=8173"}],"version-history":[{"count":2,"href":"https:\/\/www.iesuscaritas.org\/it\/wp-json\/wp\/v2\/posts\/8173\/revisions"}],"predecessor-version":[{"id":8177,"href":"https:\/\/www.iesuscaritas.org\/it\/wp-json\/wp\/v2\/posts\/8173\/revisions\/8177"}],"wp:attachment":[{"href":"https:\/\/www.iesuscaritas.org\/it\/wp-json\/wp\/v2\/media?parent=8173"}],"wp:term":[{"taxonomy":"category","embeddable":true,"href":"https:\/\/www.iesuscaritas.org\/it\/wp-json\/wp\/v2\/categories?post=8173"},{"taxonomy":"post_tag","embeddable":true,"href":"https:\/\/www.iesuscaritas.org\/it\/wp-json\/wp\/v2\/tags?post=8173"}],"curies":[{"name":"wp","href":"https:\/\/api.w.org\/{rel}","templated":true}]}}