{"id":7646,"date":"2025-02-27T19:33:49","date_gmt":"2025-02-27T18:33:49","guid":{"rendered":"https:\/\/www.iesuscaritas.org\/?p=7646"},"modified":"2025-02-27T19:33:49","modified_gmt":"2025-02-27T18:33:49","slug":"propuesta-de-revision-de-vida-cuaresma-2025-aurelio-sanz-baeza","status":"publish","type":"post","link":"https:\/\/www.iesuscaritas.org\/it\/documentos\/propuesta-de-revision-de-vida-cuaresma-2025-aurelio-sanz-baeza\/","title":{"rendered":"Proposta di REVISIONE DI VITA. Quaresima 2025, Aurelio SANZ BAEZA"},"content":{"rendered":"<p><a href=\"https:\/\/www.iesuscaritas.org\/wp-content\/uploads\/2025\/02\/cuaresma2025-01.jpg\"><img loading=\"lazy\" decoding=\"async\" class=\"size-medium wp-image-7664 alignleft\" src=\"https:\/\/www.iesuscaritas.org\/wp-content\/uploads\/2025\/02\/cuaresma2025-01-300x225.jpg\" alt=\"\" width=\"300\" height=\"225\" srcset=\"https:\/\/www.iesuscaritas.org\/wp-content\/uploads\/2025\/02\/cuaresma2025-01-300x225.jpg 300w, https:\/\/www.iesuscaritas.org\/wp-content\/uploads\/2025\/02\/cuaresma2025-01.jpg 680w\" sizes=\"auto, (max-width: 300px) 100vw, 300px\" \/><\/a>\u201cAttraverso il deserto, Dio ci conduce alla libert\u00e0\u201d \u00e8 stato il motto del nostro Papa Francesco per la Quaresima 2024.<\/p>\n<p>Uscire dalla schiavit\u00f9 e, lungo il cammino, lasciarci guidare da Dio, imparando dai nostri errori; una vita piena di eventi e di persone che incontriamo o che ci accompagnano nella nostra Nazareth quotidiana.<br \/>\nIl Signore ci chiama durante questa Quaresima 2025 a non fuggire dalle realt\u00e0 del mondo, di cui facciamo parte. Usciamo dalla bolla delle nostre idee, delle nostre certezze&#8230; Il Signore vuole che siamo felici, non che siamo vincitori; consegnati, non vittime; attenti agli altri, non guardie del corpo per noi stessi; figli della luce, non abbagliati da nulla.<\/p>\n<p>Durante la Quaresima, Dio pu\u00f2 spingerci a rivedere la nostra vita come esseri umani in un mondo ferito, come credenti in Ges\u00f9 (membri della Chiesa) e come fratello all&#8217;interno della nostra fraternit\u00e0.<\/p>\n<h2>Nel nostro mondo<\/h2>\n<p><a href=\"https:\/\/www.iesuscaritas.org\/wp-content\/uploads\/2025\/02\/cuaresma2025-02.jpg\"><img loading=\"lazy\" decoding=\"async\" class=\"alignright size-full wp-image-7665\" src=\"https:\/\/www.iesuscaritas.org\/wp-content\/uploads\/2025\/02\/cuaresma2025-02.jpg\" alt=\"\" width=\"252\" height=\"200\" \/><\/a>Nelle situazioni difficili, che crediamo addirittura impossibili da risolvere, scopriamo la nostra impotenza e perfino la nostra rabbia per le gravi ingiustizie subite dall&#8217;umanit\u00e0. Oppure, al contrario, affrontiamo le situazioni con pace. \u00abSolleva il misero dall&#8217;immondizia\u00bb (1 Sam 2,8), scritto 1.100 anni prima di Cristo. \u00c8 molto difficile per noi guardare al futuro dell&#8217;umanit\u00e0 con ottimismo. La polarizzazione, come risorsa dei potenti, del dio denaro, raggiunge la politica, la cultura, la Chiesa, il mondo del lavoro, tutti gli ambiti. Vogliono che siamo nervosi, tesi, senza pensare o analizzare la realt\u00e0.<\/p>\n<p>Come posso aiutare i poveri che mi circondano ad alzarsi dalla spazzatura? Come faccio a ritrovarmi nella spazzatura della mia casa, del mio interno? Trovo forza nella mia fede, in me stesso, nella mia fiducia negli altri, nella mia fiducia in Dio?<\/p>\n<h2>Nella nostra Chiesa<\/h2>\n<p><a href=\"https:\/\/www.iesuscaritas.org\/wp-content\/uploads\/2025\/02\/cuaresma2025-03.jpg\"><img loading=\"lazy\" decoding=\"async\" class=\"size-full wp-image-7666 alignleft\" src=\"https:\/\/www.iesuscaritas.org\/wp-content\/uploads\/2025\/02\/cuaresma2025-03.jpg\" alt=\"\" width=\"188\" height=\"268\" \/><\/a>Figli della luce non \u00e8 solo un&#8217;espressione molto bella. Come battezzati e come sacerdoti siamo chiamati ad essere figli e testimoni della Luce. \u201cVoi siete tutti figli della luce e figli del giorno. Non siamo della notte n\u00e9 delle tenebre\u00bb (1 Ts 5,5), ma a volte le speranze si spengono, i motivi per essere felici si condividono con la luce che portiamo dentro e con la luce del Vangelo. Nelle nostre vite potrebbero verificarsi usura o disincanto. La luce di Ges\u00f9, il Risorto, non si spegne mai.<\/p>\n<p>Come mi posiziono nella Chiesa, di fronte agli appelli del Sinodo, alla speranza di una Chiesa rinnovata? Quale luce ricevo dalla Chiesa, dalla mia diocesi, dalla mia parrocchia? C&#8217;\u00e8 qualche lampada che non mi serve pi\u00f9, che non illumina pi\u00f9 la mia vita? Spengo la luce degli altri?<\/p>\n<h2>Nella nostra fraternit\u00e0<\/h2>\n<p><a href=\"https:\/\/www.iesuscaritas.org\/wp-content\/uploads\/2025\/02\/cuaresma2025-04.jpg\"><img loading=\"lazy\" decoding=\"async\" class=\"alignright size-full wp-image-7667\" src=\"https:\/\/www.iesuscaritas.org\/wp-content\/uploads\/2025\/02\/cuaresma2025-04.jpg\" alt=\"\" width=\"201\" height=\"251\" \/><\/a>La fraternit\u00e0 \u00e8 lo spazio umano in cui possiamo esprimerci cos\u00ec come siamo, senza travestimenti.<br \/>\nNon si tratta di un gruppo di amici single che si riuniscono. La fraternit\u00e0 ci aiuta a vivere una spiritualit\u00e0 e una pratica basate sulle intuizioni di Charles de FOUCAULD: contemplazione, azione, lavoro, dedizione ai pi\u00f9 poveri, stile di Nazareth nella vita personale e pastorale, vita condivisa negli incontri, nella revisione di vita, nel culto e nel deserto.\u00abAbbiate gli stessi sentimenti gli uni verso gli altri\u00bb (Rm 12,16a) La fraternit\u00e0 \u00e8 una ricchezza umana condivisa tra i sacerdoti chiamati ad evangelizzare. La nostra fraternit\u00e0 non \u00e8 una congregazione religiosa, n\u00e9 tantomeno un&#8217;appartenenza robotica a un gruppo nel carisma di Charles de FOUCAULD.<\/p>\n<p><a href=\"https:\/\/www.iesuscaritas.org\/wp-content\/uploads\/2025\/02\/cuaresma2025-05.jpg\"><img loading=\"lazy\" decoding=\"async\" class=\"size-full wp-image-7663 alignleft\" src=\"https:\/\/www.iesuscaritas.org\/wp-content\/uploads\/2025\/02\/cuaresma2025-05.jpg\" alt=\"\" width=\"171\" height=\"133\" \/><\/a>Cosa trovo nella mia fraternit\u00e0 per essere fedele alla chiamata di Ges\u00f9? L\u2019incontro fraterno \u00e8 per me una priorit\u00e0? Dalla mia vita e dalle mie realt\u00e0, cosa offro, cosa dono? So ascoltare i miei fratelli, mi preoccupo per loro, come posso aiutarli? La fratellanza \u00e8 plurale: come vivo le differenze tra me e gli altri? In che modo la fraternit\u00e0 mi ha cambiato interiormente come uomo e come sacerdote?<\/p>\n<p>Aurelio SANZ BAEZA,<br \/>\nfraternit\u00e0 di Murcia<\/p>\n<hr \/>\n<p>PDF: <a href=\"https:\/\/www.iesuscaritas.org\/wp-content\/uploads\/2025\/02\/Proposta-di-REVISIONE-DI-VITA.-Quaresima-2025-Aurelio-SANZ-BAEZA-it.pdf\">Proposta di REVISIONE DI VITA. Quaresima 2025, Aurelio SANZ BAEZA it<\/a><\/p>","protected":false},"excerpt":{"rendered":"<p>\u201cAttraverso il deserto, Dio ci conduce alla libert\u00e0\u201d \u00e8 stato il motto del nostro Papa Francesco per la Quaresima 2024. Uscire dalla schiavit\u00f9 e, lungo il cammino, lasciarci guidare da <a class=\"more-link\" href=\"https:\/\/www.iesuscaritas.org\/it\/documentos\/propuesta-de-revision-de-vida-cuaresma-2025-aurelio-sanz-baeza\/\">Continue Reading &rarr;<\/a><\/p>\n","protected":false},"author":1,"featured_media":0,"comment_status":"open","ping_status":"closed","sticky":false,"template":"","format":"standard","meta":{"footnotes":""},"categories":[78],"tags":[],"class_list":["post-7646","post","type-post","status-publish","format-standard","hentry","category-documentos"],"_links":{"self":[{"href":"https:\/\/www.iesuscaritas.org\/it\/wp-json\/wp\/v2\/posts\/7646","targetHints":{"allow":["GET"]}}],"collection":[{"href":"https:\/\/www.iesuscaritas.org\/it\/wp-json\/wp\/v2\/posts"}],"about":[{"href":"https:\/\/www.iesuscaritas.org\/it\/wp-json\/wp\/v2\/types\/post"}],"author":[{"embeddable":true,"href":"https:\/\/www.iesuscaritas.org\/it\/wp-json\/wp\/v2\/users\/1"}],"replies":[{"embeddable":true,"href":"https:\/\/www.iesuscaritas.org\/it\/wp-json\/wp\/v2\/comments?post=7646"}],"version-history":[{"count":19,"href":"https:\/\/www.iesuscaritas.org\/it\/wp-json\/wp\/v2\/posts\/7646\/revisions"}],"predecessor-version":[{"id":7678,"href":"https:\/\/www.iesuscaritas.org\/it\/wp-json\/wp\/v2\/posts\/7646\/revisions\/7678"}],"wp:attachment":[{"href":"https:\/\/www.iesuscaritas.org\/it\/wp-json\/wp\/v2\/media?parent=7646"}],"wp:term":[{"taxonomy":"category","embeddable":true,"href":"https:\/\/www.iesuscaritas.org\/it\/wp-json\/wp\/v2\/categories?post=7646"},{"taxonomy":"post_tag","embeddable":true,"href":"https:\/\/www.iesuscaritas.org\/it\/wp-json\/wp\/v2\/tags?post=7646"}],"curies":[{"name":"wp","href":"https:\/\/api.w.org\/{rel}","templated":true}]}}