{"id":7370,"date":"2024-09-29T11:48:54","date_gmt":"2024-09-29T09:48:54","guid":{"rendered":"https:\/\/www.iesuscaritas.org\/?p=7370"},"modified":"2024-09-29T11:48:54","modified_gmt":"2024-09-29T09:48:54","slug":"cronica-de-la-reunion-del-equipo-panamericano-setiembre-2024-carlos-roberto-dos-santos","status":"publish","type":"post","link":"https:\/\/www.iesuscaritas.org\/it\/encuentros\/cronica-de-la-reunion-del-equipo-panamericano-setiembre-2024-carlos-roberto-dos-santos\/","title":{"rendered":"Cronaca dell&#8217;incontro dell&#8217;Equipe Panamericana. Settembre 2024. Carlos Roberto dos SANTOS"},"content":{"rendered":"<p><\/p>\n<p lang=\"es-ES\" align=\"left\"><a href=\"https:\/\/www.iesuscaritas.org\/wp-content\/uploads\/2024\/09\/Cronica-de-la-Reunion-del-Equipo-Panamericano.-Setiembre-2024-1.jpg\"><img loading=\"lazy\" decoding=\"async\" class=\"alignright size-medium wp-image-7382\" src=\"https:\/\/www.iesuscaritas.org\/wp-content\/uploads\/2024\/09\/Cronica-de-la-Reunion-del-Equipo-Panamericano.-Setiembre-2024-1-300x209.jpg\" alt=\"\" width=\"300\" height=\"209\" srcset=\"https:\/\/www.iesuscaritas.org\/wp-content\/uploads\/2024\/09\/Cronica-de-la-Reunion-del-Equipo-Panamericano.-Setiembre-2024-1-300x209.jpg 300w, https:\/\/www.iesuscaritas.org\/wp-content\/uploads\/2024\/09\/Cronica-de-la-Reunion-del-Equipo-Panamericano.-Setiembre-2024-1.jpg 683w\" sizes=\"auto, (max-width: 300px) 100vw, 300px\" \/><\/a>Ai fratelli della Fraternit\u00e0 Jesus Caritas<\/p>\n<p lang=\"es-ES\">L&#8217;\u00e9quipe panamericana si \u00e8 riunita in Brasile, nella citt\u00e0 di Goi\u00e1s, dal 16 al 21 settembre 2024. Eravamo alla Casa della Fraternit\u00e0, dove si vive la spiritualit\u00e0 dei fratelli Charles de Foucauld. Padre Carlos Roberto, responsabile panamericano, che vive l\u00ec, ci ha ricevuto e ha organizzato le attivit\u00e0 di questo incontro.<\/p>\n<p lang=\"es-ES\">O gni giorno alle 7,30 facevamo mezz&#8217;ora di adorazione silenziosa e alle 8,00 celebravamo le lodi. Il pranzo ogni giorno era alle 12:30. Alle 18,30 c&#8217;\u00e8 stata la Messa con la comunit\u00e0 e alle 20,00 abbiamo cenato.<\/p>\n<p lang=\"es-ES\">Luned\u00ec pomeriggio abbiamo avuto un primo incontro sia di persona che virtuale. Vi hanno partecipato quattro membri della squadra: Carlos dal Brasile, M\u00e1rtires dalla Repubblica Dominicana, Alex dagli USA, Tino dall&#8217;Argentina, Fernando Tapia e Arturo dal Cile e Jhonfer dal Venezuela. Padre Tapia ci ha inizialmente parlato dell&#8217;organizzazione della XII Assemblea Internazionale (dal 6 al 21 maggio 2025), del Direttorio e degli Statuti della Fraternit\u00e0, che l&#8217;\u00e9quipe internazionale sta rivedendo. Ci informa inoltre della necessit\u00e0 di inviare i moduli di registrazione dei responsabili e dei delegati con i rispettivi voli per organizzare la logistica dell&#8217;incontro. La lettera di invito sar\u00e0 inviata dal vescovado di San Isidro ai partecipanti che necessitano di visto per entrare in Argentina.<\/p>\n<p lang=\"es-ES\">Poi abbiamo condiviso ci\u00f2 che stanno vivendo le Fraternit\u00e0 di ciascuno dei nostri Paesi e in modo speciale la formazione delle Fraternit\u00e0 di altri Paesi come Venezuela (era presente P. Jhonfer), Colombia, Cuba, El Salvador, Nicaragua e Panama. Luned\u00ec alle 18,30 abbiamo celebrato la messa con la piccola comunit\u00e0 che partecipa alle attivit\u00e0 della Casa della Fraternit\u00e0.<\/p>\n<p lang=\"es-ES\"><a href=\"https:\/\/www.iesuscaritas.org\/wp-content\/uploads\/2024\/09\/Cronica-de-la-Reunion-del-Equipo-Panamericano.-Setiembre-2024-2.jpg\"><img loading=\"lazy\" decoding=\"async\" class=\"size-medium wp-image-7383 alignleft\" src=\"https:\/\/www.iesuscaritas.org\/wp-content\/uploads\/2024\/09\/Cronica-de-la-Reunion-del-Equipo-Panamericano.-Setiembre-2024-2-300x201.jpg\" alt=\"\" width=\"300\" height=\"201\" srcset=\"https:\/\/www.iesuscaritas.org\/wp-content\/uploads\/2024\/09\/Cronica-de-la-Reunion-del-Equipo-Panamericano.-Setiembre-2024-2-300x201.jpg 300w, https:\/\/www.iesuscaritas.org\/wp-content\/uploads\/2024\/09\/Cronica-de-la-Reunion-del-Equipo-Panamericano.-Setiembre-2024-2.jpg 696w\" sizes=\"auto, (max-width: 300px) 100vw, 300px\" \/><\/a>Marted\u00ec mattina ci siamo incontrati di nuovo online, speravamo di ricevere un&#8217;illuminazione da p. Honor\u00e9 Sawadogo, sul tema: \u201cLottare contro il clericalismo con San Charles de Foucauld\u201d, ma non \u00e8 stato possibile a causa dell&#8217;instabilit\u00e0 di internet dove si trovava. , non gli ha permesso di connettersi con noi. Quindi ci ha inviato il messaggio in modo che potessimo averlo. Di fronte a questa situazione, continuiamo a condividere la vita delle nostre fraternit\u00e0 in ogni Paese. Abbiamo vissuto un ottimo scambio di esperienze tra i Fraternit\u00e0 esistenti e quelle nuove in formazione. La buona notizia \u00e8 che il Mese di Nazareth si \u00e8 svolto in diversi paesi delle Americhe, e anche che ci sono seminaristi e giovani sacerdoti che si avvicinano e partecipano alla nostra spiritualit\u00e0.<\/p>\n<p lang=\"es-ES\">Marted\u00ec pomeriggio \u00e8 proseguita l&#8217;organizzazione logistica della IV Assemblea Panamericana che si terr\u00e0 a San Paolo del Brasile.<\/p>\n<p lang=\"es-ES\">Mercoled\u00ec abbiamo avuto il Desert Day nel deserto di Goi\u00e1s, perch\u00e9 faceva un caldo insopportabile. Concludiamo con la celebrazione della Messa con il Popolo.<\/p>\n<p lang=\"es-ES\">Gioved\u00ec mattina abbiamo continuato i lavori per l&#8217;organizzazione della IV Assemblea. Nel pomeriggio abbiamo visitato la parrocchia Nuestra Se\u00f1ora de la Abad\u00eda, la citt\u00e0 Itabera\u00ed, e nella comunit\u00e0 San Jos\u00e9 siamo andati a casa di alcuni malati. In serata abbiamo celebrato la Messa nella comunit\u00e0 di San Antonio, insieme a padre Jos\u00e9 Mateus Dom\u00edngues, che appartiene alla Fraternit\u00e0.<\/p>\n<p lang=\"es-ES\"><a href=\"https:\/\/www.iesuscaritas.org\/wp-content\/uploads\/2024\/09\/Cronica-de-la-Reunion-del-Equipo-Panamericano.-Setiembre-2024-3.jpg\"><img loading=\"lazy\" decoding=\"async\" class=\"alignright size-medium wp-image-7384\" src=\"https:\/\/www.iesuscaritas.org\/wp-content\/uploads\/2024\/09\/Cronica-de-la-Reunion-del-Equipo-Panamericano.-Setiembre-2024-3-300x193.jpg\" alt=\"\" width=\"300\" height=\"193\" srcset=\"https:\/\/www.iesuscaritas.org\/wp-content\/uploads\/2024\/09\/Cronica-de-la-Reunion-del-Equipo-Panamericano.-Setiembre-2024-3-300x193.jpg 300w, https:\/\/www.iesuscaritas.org\/wp-content\/uploads\/2024\/09\/Cronica-de-la-Reunion-del-Equipo-Panamericano.-Setiembre-2024-3.jpg 688w\" sizes=\"auto, (max-width: 300px) 100vw, 300px\" \/><\/a>Venerd\u00ec abbiamo trascorso la mattinata e il pomeriggio visitando la Comunit\u00e0 Terapeutica Para\u00edso, dove abbiamo condiviso con gli uomini che vivono l\u00ec, che vengono aiutati nel recupero dalla dipendenza chimica. Ci siamo presentati, comunicando i nostri nomi e dicendo da dove veniamo, abbiamo pranzato con loro ed \u00e8 culminato con la celebrazione della Messa nella cappella della detta Comunit\u00e0. Durante la Messa, ogni persona presente ha potuto condividere il proprio dolore e la propria sofferenza, cos\u00ec come le proprie speranze di ottenere una cura e tornare sani alla propria vita e alle proprie famiglie. \u00c8 stato un momento molto importante, che ha aiutato tutti noi.<\/p>\n<p lang=\"es-ES\">Sabato mattina abbiamo discusso il testo dell&#8217;opuscolo liturgico in diverse lingue, che culmineremo in un altro incontro. Nel pomeriggio abbiamo scritto il testo dell&#8217;invito alla IV Assemblea e abbiamo concluso con il testo della cronaca di questo incontro.<\/p>\n<p lang=\"es-ES\">A nome della squadra panamericana, un grande abbraccio,<\/p>\n<p lang=\"es-ES\">Carlos Roberto dos Santos<\/p>\n<p lang=\"es-ES\">Responsabile continentale<\/p>\n<hr \/>\n<p lang=\"es-ES\">Leggete il documento in PDF: <a href=\"https:\/\/www.iesuscaritas.org\/wp-content\/uploads\/2024\/09\/Cronaca-dellincontro-dellEquipe-Panamericana.-Settembre-2024.-Carlos-Roberto-dos-SANTOS.-it.pdf\">Cronaca dell&#8217;incontro dell&#8217;Equipe Panamericana. Settembre 2024. Carlos Roberto dos SANTOS. it<\/a><\/p>\n<p><\/p>","protected":false},"excerpt":{"rendered":"<p>Ai fratelli della Fraternit\u00e0 Jesus Caritas L&#8217;\u00e9quipe panamericana si \u00e8 riunita in Brasile, nella citt\u00e0 di Goi\u00e1s, dal 16 al 21 settembre 2024. Eravamo alla Casa della Fraternit\u00e0, dove si <a class=\"more-link\" href=\"https:\/\/www.iesuscaritas.org\/it\/encuentros\/cronica-de-la-reunion-del-equipo-panamericano-setiembre-2024-carlos-roberto-dos-santos\/\">Continue Reading &rarr;<\/a><\/p>\n","protected":false},"author":1,"featured_media":0,"comment_status":"open","ping_status":"closed","sticky":false,"template":"","format":"standard","meta":{"footnotes":""},"categories":[82],"tags":[],"class_list":["post-7370","post","type-post","status-publish","format-standard","hentry","category-encuentros"],"_links":{"self":[{"href":"https:\/\/www.iesuscaritas.org\/it\/wp-json\/wp\/v2\/posts\/7370","targetHints":{"allow":["GET"]}}],"collection":[{"href":"https:\/\/www.iesuscaritas.org\/it\/wp-json\/wp\/v2\/posts"}],"about":[{"href":"https:\/\/www.iesuscaritas.org\/it\/wp-json\/wp\/v2\/types\/post"}],"author":[{"embeddable":true,"href":"https:\/\/www.iesuscaritas.org\/it\/wp-json\/wp\/v2\/users\/1"}],"replies":[{"embeddable":true,"href":"https:\/\/www.iesuscaritas.org\/it\/wp-json\/wp\/v2\/comments?post=7370"}],"version-history":[{"count":11,"href":"https:\/\/www.iesuscaritas.org\/it\/wp-json\/wp\/v2\/posts\/7370\/revisions"}],"predecessor-version":[{"id":7389,"href":"https:\/\/www.iesuscaritas.org\/it\/wp-json\/wp\/v2\/posts\/7370\/revisions\/7389"}],"wp:attachment":[{"href":"https:\/\/www.iesuscaritas.org\/it\/wp-json\/wp\/v2\/media?parent=7370"}],"wp:term":[{"taxonomy":"category","embeddable":true,"href":"https:\/\/www.iesuscaritas.org\/it\/wp-json\/wp\/v2\/categories?post=7370"},{"taxonomy":"post_tag","embeddable":true,"href":"https:\/\/www.iesuscaritas.org\/it\/wp-json\/wp\/v2\/tags?post=7370"}],"curies":[{"name":"wp","href":"https:\/\/api.w.org\/{rel}","templated":true}]}}