{"id":7245,"date":"2024-05-25T08:54:42","date_gmt":"2024-05-25T06:54:42","guid":{"rendered":"https:\/\/www.iesuscaritas.org\/?p=7245"},"modified":"2024-05-25T08:54:42","modified_gmt":"2024-05-25T06:54:42","slug":"italiano-piccoli-fratelli-di-jesus-caritas-maggio-2024","status":"publish","type":"post","link":"https:\/\/www.iesuscaritas.org\/it\/documentos\/italiano-piccoli-fratelli-di-jesus-caritas-maggio-2024\/","title":{"rendered":"Piccoli Fratelli di Jesus Caritas, maggio 2024"},"content":{"rendered":"<p><a href=\"https:\/\/www.iesuscaritas.org\/wp-content\/uploads\/2024\/05\/JCQ_5_2024.jpg\"><img loading=\"lazy\" decoding=\"async\" class=\"alignright size-medium wp-image-7247\" src=\"https:\/\/www.iesuscaritas.org\/wp-content\/uploads\/2024\/05\/JCQ_5_2024-300x230.jpg\" alt=\"\" width=\"300\" height=\"230\" srcset=\"https:\/\/www.iesuscaritas.org\/wp-content\/uploads\/2024\/05\/JCQ_5_2024-300x230.jpg 300w, https:\/\/www.iesuscaritas.org\/wp-content\/uploads\/2024\/05\/JCQ_5_2024-768x588.jpg 768w, https:\/\/www.iesuscaritas.org\/wp-content\/uploads\/2024\/05\/JCQ_5_2024.jpg 868w\" sizes=\"auto, (max-width: 300px) 100vw, 300px\" \/><\/a>Carissimi,<br \/>\nquando Tot\u00f2 e Peppino de Filippo, per cercare di rimettere sulla buona strada un loro nipote, arrivano a Milano bardati come gli esquimesi al polo nord, si mettono a dialogare sul clima lombardo e soprattutto sulla nebbia (parlo del Film: \u201cTot\u00f2, Peppino e la malafemmina\u201d). Alla domanda di Peppino su dove stia questa benedetta nebbia Tot\u00f2 risponde: \u201cMa tu hai sentito<br \/>\nche dicono sempre che a Milano c\u2019\u00e8 una nebbia che non si vede proprio niente? Allora la nebbia c\u2019\u00e8\u2026 ma non si vede!\u201d Proprio due domeniche fa, in uno degli incontri con i giovani che facciamo qui a Sassovivo ho avuto una discussione simile con una ragazza che diceva: \u201cIo prego Ges\u00f9 e mi trovo bene. Col Padre ho qualche difficolt\u00e0. Con lo Spirito Santo proprio non ci capisco pi\u00f9 niente. Ma che \u00e8? Dove sta?\u201d.<\/p>\n<hr \/>\n<p>Leggete il documento PDF: <a href=\"https:\/\/www.iesuscaritas.org\/wp-content\/uploads\/2024\/05\/JCQ_5_2024.pdf\">JCQ_5_2024<\/a><\/p>","protected":false},"excerpt":{"rendered":"<p>Carissimi, quando Tot\u00f2 e Peppino de Filippo, per cercare di rimettere sulla buona strada un loro nipote, arrivano a Milano bardati come gli esquimesi al polo nord, si mettono a <a class=\"more-link\" href=\"https:\/\/www.iesuscaritas.org\/it\/documentos\/italiano-piccoli-fratelli-di-jesus-caritas-maggio-2024\/\">Continue Reading &rarr;<\/a><\/p>\n","protected":false},"author":1,"featured_media":0,"comment_status":"open","ping_status":"closed","sticky":false,"template":"","format":"standard","meta":{"footnotes":""},"categories":[78],"tags":[],"class_list":["post-7245","post","type-post","status-publish","format-standard","hentry","category-documentos"],"_links":{"self":[{"href":"https:\/\/www.iesuscaritas.org\/it\/wp-json\/wp\/v2\/posts\/7245","targetHints":{"allow":["GET"]}}],"collection":[{"href":"https:\/\/www.iesuscaritas.org\/it\/wp-json\/wp\/v2\/posts"}],"about":[{"href":"https:\/\/www.iesuscaritas.org\/it\/wp-json\/wp\/v2\/types\/post"}],"author":[{"embeddable":true,"href":"https:\/\/www.iesuscaritas.org\/it\/wp-json\/wp\/v2\/users\/1"}],"replies":[{"embeddable":true,"href":"https:\/\/www.iesuscaritas.org\/it\/wp-json\/wp\/v2\/comments?post=7245"}],"version-history":[{"count":1,"href":"https:\/\/www.iesuscaritas.org\/it\/wp-json\/wp\/v2\/posts\/7245\/revisions"}],"predecessor-version":[{"id":7248,"href":"https:\/\/www.iesuscaritas.org\/it\/wp-json\/wp\/v2\/posts\/7245\/revisions\/7248"}],"wp:attachment":[{"href":"https:\/\/www.iesuscaritas.org\/it\/wp-json\/wp\/v2\/media?parent=7245"}],"wp:term":[{"taxonomy":"category","embeddable":true,"href":"https:\/\/www.iesuscaritas.org\/it\/wp-json\/wp\/v2\/categories?post=7245"},{"taxonomy":"post_tag","embeddable":true,"href":"https:\/\/www.iesuscaritas.org\/it\/wp-json\/wp\/v2\/tags?post=7245"}],"curies":[{"name":"wp","href":"https:\/\/api.w.org\/{rel}","templated":true}]}}