{"id":7073,"date":"2024-02-23T18:33:26","date_gmt":"2024-02-23T17:33:26","guid":{"rendered":"https:\/\/www.iesuscaritas.org\/?p=7073"},"modified":"2024-02-23T18:33:26","modified_gmt":"2024-02-23T17:33:26","slug":"italiano-esercici-assisi-2023-fraternita-ditalia-testi-integrali","status":"publish","type":"post","link":"https:\/\/www.iesuscaritas.org\/it\/documentos\/italiano-esercici-assisi-2023-fraternita-ditalia-testi-integrali\/","title":{"rendered":"ESERCICI Assisi 2023. Fraternit\u00e0  d&#8217;Italia. Testi integrali"},"content":{"rendered":"<p>LA FRATERNIT\u00c0 VISSUTA NEL VANGELO<\/p>\n<p>Sabino Chial\u00e0 priore di Bose<\/p>\n<p><a href=\"https:\/\/www.iesuscaritas.org\/wp-content\/uploads\/2024\/02\/ESERCIZI-Assisi-2023.-Fraternita-dItalia.-Testi-integrali.jpg\"><img loading=\"lazy\" decoding=\"async\" class=\"aligncenter size-large wp-image-7075\" src=\"https:\/\/www.iesuscaritas.org\/wp-content\/uploads\/2024\/02\/ESERCIZI-Assisi-2023.-Fraternita-dItalia.-Testi-integrali-1024x488.jpg\" alt=\"\" width=\"678\" height=\"323\" srcset=\"https:\/\/www.iesuscaritas.org\/wp-content\/uploads\/2024\/02\/ESERCIZI-Assisi-2023.-Fraternita-dItalia.-Testi-integrali-1024x488.jpg 1024w, https:\/\/www.iesuscaritas.org\/wp-content\/uploads\/2024\/02\/ESERCIZI-Assisi-2023.-Fraternita-dItalia.-Testi-integrali-300x143.jpg 300w, https:\/\/www.iesuscaritas.org\/wp-content\/uploads\/2024\/02\/ESERCIZI-Assisi-2023.-Fraternita-dItalia.-Testi-integrali-768x366.jpg 768w, https:\/\/www.iesuscaritas.org\/wp-content\/uploads\/2024\/02\/ESERCIZI-Assisi-2023.-Fraternita-dItalia.-Testi-integrali.jpg 1279w\" sizes=\"auto, (max-width: 678px) 100vw, 678px\" \/><\/a><\/p>\n<p>INDICE<\/p>\n<ul>\n<li>Uomini, Credenti, pastori &#8211; 3<\/li>\n<li>A causa di Ges\u00f9 e del vangelo &#8211; 8<\/li>\n<li>Ges\u00f9 \u00e8 il vangelo &#8211; 16<\/li>\n<li>Nel cuore del mondo e della chiesa &#8211; 22<\/li>\n<li>Le radici della fraternit\u00e0 &#8211; 30<\/li>\n<li>La revisione di vita &#8211; 39<\/li>\n<li>La preghiera contemplativa &#8211; 47<\/li>\n<\/ul>\n<hr \/>\n<p>Leggete il documento completo in PDF: <a href=\"https:\/\/www.iesuscaritas.org\/wp-content\/uploads\/2024\/02\/ESERCIZI-Assisi-2023.-Fraternita-dItalia.-Testi-integrali.pdf\">ESERCIZI Assisi 2023. Fraternit\u00e0 d&#8217;Italia. Testi integrali<\/a><\/p>","protected":false},"excerpt":{"rendered":"<p>LA FRATERNIT\u00c0 VISSUTA NEL VANGELO Sabino Chial\u00e0 priore di Bose INDICE Uomini, Credenti, pastori &#8211; 3 A causa di Ges\u00f9 e del vangelo &#8211; 8 Ges\u00f9 \u00e8 il vangelo &#8211; <a class=\"more-link\" href=\"https:\/\/www.iesuscaritas.org\/it\/documentos\/italiano-esercici-assisi-2023-fraternita-ditalia-testi-integrali\/\">Continue Reading &rarr;<\/a><\/p>\n","protected":false},"author":1,"featured_media":0,"comment_status":"open","ping_status":"closed","sticky":false,"template":"","format":"standard","meta":{"footnotes":""},"categories":[78],"tags":[],"class_list":["post-7073","post","type-post","status-publish","format-standard","hentry","category-documentos"],"_links":{"self":[{"href":"https:\/\/www.iesuscaritas.org\/it\/wp-json\/wp\/v2\/posts\/7073","targetHints":{"allow":["GET"]}}],"collection":[{"href":"https:\/\/www.iesuscaritas.org\/it\/wp-json\/wp\/v2\/posts"}],"about":[{"href":"https:\/\/www.iesuscaritas.org\/it\/wp-json\/wp\/v2\/types\/post"}],"author":[{"embeddable":true,"href":"https:\/\/www.iesuscaritas.org\/it\/wp-json\/wp\/v2\/users\/1"}],"replies":[{"embeddable":true,"href":"https:\/\/www.iesuscaritas.org\/it\/wp-json\/wp\/v2\/comments?post=7073"}],"version-history":[{"count":1,"href":"https:\/\/www.iesuscaritas.org\/it\/wp-json\/wp\/v2\/posts\/7073\/revisions"}],"predecessor-version":[{"id":7076,"href":"https:\/\/www.iesuscaritas.org\/it\/wp-json\/wp\/v2\/posts\/7073\/revisions\/7076"}],"wp:attachment":[{"href":"https:\/\/www.iesuscaritas.org\/it\/wp-json\/wp\/v2\/media?parent=7073"}],"wp:term":[{"taxonomy":"category","embeddable":true,"href":"https:\/\/www.iesuscaritas.org\/it\/wp-json\/wp\/v2\/categories?post=7073"},{"taxonomy":"post_tag","embeddable":true,"href":"https:\/\/www.iesuscaritas.org\/it\/wp-json\/wp\/v2\/tags?post=7073"}],"curies":[{"name":"wp","href":"https:\/\/api.w.org\/{rel}","templated":true}]}}