{"id":6822,"date":"2023-09-23T12:09:23","date_gmt":"2023-09-23T10:09:23","guid":{"rendered":"https:\/\/www.iesuscaritas.org\/?p=6822"},"modified":"2023-09-23T12:09:23","modified_gmt":"2023-09-23T10:09:23","slug":"italiano-piccoli-fratelli-di-jesus-caritas-settembre-2023","status":"publish","type":"post","link":"https:\/\/www.iesuscaritas.org\/it\/documentos\/italiano-piccoli-fratelli-di-jesus-caritas-settembre-2023\/","title":{"rendered":"Piccoli Fratelli di Jesus Caritas, settembre 2023"},"content":{"rendered":"<p>Carissimi, con il mese di settembre inizia un nuovo anno sociale, ricco di propositi e carico di speranza.<\/p>\n<p>Gli scolari, gli studenti, e non solo loro, preparano lo zainetto per andare a scuola.<\/p>\n<p>Ognuno di noi ha uno zaino particolare da preparare, che \u00e8 quello del cuore.<\/p>\n<p>Ges\u00f9 nel Vangelo ci dice: \u201cDov\u2019\u00e8 il vostro tesoro, l\u00e0 sar\u00e0 anche il vostro cuore.\u201d (Lc. 12,34).<\/p>\n<p>Dov\u2019\u00e8 il mio, il tuo tesoro? \u00c8 una domanda fondamentale per orientare il cammino e organizzare la bisaccia del nostro pellegrinaggio.<\/p>\n<hr \/>\n<p>Leggete il documento completo in PDF: <a href=\"https:\/\/www.iesuscaritas.org\/wp-content\/uploads\/2023\/09\/Piccoli-Fratelli-di-Jesus-Caritas-settembre-2023.pdf\">Piccoli Fratelli di Jesus Caritas, settembre 2023<\/a><\/p>","protected":false},"excerpt":{"rendered":"<p>Carissimi, con il mese di settembre inizia un nuovo anno sociale, ricco di propositi e carico di speranza. Gli scolari, gli studenti, e non solo loro, preparano lo zainetto per <a class=\"more-link\" href=\"https:\/\/www.iesuscaritas.org\/it\/documentos\/italiano-piccoli-fratelli-di-jesus-caritas-settembre-2023\/\">Continue Reading &rarr;<\/a><\/p>\n","protected":false},"author":1,"featured_media":0,"comment_status":"open","ping_status":"closed","sticky":false,"template":"","format":"standard","meta":{"footnotes":""},"categories":[78],"tags":[],"class_list":["post-6822","post","type-post","status-publish","format-standard","hentry","category-documentos"],"_links":{"self":[{"href":"https:\/\/www.iesuscaritas.org\/it\/wp-json\/wp\/v2\/posts\/6822","targetHints":{"allow":["GET"]}}],"collection":[{"href":"https:\/\/www.iesuscaritas.org\/it\/wp-json\/wp\/v2\/posts"}],"about":[{"href":"https:\/\/www.iesuscaritas.org\/it\/wp-json\/wp\/v2\/types\/post"}],"author":[{"embeddable":true,"href":"https:\/\/www.iesuscaritas.org\/it\/wp-json\/wp\/v2\/users\/1"}],"replies":[{"embeddable":true,"href":"https:\/\/www.iesuscaritas.org\/it\/wp-json\/wp\/v2\/comments?post=6822"}],"version-history":[{"count":1,"href":"https:\/\/www.iesuscaritas.org\/it\/wp-json\/wp\/v2\/posts\/6822\/revisions"}],"predecessor-version":[{"id":6824,"href":"https:\/\/www.iesuscaritas.org\/it\/wp-json\/wp\/v2\/posts\/6822\/revisions\/6824"}],"wp:attachment":[{"href":"https:\/\/www.iesuscaritas.org\/it\/wp-json\/wp\/v2\/media?parent=6822"}],"wp:term":[{"taxonomy":"category","embeddable":true,"href":"https:\/\/www.iesuscaritas.org\/it\/wp-json\/wp\/v2\/categories?post=6822"},{"taxonomy":"post_tag","embeddable":true,"href":"https:\/\/www.iesuscaritas.org\/it\/wp-json\/wp\/v2\/tags?post=6822"}],"curies":[{"name":"wp","href":"https:\/\/api.w.org\/{rel}","templated":true}]}}