{"id":6249,"date":"2022-09-10T12:50:02","date_gmt":"2022-09-10T10:50:02","guid":{"rendered":"https:\/\/www.iesuscaritas.org\/?p=6249"},"modified":"2022-09-17T11:53:52","modified_gmt":"2022-09-17T09:53:52","slug":"italiano-piccoli-fratelli-di-jesus-caritas-settembre-2022","status":"publish","type":"post","link":"https:\/\/www.iesuscaritas.org\/it\/documentos\/italiano-piccoli-fratelli-di-jesus-caritas-settembre-2022\/","title":{"rendered":"Piccoli Fratelli di Jesus Caritas, settembre 2022"},"content":{"rendered":"<p><a href=\"https:\/\/www.iesuscaritas.org\/wp-content\/uploads\/2022\/09\/croce.jpg\"><img loading=\"lazy\" decoding=\"async\" class=\"alignright size-medium wp-image-6250\" src=\"https:\/\/www.iesuscaritas.org\/wp-content\/uploads\/2022\/09\/croce-229x300.jpg\" alt=\"\" width=\"229\" height=\"300\" srcset=\"https:\/\/www.iesuscaritas.org\/wp-content\/uploads\/2022\/09\/croce-229x300.jpg 229w, https:\/\/www.iesuscaritas.org\/wp-content\/uploads\/2022\/09\/croce.jpg 598w\" sizes=\"auto, (max-width: 229px) 100vw, 229px\" \/><\/a>Carissimi, dopo la parentesi estiva riprendiamo la quotidianit\u00e0 con i ritmi consueti. La festa dell\u2019esaltazione della Santa Croce, il 14 settembre, \u00e8 un\u2019occasione di grazia per affrontare un nuovo anno sociale con passo rinnovato: unificati con noi stessi e in armonia con la realt\u00e0 in cui siamo inseriti.<\/p>\n<p>La festa della Santa Croce \u00e8 molto cara a noi piccoli fratelli di Jesus Caritas, perch\u00e9 la parrocchia in Limiti di Spello, dove \u00e8 nata la nostra comunit\u00e0, \u00e8 dedicata alla Santa Croce, come anche l\u2019abbazia di Sassovivo dove viviamo.<\/p>\n<p>La Croce, per noi cristiani, \u00e8 il punto di riferimento per orientare il nostro essere nel pellegrinaggio che siamo chiamati a compiere.<\/p>\n<p>PDF: <a href=\"https:\/\/www.iesuscaritas.org\/wp-content\/uploads\/2022\/09\/JCQ_9_2022.pdf\">JCQ_9_2022<\/a><\/p>","protected":false},"excerpt":{"rendered":"<p>Carissimi, dopo la parentesi estiva riprendiamo la quotidianit\u00e0 con i ritmi consueti. La festa dell\u2019esaltazione della Santa Croce, il 14 settembre, \u00e8 un\u2019occasione di grazia per affrontare un nuovo anno <a class=\"more-link\" href=\"https:\/\/www.iesuscaritas.org\/it\/documentos\/italiano-piccoli-fratelli-di-jesus-caritas-settembre-2022\/\">Continue Reading &rarr;<\/a><\/p>\n","protected":false},"author":1,"featured_media":0,"comment_status":"open","ping_status":"closed","sticky":false,"template":"","format":"standard","meta":{"footnotes":""},"categories":[78],"tags":[],"class_list":["post-6249","post","type-post","status-publish","format-standard","hentry","category-documentos"],"_links":{"self":[{"href":"https:\/\/www.iesuscaritas.org\/it\/wp-json\/wp\/v2\/posts\/6249","targetHints":{"allow":["GET"]}}],"collection":[{"href":"https:\/\/www.iesuscaritas.org\/it\/wp-json\/wp\/v2\/posts"}],"about":[{"href":"https:\/\/www.iesuscaritas.org\/it\/wp-json\/wp\/v2\/types\/post"}],"author":[{"embeddable":true,"href":"https:\/\/www.iesuscaritas.org\/it\/wp-json\/wp\/v2\/users\/1"}],"replies":[{"embeddable":true,"href":"https:\/\/www.iesuscaritas.org\/it\/wp-json\/wp\/v2\/comments?post=6249"}],"version-history":[{"count":1,"href":"https:\/\/www.iesuscaritas.org\/it\/wp-json\/wp\/v2\/posts\/6249\/revisions"}],"predecessor-version":[{"id":6252,"href":"https:\/\/www.iesuscaritas.org\/it\/wp-json\/wp\/v2\/posts\/6249\/revisions\/6252"}],"wp:attachment":[{"href":"https:\/\/www.iesuscaritas.org\/it\/wp-json\/wp\/v2\/media?parent=6249"}],"wp:term":[{"taxonomy":"category","embeddable":true,"href":"https:\/\/www.iesuscaritas.org\/it\/wp-json\/wp\/v2\/categories?post=6249"},{"taxonomy":"post_tag","embeddable":true,"href":"https:\/\/www.iesuscaritas.org\/it\/wp-json\/wp\/v2\/tags?post=6249"}],"curies":[{"name":"wp","href":"https:\/\/api.w.org\/{rel}","templated":true}]}}