{"id":5354,"date":"2021-06-05T11:24:52","date_gmt":"2021-06-05T09:24:52","guid":{"rendered":"https:\/\/www.iesuscaritas.org\/?p=5354"},"modified":"2021-11-04T21:02:43","modified_gmt":"2021-11-04T20:02:43","slug":"italiano-il-silenzio-pace-dellanima-fr-gian-carlo-jc","status":"publish","type":"post","link":"https:\/\/www.iesuscaritas.org\/it\/documentos\/italiano-il-silenzio-pace-dellanima-fr-gian-carlo-jc\/","title":{"rendered":"Il silenzio, pace dell&#8217;anima. Fr Gian Carlo, jc"},"content":{"rendered":"<p><a href=\"https:\/\/www.iesuscaritas.org\/wp-content\/uploads\/2021\/06\/il-silenzio-pace-dell-anima-01.jpg\"><img loading=\"lazy\" decoding=\"async\" class=\"aligncenter size-full wp-image-5355\" src=\"https:\/\/www.iesuscaritas.org\/wp-content\/uploads\/2021\/06\/il-silenzio-pace-dell-anima-01.jpg\" alt=\"\" width=\"480\" height=\"360\" srcset=\"https:\/\/www.iesuscaritas.org\/wp-content\/uploads\/2021\/06\/il-silenzio-pace-dell-anima-01.jpg 480w, https:\/\/www.iesuscaritas.org\/wp-content\/uploads\/2021\/06\/il-silenzio-pace-dell-anima-01-300x225.jpg 300w\" sizes=\"auto, (max-width: 480px) 100vw, 480px\" \/><\/a>IL SILENZIO VERO VIENE DA DIO<\/p>\n<p>Dobbiamo amare il silenzio interiore ed esteriore. Il silenzio in se stesso non \u00e8 un bene. Noi siamo fatti per le relazioni, la condivisione delle parole, lo scambio delle idee e dei sentimenti.<br \/>\nIl silenzio del taciturno \u00e8 un rifiuto e perci\u00f2 tutt\u2019altro che un valore!<br \/>\nIl silenzio che nasce dalla fatica ha solo bisogno di sonno, necessit\u00e0 di riposo.<br \/>\nIl silenzio disciplinare non permette alla libert\u00e0 e all\u2019amore di esprimersi.<br \/>\nIl silenzio dell\u2019imbronciato non genera la fiducia, si avverte il rifiuto all\u2019apertura.<br \/>\nIl silenzio \u201ccabalistico\u201d o gi\u00f9 di l\u00ec, rotto solo da pezzetti di carta con il silenzio per principio, infine, \u00e8 sterile.<br \/>\nNon sono questi i tipi di silenzio che vogliamo. Il vero silenzio \u00e8 il silenzio che viene da Dio. Lui solo \u00e8 il Maestro di tutta la vita interiore. Lui solo pu\u00f2 donarci un\u2019anima da discepoli. Il silenzio \u00e8 la pace dell\u2019anima. Il silenzio, come l\u2019acqua del battesimo, fa in noi opera di morte e opere di vita.<\/p>\n<p><a href=\"https:\/\/www.iesuscaritas.org\/wp-content\/uploads\/2021\/06\/il-silenzio-pace-dell-anima-02.jpg\"><img loading=\"lazy\" decoding=\"async\" class=\"size-thumbnail wp-image-5356 alignleft\" src=\"https:\/\/www.iesuscaritas.org\/wp-content\/uploads\/2021\/06\/il-silenzio-pace-dell-anima-02-150x150.jpg\" alt=\"\" width=\"150\" height=\"150\" \/><\/a><\/p>\n<p>In negativo: ci preserva dall\u2019uomo vecchio mettendo sotto controllo la lingua e quanto essa causa. Con il silenzio evitiamo la critica, la menzogna, la banalit\u00e0.<br \/>\nIn positivo: ci aiuta a conoscerci, ad avvicinarci a Dio, ad introdurci nella preghiera ed a prolungarla sulla strada, nel lavoro, soprattutto ci aiuta a trovare e dire \u201cparole giuste al momento giusto\u201d.<\/p>\n<p>\u201cSe uno non manca nel parlare, \u00e8 un uomo perfetto, capace di tenere a freno anche tutto il corpo\u201d (Giacomo 3,2).<br \/>\nC\u2019\u00e8 un silenzio interiore: dobbiamo trovare luoghi e momenti. \u00c8 necessario, ad esempio, il grande silenzio della sera. \u00c8 stato scritto:<br \/>\n\u201cSe il silenzio dipendesse dalle teorie di ciascun uomo, non sarebbe mai vissuto\u201d.<br \/>\n<a href=\"https:\/\/www.iesuscaritas.org\/wp-content\/uploads\/2021\/06\/il-silenzio-pace-dell-anima-03.jpg\"><img loading=\"lazy\" decoding=\"async\" class=\"size-thumbnail wp-image-5357 alignright\" src=\"https:\/\/www.iesuscaritas.org\/wp-content\/uploads\/2021\/06\/il-silenzio-pace-dell-anima-03-150x150.jpg\" alt=\"\" width=\"150\" height=\"150\" \/><\/a>\u201cIn una vita di lavoro e di impegno pastorale, il silenzio, nei suoi tempi diventa vitale per la vita della Comunit\u00e0\u201d.<br \/>\n\u201cUno dei mali dell\u2019uomo moderno \u00e8 di aver perso il gusto e la possibilit\u00e0 del silenzio. Uno dei migliori servizi che possiamo fargli \u00e8 quello di aiutarlo ad avere silenzio\u201d.<br \/>\n\u201cNon si pu\u00f2 parlare di vita religiosa e tanto meno contemplativa e addirittura di vita cristiana senza silenzio\u201d.<br \/>\nIl silenzio \u00e8 il segreto dell\u2019amore di Dio\u201d.<\/p>\n<p>PDF: <a href=\"https:\/\/www.iesuscaritas.org\/wp-content\/uploads\/2021\/06\/Il-silenzio-pace-dellanima.-Fr-Gian-Carlo-jc.pdf\">Il silenzio, pace dell&#8217;anima. Fr Gian Carlo, jc<\/a><\/p>","protected":false},"excerpt":{"rendered":"<p>IL SILENZIO VERO VIENE DA DIO Dobbiamo amare il silenzio interiore ed esteriore. Il silenzio in se stesso non \u00e8 un bene. Noi siamo fatti per le relazioni, la condivisione <a class=\"more-link\" href=\"https:\/\/www.iesuscaritas.org\/it\/documentos\/italiano-il-silenzio-pace-dellanima-fr-gian-carlo-jc\/\">Continue Reading &rarr;<\/a><\/p>\n","protected":false},"author":1,"featured_media":0,"comment_status":"open","ping_status":"closed","sticky":false,"template":"","format":"standard","meta":{"footnotes":""},"categories":[78],"tags":[],"class_list":["post-5354","post","type-post","status-publish","format-standard","hentry","category-documentos"],"_links":{"self":[{"href":"https:\/\/www.iesuscaritas.org\/it\/wp-json\/wp\/v2\/posts\/5354","targetHints":{"allow":["GET"]}}],"collection":[{"href":"https:\/\/www.iesuscaritas.org\/it\/wp-json\/wp\/v2\/posts"}],"about":[{"href":"https:\/\/www.iesuscaritas.org\/it\/wp-json\/wp\/v2\/types\/post"}],"author":[{"embeddable":true,"href":"https:\/\/www.iesuscaritas.org\/it\/wp-json\/wp\/v2\/users\/1"}],"replies":[{"embeddable":true,"href":"https:\/\/www.iesuscaritas.org\/it\/wp-json\/wp\/v2\/comments?post=5354"}],"version-history":[{"count":4,"href":"https:\/\/www.iesuscaritas.org\/it\/wp-json\/wp\/v2\/posts\/5354\/revisions"}],"predecessor-version":[{"id":5362,"href":"https:\/\/www.iesuscaritas.org\/it\/wp-json\/wp\/v2\/posts\/5354\/revisions\/5362"}],"wp:attachment":[{"href":"https:\/\/www.iesuscaritas.org\/it\/wp-json\/wp\/v2\/media?parent=5354"}],"wp:term":[{"taxonomy":"category","embeddable":true,"href":"https:\/\/www.iesuscaritas.org\/it\/wp-json\/wp\/v2\/categories?post=5354"},{"taxonomy":"post_tag","embeddable":true,"href":"https:\/\/www.iesuscaritas.org\/it\/wp-json\/wp\/v2\/tags?post=5354"}],"curies":[{"name":"wp","href":"https:\/\/api.w.org\/{rel}","templated":true}]}}