{"id":5218,"date":"2021-03-21T08:37:02","date_gmt":"2021-03-21T07:37:02","guid":{"rendered":"https:\/\/www.iesuscaritas.org\/?p=5218"},"modified":"2021-03-21T08:37:02","modified_gmt":"2021-03-21T07:37:02","slug":"italiano-picolli-fratelli-jesus-caritas-marzo-2021","status":"publish","type":"post","link":"https:\/\/www.iesuscaritas.org\/it\/documentos\/italiano-picolli-fratelli-jesus-caritas-marzo-2021\/","title":{"rendered":"Picolli Fratelli Jesus Caritas, marzo 2021"},"content":{"rendered":"<p><a href=\"https:\/\/www.iesuscaritas.org\/wp-content\/uploads\/2021\/03\/Picolli-Fratelli-Jesus-Caritas-marzo-2021.jpg\"><img loading=\"lazy\" decoding=\"async\" class=\"aligncenter size-full wp-image-5220\" src=\"https:\/\/www.iesuscaritas.org\/wp-content\/uploads\/2021\/03\/Picolli-Fratelli-Jesus-Caritas-marzo-2021.jpg\" alt=\"\" width=\"1107\" height=\"738\" srcset=\"https:\/\/www.iesuscaritas.org\/wp-content\/uploads\/2021\/03\/Picolli-Fratelli-Jesus-Caritas-marzo-2021.jpg 1107w, https:\/\/www.iesuscaritas.org\/wp-content\/uploads\/2021\/03\/Picolli-Fratelli-Jesus-Caritas-marzo-2021-300x200.jpg 300w, https:\/\/www.iesuscaritas.org\/wp-content\/uploads\/2021\/03\/Picolli-Fratelli-Jesus-Caritas-marzo-2021-1024x683.jpg 1024w, https:\/\/www.iesuscaritas.org\/wp-content\/uploads\/2021\/03\/Picolli-Fratelli-Jesus-Caritas-marzo-2021-768x512.jpg 768w\" sizes=\"auto, (max-width: 1107px) 100vw, 1107px\" \/><\/a>Carissimi,<\/p>\n<p>viviamo il tempo quaresimale con lo sguardo rivolto alla Pasqua per poter rinnovare la nostra adesione al Cristo crocifisso e risorto e divenire cantori di una vita nuova. Le ceneri, segno penitenziale, memoria della nostra creaturalit\u00e0 \u2013 e per ci\u00f2 stesso bellezza di poter accedere alla novit\u00e0 del Vangelo, al volto di Ges\u00f9 \u2013, quest\u2019anno per la comunit\u00e0 di Sassovivo sono state caratterizzate dalla visita del \u201cCovid 19\u201d.<\/p>\n<p>Il virus, come per tante famiglie, ha abbracciato interamente la nostra fraternit\u00e0 anche se con esiti diversi. Leonardo \u00e8 stato il fratello maggiormente colpito, al punto di essere ricoverato per tre settimane in terapia intensiva. Ringraziando il Signore \u00e8 tornato in comunit\u00e0 e ha iniziato il percorso della fisioterapia. Siamo grati a quanti ci sono stati vicini con la preghiera e l\u2019amicizia. L\u2019esperienza vissuta mi ha confermato, all\u2019inizio del cammino verso la Pasqua, nel considerare la precariet\u00e0 della vita e l\u2019impegno a compiere ogni giorno tutto il bene possibile. L\u2019esistenza \u00e8 un battito di ciglia o ancora meglio, come dice il salmo 90,4: \u00abMille anni, ai tuoi occhi, sono come il giorno di ieri che \u00e8 passato, come un turno di veglia nella notte\u00bb.<\/p>\n<p>Lo sguardo si volge all\u2019eternit\u00e0 di Dio, di cui Ges\u00f9 attraverso la Pasqua ci rende partecipi. Nonostante la nostra caducit\u00e0, precariet\u00e0, siamo chiamati dall\u2019amore di Dio, all\u2019eternit\u00e0. Il pellegrinaggio terreno \u00e8 cos\u00ec breve che non possiamo permetterci omissioni nell\u2019essere buoni, nel tirare fuori la parte migliore di noi stessi.<\/p>\n<p>Quaranta giorni nel deserto quaresimale per andare all\u2019essenziale e passare dall\u2019io al noi, dal mio al bene comune. Nei nostri esami di coscienza molto spesso ci dimentichiamo delle omissioni: quanto bene avrei potuto fare e non ho fatto. Siamo come il sacerdote e il levita della parabola del buon samaritano, che passano accanto ma non si fanno prossimi dell\u2019uomo sul ciglio della strada derubato e malmenato.<\/p>\n<p>Non bastano pi\u00f9 i pii propositi nati dal nostro sentire e dal nostro volontarismo, \u00e8 tempo di non strisciare l\u2019esistenza ma di accogliere tutte le possibilit\u00e0 per amare e divenire testimoni dell\u2019Eterno.<\/p>\n<p>Essenzialit\u00e0 anche nel nostro rapporto con Ges\u00f9. Non moltiplicare il fare ma privilegiare l\u2019essere. Non tante parole ma silenzio, grembo fecondo dell\u2019ascolto. Non pratiche religiose ma un rimanere in Ges\u00f9 come il tralcio nella vite della similitudine evangelica.<\/p>\n<p>La notte \u00e8 trascorsa e sul cuscino rimane qualche resto di cenere a ricordarmi il mio essere polvere e l\u2019invito a conversione, bellezza di Ges\u00f9 e del suo Vangelo, accesso all\u2019eternit\u00e0 del Creatore. \u00c8 il tempo che passa e la Luce si avvicina, non possiamo non amare.<\/p>\n<p>Un abbraccione,<br \/>\nPaolo Maria<br \/>\nfratello priore<\/p>\n<p>PDF: <a href=\"https:\/\/www.iesuscaritas.org\/wp-content\/uploads\/2021\/03\/Picolli-Fratelli-Jesus-Caritas-marzo-2021-.pdf\">Picolli Fratelli Jesus Caritas, marzo 2021<\/a><\/p>","protected":false},"excerpt":{"rendered":"<p>Carissimi, viviamo il tempo quaresimale con lo sguardo rivolto alla Pasqua per poter rinnovare la nostra adesione al Cristo crocifisso e risorto e divenire cantori di una vita nuova. Le <a class=\"more-link\" href=\"https:\/\/www.iesuscaritas.org\/it\/documentos\/italiano-picolli-fratelli-jesus-caritas-marzo-2021\/\">Continue Reading &rarr;<\/a><\/p>\n","protected":false},"author":1,"featured_media":0,"comment_status":"closed","ping_status":"closed","sticky":false,"template":"","format":"standard","meta":{"footnotes":""},"categories":[78],"tags":[],"class_list":["post-5218","post","type-post","status-publish","format-standard","hentry","category-documentos"],"_links":{"self":[{"href":"https:\/\/www.iesuscaritas.org\/it\/wp-json\/wp\/v2\/posts\/5218","targetHints":{"allow":["GET"]}}],"collection":[{"href":"https:\/\/www.iesuscaritas.org\/it\/wp-json\/wp\/v2\/posts"}],"about":[{"href":"https:\/\/www.iesuscaritas.org\/it\/wp-json\/wp\/v2\/types\/post"}],"author":[{"embeddable":true,"href":"https:\/\/www.iesuscaritas.org\/it\/wp-json\/wp\/v2\/users\/1"}],"replies":[{"embeddable":true,"href":"https:\/\/www.iesuscaritas.org\/it\/wp-json\/wp\/v2\/comments?post=5218"}],"version-history":[{"count":2,"href":"https:\/\/www.iesuscaritas.org\/it\/wp-json\/wp\/v2\/posts\/5218\/revisions"}],"predecessor-version":[{"id":5222,"href":"https:\/\/www.iesuscaritas.org\/it\/wp-json\/wp\/v2\/posts\/5218\/revisions\/5222"}],"wp:attachment":[{"href":"https:\/\/www.iesuscaritas.org\/it\/wp-json\/wp\/v2\/media?parent=5218"}],"wp:term":[{"taxonomy":"category","embeddable":true,"href":"https:\/\/www.iesuscaritas.org\/it\/wp-json\/wp\/v2\/categories?post=5218"},{"taxonomy":"post_tag","embeddable":true,"href":"https:\/\/www.iesuscaritas.org\/it\/wp-json\/wp\/v2\/tags?post=5218"}],"curies":[{"name":"wp","href":"https:\/\/api.w.org\/{rel}","templated":true}]}}