{"id":5132,"date":"2021-02-20T10:35:56","date_gmt":"2021-02-20T09:35:56","guid":{"rendered":"https:\/\/www.iesuscaritas.org\/?p=5132"},"modified":"2021-02-20T10:35:56","modified_gmt":"2021-02-20T09:35:56","slug":"carta-de-cuaresma-2021-a-todos-los-hermanos-del-mundo-eric-lozada","status":"publish","type":"post","link":"https:\/\/www.iesuscaritas.org\/it\/letters\/cartas-de-eric\/carta-de-cuaresma-2021-a-todos-los-hermanos-del-mundo-eric-lozada\/","title":{"rendered":"Lettera di quaresima 2021 ai fratelli del mondo. Eric LOZADA"},"content":{"rendered":"<p><\/p>\n<p style=\"text-align: justify;\"><em><a href=\"https:\/\/www.iesuscaritas.org\/wp-content\/uploads\/2021\/02\/cuaresma-2021-01.jpg\"><img loading=\"lazy\" decoding=\"async\" class=\"size-full wp-image-5135 alignright\" src=\"https:\/\/www.iesuscaritas.org\/wp-content\/uploads\/2021\/02\/cuaresma-2021-01.jpg\" alt=\"\" width=\"300\" height=\"168\" \/><\/a>\u201cOr dunque \u2013 oracolo del Signore -, ritornate a me con tutto il cuore, con digiuni, con pianti e lamenti. Laceratevi il cuore e non le vesti, ritornate al Signore, vostro Dio, perch\u00e9 egli \u00e8 misericordioso e pietoso, lento all\u2019ira, di grande amore, pronto a ravvedersi riguardo al male\u201d (Gioele 2, 12-13)<\/em><\/p>\n<p style=\"text-align: justify;\"><em>\u201cO non sapete che quanti siamo stati battezzati in Cristo Ges\u00f9, siamo stati battezzati nella sua morte? Per mezzo del battesimo dunque siamo stati sepolti insieme a lui nella morte affinch\u00e9, come Cristo fu risuscitato dai morti per mezzo della gloria del Padre, cos\u00ec anche noi possiamo camminare in una vita nuova \u2026 L\u2019uomo vecchio che \u00e8 in noi \u00e8 stato crocifisso con lui\u2026 ora (Cristo) invece vive, e vive per Dio. Cos\u00ec anche voi consideratevi morti al peccato, ma viventi per Dio, in Cristo Ges\u00f9\u201d (Romani 6, 3-11)<\/em><\/p>\n<p style=\"text-align: center;\"><strong>Un saluto a tutti voi, miei carissimi fratelli!<\/strong><\/p>\n<p style=\"text-align: justify;\"><a href=\"https:\/\/www.iesuscaritas.org\/wp-content\/uploads\/2021\/02\/cuaresma-2021-02.png\"><img loading=\"lazy\" decoding=\"async\" class=\"alignleft size-medium wp-image-5136\" src=\"https:\/\/www.iesuscaritas.org\/wp-content\/uploads\/2021\/02\/cuaresma-2021-02-300x109.png\" alt=\"\" width=\"300\" height=\"109\" srcset=\"https:\/\/www.iesuscaritas.org\/wp-content\/uploads\/2021\/02\/cuaresma-2021-02-300x109.png 300w, https:\/\/www.iesuscaritas.org\/wp-content\/uploads\/2021\/02\/cuaresma-2021-02-768x280.png 768w, https:\/\/www.iesuscaritas.org\/wp-content\/uploads\/2021\/02\/cuaresma-2021-02.png 850w\" sizes=\"auto, (max-width: 300px) 100vw, 300px\" \/><\/a>Mentre vi scrivo, porto tutti voi nel mio cuore insieme alle realt\u00e0 complesse che ciascuno di voi deve affrontare a causa di questa crisi globale. Sembra che la pandemia ci stia rivelando i nostri punti di forza e di debolezza, nelle relazioni personali, nazionali e mondiali, in ambito economico, politico e religioso. La pandemia \u00e8 una fase di grande rivelazione, come dice padre Richard Rohr e come sembra pensare Papa Francesco mentre si impegna in una decostruzione sistematica delle nostre strutture globali in Fratelli Tutti. Non voglio aggiungere nulla al loro meraviglioso lavoro. Intendo piuttosto inquadrare la nostra celebrazione della Quaresima nel contesto di quanto la pandemia rivela e insegna al nostro mondo. Vorrei vedere la celebrazione della Quaresima come un viaggio a spirale discendente, pi\u00f9 scendiamo in profondit\u00e0, pi\u00f9 riusciamo a far emergere ci\u00f2 che \u00e8 nascosto nei cuori umani e nelle sottoculture del nostro mondo che ci tiene in ostaggio nella prigione <a href=\"https:\/\/www.iesuscaritas.org\/wp-content\/uploads\/2021\/02\/cuaresma-2021-03.jpg\"><img loading=\"lazy\" decoding=\"async\" class=\"size-full wp-image-5137 alignright\" src=\"https:\/\/www.iesuscaritas.org\/wp-content\/uploads\/2021\/02\/cuaresma-2021-03.jpg\" alt=\"\" width=\"275\" height=\"183\" \/><\/a>del peccato, della paura, dell\u2019indifferenza, della violenza. Se tutti intraprendiamo questo viaggio con onest\u00e0 e una ferma risoluzione, possiamo raggiungere il fondo da cui nascono tutte le bugie del peccato, le illusioni e le distorsioni di questo mondo. Come afferma San Paolo, \u00e8 il nostro essere sepolti con Cristo perch\u00e9 muoia il nostro uomo vecchio e il Padre ci doni una vita nuova nel Cristo. Spero che alla fine del nostro viaggio quaresimale di 40 giorni fino a Pasqua, come gli apostoli dopo la risurrezione, cammineremo tutti con rinnovata gioia e coraggio gridando il messaggio dell&#8217;amore e della gioia di Dio per il nostro mondo.<\/p>\n<p style=\"text-align: justify;\">Il nostro viaggio inizia con ci\u00f2 che suggerisce il profeta Gioele: \u201critornate\u201d, \u201crivolgetevi a Dio con tutto il cuore\u201d. Iniziamo il viaggio con una domanda: a chi appartengo? Di chi va alla ricerca il mondo? Se guardiamo con calma e amorevolmente il mondo e noi stessi, sembra che il mondo di cui anche noi siamo parte, abbia molti falsi dei (evidenti o nascosti) che adoriamo, di cui ci prendiamo cura, ai quali diamo tutto il nostro tempo e le nostre energie. La nostra societ\u00e0, che vive di accumulo, sembra avere forme di idolatria profondamente radicate, che soppiantano il vero Dio del nostro desiderio pi\u00f9 profondo con i falsi dei della vita che scorre in superficie. Questo \u00e8 il motivo per cui il profeta raccomanda il digiuno, il pianto e il lamento.<\/p>\n<p style=\"text-align: justify;\"><a href=\"https:\/\/www.iesuscaritas.org\/wp-content\/uploads\/2021\/02\/cuaresma-2021-04.jpg\"><img loading=\"lazy\" decoding=\"async\" class=\"alignleft size-full wp-image-5138\" src=\"https:\/\/www.iesuscaritas.org\/wp-content\/uploads\/2021\/02\/cuaresma-2021-04.jpg\" alt=\"\" width=\"202\" height=\"250\" \/><\/a>Dobbiamo far digiuno di ci\u00f2 con cui nutriamo ogni giorno la nostra mente e il nostro cuore, di ci\u00f2 che \u00e8 tossico e non scaturisce dai valori del Vangelo. Dobbiamo piangere per la violenza, l&#8217;ingiustizia, l&#8217;indifferenza, l&#8217;avidit\u00e0 di questo mondo perch\u00e9, in un modo molto sottile, abbiamo agito sotto il loro fascino. Piangiamo gli errori del passato e impariamo a non ripeterli. San Paolo chiama questo un battesimo in Cristo che \u00e8 anche un battesimo nella sua morte. Il nostro battesimo \u00e8 la nostra iniziazione e la nostra comunione al mistero pasquale. A cosa siamo pronti a morire per amore di Ges\u00f9 e del Vangelo? Dobbiamo dare un nome a ci\u00f2 che siamo disposti a far morire in noi. E mentre ci lasciamo morire in Cristo, l\u2019opera redentrice del Padre fa rinascere in noi e nel nostro mondo la grazia delle origini. Quando moriamo coscientemente al vecchio io, l\u2019io che \u00e8 schiavo del peccato, diventiamo liberi e liberati dal nostro io vecchio per vivere pienamente e autenticamente nella nuova vita di Cristo e in Cristo.<\/p>\n<p style=\"text-align: justify;\"><a href=\"https:\/\/www.iesuscaritas.org\/wp-content\/uploads\/2021\/02\/cuaresma-2021-05.jpg\"><img loading=\"lazy\" decoding=\"async\" class=\"size-full wp-image-5139 alignright\" src=\"https:\/\/www.iesuscaritas.org\/wp-content\/uploads\/2021\/02\/cuaresma-2021-05.jpg\" alt=\"\" width=\"275\" height=\"183\" \/><\/a>E cos\u00ec, cari fratelli, possiamo tutti intraprendere questo viaggio dalla schiavit\u00f9 alla libert\u00e0, dalla paura alla fiducia, dall&#8217;oscurit\u00e0 alla luce, dal peccato alla grazia. Che questo viaggio sia il nostro umile ma sincero dono alle persone che ci sono affidate e al nostro mondo pieno di ansia, frammentato e violento. Lasciatemi anche esprimervi la mia profonda gratitudine per la vostra umile testimonianza del Vangelo e la vostra zelante attenzione ai poveri nelle realt\u00e0 in cui siete chiamati a svolgere il vostro servizio, soprattutto in questo periodo di pandemia. La mia gratitudine ai nostri fratelli che hanno scritto i cinque testi e ai traduttori di questi testi. Avevano lo scopo di prepararci spiritualmente alla canonizzazione di fratel Charles. Vorrei invitare coloro che non hanno letto e meditato su questi testi ad accedervi sul nostro sito: www.iesuscaritas.org E per coloro che lo hanno fatto, continuate a tornare su questi testi.<\/p>\n<p style=\"text-align: justify;\"><a href=\"https:\/\/www.iesuscaritas.org\/wp-content\/uploads\/2020\/11\/20201015_01.jpg\"><img loading=\"lazy\" decoding=\"async\" class=\"alignleft size-full wp-image-4811\" src=\"https:\/\/www.iesuscaritas.org\/wp-content\/uploads\/2020\/11\/20201015_01.jpg\" alt=\"\" width=\"171\" height=\"133\" \/><\/a>A complemento del nostro viaggio di Quaresima, ho pensato di introdurre il processo di rifondazione. Nella mia corrispondenza con il Cardinale Stella della Congregazione per il Clero, lui mi ha posto importanti domande sul nostro modo di vivere la nostra fedelt\u00e0 al carisma di fratel Charles e su come cresciamo nella missione come sacerdoti diocesani ispirati dalla sua spiritualit\u00e0. Da queste conversazioni \u00e8 nata l&#8217;idea di realizzare un&#8217;indagine globale. Invece di rispondere da solo a queste domande, ho pensato di vivere insieme a tutti voi la ricerca e il recupero delle nostre gemme preziose che forse possono essersi un po\u2019 appannate ma che continuano a ispirarci. Propongo un processo in due fasi.<\/p>\n<p style=\"text-align: justify;\">La prima fase sar\u00e0 basata pi\u00f9 sui dati. Qui, faccio appello ai confratelli responsabili di ogni singola fraternit\u00e0, ai responsabili nazionali e continentali perch\u00e9 facciano il lavoro principale. Voi fratelli responsabili di ogni fraternit\u00e0 locale dovreste fornirci i dati della vostra fraternit\u00e0 circa il numero di membri regolari e altre informazioni che ritenete importanti. Quando arriver\u00e0 il modulo del sondaggio, leggetelo attentamente. Assicuratevi che i dati che comunicate alla nostra fraternit\u00e0 internazionale siano corretti. Una nota sui membri regolari: sono i fratelli che partecipano regolarmente al vostro incontro mensile da almeno un anno o che sono regolarmente in contatto con voi o con uno dei fratelli della vostra fraternit\u00e0 locale. Se il fratello \u00e8 in missione lontano ma si connette regolarmente, potrebbe comunque essere un membro regolare. I fratelli che sono interessati alla nostra spiritualit\u00e0 ma non possono impegnarsi a partecipare regolarmente agli incontri o a un rapporto costante sono chiamati &#8220;simpatizzanti&#8221;. La chiave \u00e8 l&#8217;impegno (engagement). Il modulo del sondaggio vi sar\u00e0 recapitato dal vostro responsabile nazionale. Avrete due settimane per completare il modulo e restituirlo al vostro responsabile nazionale. <a href=\"https:\/\/www.iesuscaritas.org\/wp-content\/uploads\/2021\/02\/cuaresma-2021-06.jpg\"><img loading=\"lazy\" decoding=\"async\" class=\"alignleft size-medium wp-image-5140\" src=\"https:\/\/www.iesuscaritas.org\/wp-content\/uploads\/2021\/02\/cuaresma-2021-06-300x123.jpg\" alt=\"\" width=\"300\" height=\"123\" srcset=\"https:\/\/www.iesuscaritas.org\/wp-content\/uploads\/2021\/02\/cuaresma-2021-06-300x123.jpg 300w, https:\/\/www.iesuscaritas.org\/wp-content\/uploads\/2021\/02\/cuaresma-2021-06-768x315.jpg 768w, https:\/\/www.iesuscaritas.org\/wp-content\/uploads\/2021\/02\/cuaresma-2021-06.jpg 950w\" sizes=\"auto, (max-width: 300px) 100vw, 300px\" \/><\/a>Vi ringrazio sinceramente per la vostra disponibilit\u00e0.<\/p>\n<p style=\"text-align: justify;\">La seconda fase si svolger\u00e0 qualche mese o un anno dopo. Il percorso sar\u00e0 piuttosto una revisione comunitaria delle nostre vite su come cresciamo nella nostra fedelt\u00e0 al carisma di fratel Charles e su come cresciamo nel nostro zelo missionario come sacerdoti diocesani ispirati da fratel Charles.<\/p>\n<p style=\"text-align: justify;\">Grazie di cuore, cari fratelli. Sappiate che continuo a portare il vostro continente e la vostra nazione nella mia preghiera. Per favore, portatemi anche voi nella vostra preghiera. Ne ho bisogno.<\/p>\n<p style=\"text-align: justify;\">Con gioia fraterna,<\/p>\n<p style=\"text-align: justify;\"><a href=\"https:\/\/www.iesuscaritas.org\/wp-content\/uploads\/2021\/02\/cuaresma-2021-eric.jpg\"><img loading=\"lazy\" decoding=\"async\" class=\"size-full wp-image-5141 alignright\" src=\"https:\/\/www.iesuscaritas.org\/wp-content\/uploads\/2021\/02\/cuaresma-2021-eric.jpg\" alt=\"\" width=\"177\" height=\"285\" \/><\/a>Eric LOZADA, responsabile internazionale<\/p>\n<p style=\"text-align: justify;\">Dumaguete, Filippine, febbraio 2021<\/p>\n<p style=\"text-align: justify;\">PDF: <a href=\"https:\/\/www.iesuscaritas.org\/wp-content\/uploads\/2021\/02\/Lettera-di-Quaresima-2021-di-Eric-it.pdf\">Lettera di Quaresima 2021 di Eric, it<\/a><\/p>\n<p><\/p>","protected":false},"excerpt":{"rendered":"<p>\u201cOr dunque \u2013 oracolo del Signore -, ritornate a me con tutto il cuore, con digiuni, con pianti e lamenti. Laceratevi il cuore e non le vesti, ritornate al Signore, <a class=\"more-link\" href=\"https:\/\/www.iesuscaritas.org\/it\/letters\/cartas-de-eric\/carta-de-cuaresma-2021-a-todos-los-hermanos-del-mundo-eric-lozada\/\">Continue Reading &rarr;<\/a><\/p>\n","protected":false},"author":1,"featured_media":0,"comment_status":"closed","ping_status":"closed","sticky":false,"template":"","format":"standard","meta":{"footnotes":""},"categories":[98],"tags":[],"class_list":["post-5132","post","type-post","status-publish","format-standard","hentry","category-cartas-de-eric"],"_links":{"self":[{"href":"https:\/\/www.iesuscaritas.org\/it\/wp-json\/wp\/v2\/posts\/5132","targetHints":{"allow":["GET"]}}],"collection":[{"href":"https:\/\/www.iesuscaritas.org\/it\/wp-json\/wp\/v2\/posts"}],"about":[{"href":"https:\/\/www.iesuscaritas.org\/it\/wp-json\/wp\/v2\/types\/post"}],"author":[{"embeddable":true,"href":"https:\/\/www.iesuscaritas.org\/it\/wp-json\/wp\/v2\/users\/1"}],"replies":[{"embeddable":true,"href":"https:\/\/www.iesuscaritas.org\/it\/wp-json\/wp\/v2\/comments?post=5132"}],"version-history":[{"count":12,"href":"https:\/\/www.iesuscaritas.org\/it\/wp-json\/wp\/v2\/posts\/5132\/revisions"}],"predecessor-version":[{"id":5157,"href":"https:\/\/www.iesuscaritas.org\/it\/wp-json\/wp\/v2\/posts\/5132\/revisions\/5157"}],"wp:attachment":[{"href":"https:\/\/www.iesuscaritas.org\/it\/wp-json\/wp\/v2\/media?parent=5132"}],"wp:term":[{"taxonomy":"category","embeddable":true,"href":"https:\/\/www.iesuscaritas.org\/it\/wp-json\/wp\/v2\/categories?post=5132"},{"taxonomy":"post_tag","embeddable":true,"href":"https:\/\/www.iesuscaritas.org\/it\/wp-json\/wp\/v2\/tags?post=5132"}],"curies":[{"name":"wp","href":"https:\/\/api.w.org\/{rel}","templated":true}]}}