{"id":5118,"date":"2021-02-13T12:45:27","date_gmt":"2021-02-13T11:45:27","guid":{"rendered":"https:\/\/www.iesuscaritas.org\/?p=5118"},"modified":"2021-02-13T12:49:14","modified_gmt":"2021-02-13T11:49:14","slug":"italiano-piccoli-fratelli-jesus-caritas-febbraio-2021","status":"publish","type":"post","link":"https:\/\/www.iesuscaritas.org\/it\/documentos\/italiano-piccoli-fratelli-jesus-caritas-febbraio-2021\/","title":{"rendered":"Piccoli Fratelli Jesus Caritas, febbraio 2021"},"content":{"rendered":"<p><\/p>\n<h2>\u00c8 quando siamo deboli che siamo forti<\/h2>\n<p style=\"text-align: justify;\"><a href=\"https:\/\/www.iesuscaritas.org\/wp-content\/uploads\/2021\/02\/20210213_124806.jpg\"><img loading=\"lazy\" decoding=\"async\" class=\"alignright wp-image-5121 size-full\" src=\"https:\/\/www.iesuscaritas.org\/wp-content\/uploads\/2021\/02\/20210213_124806.jpg\" alt=\"\" width=\"393\" height=\"263\" srcset=\"https:\/\/www.iesuscaritas.org\/wp-content\/uploads\/2021\/02\/20210213_124806.jpg 393w, https:\/\/www.iesuscaritas.org\/wp-content\/uploads\/2021\/02\/20210213_124806-300x201.jpg 300w\" sizes=\"auto, (max-width: 393px) 100vw, 393px\" \/><\/a>Carissimi, fratel Paolo Maria mi chiede di rivolgervi anche da parte sua il consueto saluto, perch\u00e9 lui ancora non \u00e8 in piena forma dopo qualche settimana di malattia.<\/p>\n<p style=\"text-align: justify;\">Per chi non fosse a conoscenza, subito dopo le feste natalizie il Coronavirus \u00e8 arrivato all\u2019Abbazia di Sassovivo e i nostri cinque fratelli si sono ammalati, compreso fratel Gabriele, che era gi\u00e0 rientrato a Roma dopo aver trascorso le feste in fraternit\u00e0, e anche un paio di amici che frequentano pi\u00f9 assiduamente l\u2019abbazia. Fratel Leonardo \u00e8 stato colpito duramente ed \u00e8 ricoverato all\u2019ospedale di Foligno, tuttora si trova in terapia intensiva e le sue condizioni sono delicate. La nostra attenzione si era concentrata subito su fratel Gian Carlo perch\u00e9 pensavamo fosse il pi\u00f9 vulnerabile, ma grazie a Dio lui e gli altri fratelli si stanno riprendendo sempre pi\u00f9. Fratel Giovanni Marco era arrivato da Nazaret per trascorrere il Natale a Sassovivo e anche lui \u00e8 rimasto contagiato; la sua presenza, paradossalmente, \u00e8 stata provvidenziale perch\u00e9 ha potuto assistere gli altri fratelli, altrimenti le cose potevano andare peggio.<\/p>\n<p>Leggete l&#8217;intero documento al prossimo link (PDF): <a href=\"https:\/\/www.iesuscaritas.org\/wp-content\/uploads\/2021\/02\/JCQ_2_2021-2.pdf\">JCQ_2_2021-2<\/a><\/p>\n<p>&nbsp;<\/p>","protected":false},"excerpt":{"rendered":"<p>\u00c8 quando siamo deboli che siamo forti Carissimi, fratel Paolo Maria mi chiede di rivolgervi anche da parte sua il consueto saluto, perch\u00e9 lui ancora non \u00e8 in piena forma <a class=\"more-link\" href=\"https:\/\/www.iesuscaritas.org\/it\/documentos\/italiano-piccoli-fratelli-jesus-caritas-febbraio-2021\/\">Continue Reading &rarr;<\/a><\/p>\n","protected":false},"author":1,"featured_media":0,"comment_status":"closed","ping_status":"closed","sticky":false,"template":"","format":"standard","meta":{"footnotes":""},"categories":[78],"tags":[],"class_list":["post-5118","post","type-post","status-publish","format-standard","hentry","category-documentos"],"_links":{"self":[{"href":"https:\/\/www.iesuscaritas.org\/it\/wp-json\/wp\/v2\/posts\/5118","targetHints":{"allow":["GET"]}}],"collection":[{"href":"https:\/\/www.iesuscaritas.org\/it\/wp-json\/wp\/v2\/posts"}],"about":[{"href":"https:\/\/www.iesuscaritas.org\/it\/wp-json\/wp\/v2\/types\/post"}],"author":[{"embeddable":true,"href":"https:\/\/www.iesuscaritas.org\/it\/wp-json\/wp\/v2\/users\/1"}],"replies":[{"embeddable":true,"href":"https:\/\/www.iesuscaritas.org\/it\/wp-json\/wp\/v2\/comments?post=5118"}],"version-history":[{"count":3,"href":"https:\/\/www.iesuscaritas.org\/it\/wp-json\/wp\/v2\/posts\/5118\/revisions"}],"predecessor-version":[{"id":5123,"href":"https:\/\/www.iesuscaritas.org\/it\/wp-json\/wp\/v2\/posts\/5118\/revisions\/5123"}],"wp:attachment":[{"href":"https:\/\/www.iesuscaritas.org\/it\/wp-json\/wp\/v2\/media?parent=5118"}],"wp:term":[{"taxonomy":"category","embeddable":true,"href":"https:\/\/www.iesuscaritas.org\/it\/wp-json\/wp\/v2\/categories?post=5118"},{"taxonomy":"post_tag","embeddable":true,"href":"https:\/\/www.iesuscaritas.org\/it\/wp-json\/wp\/v2\/tags?post=5118"}],"curies":[{"name":"wp","href":"https:\/\/api.w.org\/{rel}","templated":true}]}}