{"id":4366,"date":"2020-03-19T20:24:34","date_gmt":"2020-03-19T19:24:34","guid":{"rendered":"https:\/\/www.iesuscaritas.org\/?p=4366"},"modified":"2020-11-28T09:40:48","modified_gmt":"2020-11-28T08:40:48","slug":"carta-de-eric-nuestro-hermano-mariano-puga","status":"publish","type":"post","link":"https:\/\/www.iesuscaritas.org\/it\/letters\/cartas-de-eric\/carta-de-eric-nuestro-hermano-mariano-puga\/","title":{"rendered":"Lettera di Eric. Il nostro fratello Mariano PUGA"},"content":{"rendered":"<p><\/p>\n<p style=\"text-align: justify;\">16 marzo 2020<\/p>\n<p style=\"text-align: right;\"><em>\u00abNon vedr\u00f2 pi\u00f9 il Signore sulla terra dei viventi,<\/em><br \/>\n<em>non guarder\u00f2 pi\u00f9 nessuno fra gli abitanti del mondo.<\/em><br \/>\n<em>La mia dimora \u00e8 stata divelta e gettata lontano da me,<\/em><br \/>\n<em>come una tenda di pastori.<\/em><br \/>\n<em>Come un tessitore hai arrotolato la mia vita, mi hai tagliato dalla trama.<\/em><br \/>\n<em>Dal giorno alla notte mi riduci all&#8217;estremo.\u201d (Is 38, 11-12)<\/em><\/p>\n<p style=\"text-align: right;\"><em>\u201cC&#8217;\u00e8 una buona morte. Siamo responsabili del modo in cui moriamo.<\/em><br \/>\n<em>Dobbiamo scegliere tra aggrapparci alla vita in modo tale che la morte<\/em><br \/>\n<em>non diventi nient&#8217;altro che un fallimento, o lasciare la vita libera in modo da<\/em><br \/>\n<em>poter essere consegnati agli altri come fonte di speranza\u201d<\/em><br \/>\n<em>(Henri Nouwen, La vita dell\u2019 amato).<\/em><\/p>\n<p style=\"text-align: justify;\">Cari Fratelli,<\/p>\n<p style=\"text-align: justify;\">sentendo profondamente tanta gratitudine per il dono e tristezza per la perdita, vi annuncio la morte del nostro grande fratello, caro amico e icona vivente della nostra fraternit\u00e0, MARIANO PUGA CONCHA di Santiago in Chile. E\u2019 deceduto il 14 marzo 2020, all\u2019et\u00e0 di 88 anni per un cancro linfatico.<\/p>\n<p style=\"text-align: justify;\">Cosentitemi di onorare la fratellanza dell\u2019anima che abbiamo avuto con Mariano nelle seguenti linee.<\/p>\n<p style=\"text-align: justify;\"><a href=\"https:\/\/www.iesuscaritas.org\/wp-content\/uploads\/2020\/03\/mariano-puga-carta-eric-01.jpg\"><img loading=\"lazy\" decoding=\"async\" class=\"alignright size-medium wp-image-4368\" src=\"https:\/\/www.iesuscaritas.org\/wp-content\/uploads\/2020\/03\/mariano-puga-carta-eric-01-300x145.jpg\" alt=\"\" width=\"300\" height=\"145\" srcset=\"https:\/\/www.iesuscaritas.org\/wp-content\/uploads\/2020\/03\/mariano-puga-carta-eric-01-300x145.jpg 300w, https:\/\/www.iesuscaritas.org\/wp-content\/uploads\/2020\/03\/mariano-puga-carta-eric-01.jpg 322w\" sizes=\"auto, (max-width: 300px) 100vw, 300px\" \/><\/a>Il mio primo incontro con lui \u00e8 stato all\u2019Assemblea Generale del Cairo nel 2000. Prima della sua elezione a Direttore Generale, la sua presenza nell\u2019assemblea \u00e8 stata come un virus che ci contagiava con gioia e risate con il suo canto delizioso accompagnato da una fisarmonica. Non sapevo che quelle canzoni provenivano dai bassifondi di Santiago; molto gioviale, sicuro e mai depresso. Era como un trovatore che cantava con i polmoni ed il cuore i sogni e le aspirazioni della sua gente di Santiago. Il suo spirito impetuoso e la sua musica piena di gioia mi hanno affascinato.<\/p>\n<p style=\"text-align: justify;\">Il mio secondo incontro \u00e8 stato negli Stati Uniti nel 2002. Stava visitando la fraternit\u00e0 negli Usa, mentre ero nel mio anno sabbatico. Il defunto Howard Caulkins, un altro caro amico, <a href=\"https:\/\/www.iesuscaritas.org\/wp-content\/uploads\/2018\/03\/iesuscaritas-logo-color.png\"><img loading=\"lazy\" decoding=\"async\" class=\"alignleft size-medium wp-image-3134\" src=\"https:\/\/www.iesuscaritas.org\/wp-content\/uploads\/2018\/03\/iesuscaritas-logo-color-300x233.png\" alt=\"\" width=\"300\" height=\"233\" srcset=\"https:\/\/www.iesuscaritas.org\/wp-content\/uploads\/2018\/03\/iesuscaritas-logo-color-300x233.png 300w, https:\/\/www.iesuscaritas.org\/wp-content\/uploads\/2018\/03\/iesuscaritas-logo-color.png 480w\" sizes=\"auto, (max-width: 300px) 100vw, 300px\" \/><\/a>mi propose che, se fossi andato con lui all\u2019Assemblea nel Minnesota, mi avrebbe portato all\u2019Abbazzia di Mepkin dove avrei trascorso il mio anno sabbatico come ospite del monastero. In effetti, abbiamo viaggiato insieme e li ho incontrato di nuovo Mariano. Fu molto facile riconnetterci, anima con anima, in un modo profondamente personale e intimo. Condividevo con lui la mia crisi con la Chiesa, con i miei personali demoni e con Dio e noni mi sono mai sentito cos\u00ec ascoltato. Mi ha semplicemente abbracciato forte, come un fratello maggiore che conforta il fratello minore, con le lacrime agli occhi, sentendo il mio dolore. Poi mi sorrise dicendomi con parole dolci \u201candr\u00e0 tutto bene\u201d. Ci siamo separati con la promessa di ricordarci nella preghiera, io per l\u2019Abbazia e lui per Tammanraset.<\/p>\n<p style=\"text-align: justify;\">Il mio ultimo incontro con Mariano \u00e8 stato l\u2019anno scorso a Cebu durante l\u2019Assemblea Generale. Coi suoi 88 anni, viaggiare per il mondo, gli cost\u00f2 caro. Venne ricoverato due volte ed in entrambe le occasioni sono stato con lui. La sua saggezza mi chiamava ad uscire dal fondo delle mie ragioni e condividere testimonianze personali. Facilmente ci reconnettemmo, come fratelli, apprezzando ciascuna delle nostre storie, al pronto soccorso (dove rimase per 5 ore), poi all\u2019interno della sua stanza (a cui ha resistito con veemenza perch\u00e8 voleva stare nella sala comune insieme ai poveri), fino a molto tardi. Poi con un sorriso in volto, mi susurr\u00f2: \u201cl\u2019 Assemblea \u00e8 terminata ed ora potrei tornare a casa\u201d. Sono tornato a casa quella notte, molto umiliato per\u00f2 anche molto arricchito da questo commovente scambio, la nostra recensione di vita, che per Mariano \u00e8 al centro di qualunque assemblea di fretelli.<\/p>\n<p style=\"text-align: justify;\">Vorrei anche condividere alcune righe che Fernando Tapia mi ha scritto su Mariano: \u201cMariano era un appassionato cercatore di Dio e un amante di Ges\u00f9 di Nazareth. Il suo <a href=\"https:\/\/www.iesuscaritas.org\/wp-content\/uploads\/2020\/03\/mariano-puga-carta-eric-02.jpg\"><img loading=\"lazy\" decoding=\"async\" class=\"alignleft size-thumbnail wp-image-4369\" src=\"https:\/\/www.iesuscaritas.org\/wp-content\/uploads\/2020\/03\/mariano-puga-carta-eric-02-150x150.jpg\" alt=\"\" width=\"150\" height=\"150\" \/><\/a>incontro con lui attraverso i poveri di una discarica ha cambiato la sua vita per sempre. Lasci\u00f2 tutto ed entr\u00f2 nel Seminario. Qui trov\u00f2 Charles de Foucauld e segu\u00ec la sua spiritualit\u00e0 fino alla fine della sua vita. Era un padre spirituale e formatore al Seminario di Santiago. Successivamente divenne prete operaio per oltre 30 anni, condividendo la vita dei poveri. Ha sempre vissuto in mezzo a loro. Era il loro pastore, il loro difensore durante il periodo della dittatura militare di Pinochet, subendo 7 volte la prigionia. Ha promosso una Chiesa impegnata per i poveri. Ha predicato molti ritiri in Cile e fuori dal Cile. Era un uomo di preghiera, felice, vicino a tutti, un amico di credenti e non credenti, un missionario alla periferia della societ\u00e0 cilena, seguendo le orme di Fratello Carlos. Il Vangelo era la sua guida, che voleva urlare con la sua stessa vita &#8220;.<\/p>\n<p style=\"text-align: justify;\">Mariano, fratello, amico, grazie mille. Grazie per la tua folle testimonianza di un pazzo Dio in Ges\u00f9 di Nazareth. Condivido la gratitudine e il dolore dei poveri di Santiago, che hai <a href=\"https:\/\/www.iesuscaritas.org\/wp-content\/uploads\/2020\/03\/mariano-puga-carta-eric-03.jpg\"><img loading=\"lazy\" decoding=\"async\" class=\"alignright size-medium wp-image-4373\" src=\"https:\/\/www.iesuscaritas.org\/wp-content\/uploads\/2020\/03\/mariano-puga-carta-eric-03-300x203.jpg\" alt=\"\" width=\"300\" height=\"203\" srcset=\"https:\/\/www.iesuscaritas.org\/wp-content\/uploads\/2020\/03\/mariano-puga-carta-eric-03-300x203.jpg 300w, https:\/\/www.iesuscaritas.org\/wp-content\/uploads\/2020\/03\/mariano-puga-carta-eric-03-768x519.jpg 768w, https:\/\/www.iesuscaritas.org\/wp-content\/uploads\/2020\/03\/mariano-puga-carta-eric-03.jpg 880w\" sizes=\"auto, (max-width: 300px) 100vw, 300px\" \/><\/a>toccato con la tua testimonianza. Possa Ges\u00f9, il Buon Pastore, accoglierti per sempre nella tua nuova casa, quella che Lui prepara per coloro che sono fedeli.<\/p>\n<p style=\"text-align: justify;\">Fratelli, prego con Mariano affinch\u00e8, nelle nostre riunioni e assemblee, continuiamo a rischiare di condividere reciprocamente la nostra povert\u00e0 e vulnerabilit\u00e0. \u00c8 la nostra povert\u00e0 che ci unisce, ci qualifica e ci libera come fratelli nella fraternit\u00e0. \u00c8 anche il trampolino di lancio per la nostra missione tra i poveri, come abbiamo detto a Cebu. Cerchiamo anche di essere la nostra umile ma ferma risoluzione di condividere la vita missionaria di Ges\u00f9 di Nazaret con i poveri, seguendo le orme di Fratello Carlo.<\/p>\n<p style=\"text-align: justify;\">Con abbraccio fraterno,<br \/>\nEric LOZADA<\/p>\n<p style=\"text-align: justify;\">(Traduzione di Franceso TAIOLI)<\/p>\n<p style=\"text-align: justify;\">PDF: <a href=\"https:\/\/www.iesuscaritas.org\/wp-content\/uploads\/2020\/03\/Lettera-di-Eric.-Il-nostro-fratello-Mariano-PUGA-it.pdf\">Lettera di Eric. Il nostro fratello Mariano PUGA, it<\/a><\/p>\n<p><\/p>","protected":false},"excerpt":{"rendered":"<p>16 marzo 2020 \u00abNon vedr\u00f2 pi\u00f9 il Signore sulla terra dei viventi, non guarder\u00f2 pi\u00f9 nessuno fra gli abitanti del mondo. La mia dimora \u00e8 stata divelta e gettata lontano <a class=\"more-link\" href=\"https:\/\/www.iesuscaritas.org\/it\/letters\/cartas-de-eric\/carta-de-eric-nuestro-hermano-mariano-puga\/\">Continue Reading &rarr;<\/a><\/p>\n","protected":false},"author":1,"featured_media":0,"comment_status":"closed","ping_status":"open","sticky":false,"template":"","format":"standard","meta":{"footnotes":""},"categories":[98],"tags":[],"class_list":["post-4366","post","type-post","status-publish","format-standard","hentry","category-cartas-de-eric"],"_links":{"self":[{"href":"https:\/\/www.iesuscaritas.org\/it\/wp-json\/wp\/v2\/posts\/4366","targetHints":{"allow":["GET"]}}],"collection":[{"href":"https:\/\/www.iesuscaritas.org\/it\/wp-json\/wp\/v2\/posts"}],"about":[{"href":"https:\/\/www.iesuscaritas.org\/it\/wp-json\/wp\/v2\/types\/post"}],"author":[{"embeddable":true,"href":"https:\/\/www.iesuscaritas.org\/it\/wp-json\/wp\/v2\/users\/1"}],"replies":[{"embeddable":true,"href":"https:\/\/www.iesuscaritas.org\/it\/wp-json\/wp\/v2\/comments?post=4366"}],"version-history":[{"count":10,"href":"https:\/\/www.iesuscaritas.org\/it\/wp-json\/wp\/v2\/posts\/4366\/revisions"}],"predecessor-version":[{"id":4386,"href":"https:\/\/www.iesuscaritas.org\/it\/wp-json\/wp\/v2\/posts\/4366\/revisions\/4386"}],"wp:attachment":[{"href":"https:\/\/www.iesuscaritas.org\/it\/wp-json\/wp\/v2\/media?parent=4366"}],"wp:term":[{"taxonomy":"category","embeddable":true,"href":"https:\/\/www.iesuscaritas.org\/it\/wp-json\/wp\/v2\/categories?post=4366"},{"taxonomy":"post_tag","embeddable":true,"href":"https:\/\/www.iesuscaritas.org\/it\/wp-json\/wp\/v2\/tags?post=4366"}],"curies":[{"name":"wp","href":"https:\/\/api.w.org\/{rel}","templated":true}]}}