{"id":3559,"date":"2018-11-30T18:23:49","date_gmt":"2018-11-30T17:23:49","guid":{"rendered":"https:\/\/www.iesuscaritas.org\/?p=3559"},"modified":"2019-01-20T18:55:11","modified_gmt":"2019-01-20T17:55:11","slug":"carta-de-adviento-2018-hermano-responsable","status":"publish","type":"post","link":"https:\/\/www.iesuscaritas.org\/it\/letters\/aurelio-letters\/carta-de-adviento-2018-hermano-responsable\/","title":{"rendered":"Lettera d&#8217;Avvento 2018, fratello responsabile"},"content":{"rendered":"<p><\/p>\n<p style=\"text-align: justify;\">Carissimi fratelli,<\/p>\n<p style=\"text-align: justify;\"><a href=\"https:\/\/www.iesuscaritas.org\/wp-content\/uploads\/2018\/11\/adviento-2018-02.jpg\"><img loading=\"lazy\" decoding=\"async\" class=\"alignright size-full wp-image-3569\" src=\"https:\/\/www.iesuscaritas.org\/wp-content\/uploads\/2018\/11\/adviento-2018-02.jpg\" alt=\"\" width=\"80\" height=\"244\" \/><\/a>nel giorno della festa del nostro fratello Carlo iniziamo l&#8217;Avvento: settimane di speranza che sono un riflesso di tutta la speranza dell&#8217;umanit\u00e0. La nostra umanit\u00e0, in crisi permanente, una crisi umanitaria sotto molti aspetti, ci procura dolore a tutti e non possiamo occultarla nella nostra chiesa n\u00e8 restare indifferenti. Le celebrazioni con le nostre comunit\u00e0, la preghiera personale, la vita in fraternit\u00e0 ci fanno compagni di vita di questa parte di umanit\u00e0 sia nei nostri luoghi che in <a href=\"https:\/\/www.iesuscaritas.org\/wp-content\/uploads\/2018\/11\/adviento-2018-01.jpg\"><img loading=\"lazy\" decoding=\"async\" class=\"alignleft size-full wp-image-3568\" src=\"https:\/\/www.iesuscaritas.org\/wp-content\/uploads\/2018\/11\/adviento-2018-01.jpg\" alt=\"\" width=\"259\" height=\"194\" \/><\/a>quelli che sono lontani. L&#8217;Avvento ci invita ad ascoltare la voce di tutti coloro che nel deserto gridano per la loro sopravvivenza, per i loro desideri di pace, di lavoro e di libert\u00e0. L&#8217;umanit\u00e0 continua ad attendere una liberazione; i poveri e i minacciati dalle guerre sperano la salvezza, gli sfollati cercando un luogo sicuro\u2026 Sono milioni di persone in questa situazione. Anche a loro viene annunciato Ges\u00f9, e noi, come missionari, siamo chiamati ad annunciarlo.<\/p>\n<p style=\"text-align: justify;\">La Chiesa vive un tempo difficile per la crisi provocata dalla denuncia di abusi sui minori e papa Francesco sta rispondendo con umilt\u00e0 e coraggio davanti al mondo. E&#8217; un testimone di ricerca di verit\u00e0. Anche Francesco \u00e8 testimone della verit\u00e0.<\/p>\n<p style=\"text-align: justify;\">Stiamo preparando la nostra assemblea mondiale 2019. Siamo chiamati a riflettere sulla nostra identit\u00e0 come presbiteri diocesani missionari riguardo il carisma di Carlo di FOUCAULD. E&#8217; un impegno di tutti i fratelli, in appoggio ai responsabili regionali, pregando per tutti i fratelli del mondo, per le fraternit\u00e0 che stanno iniziando e per quelle che stanno invecchiando.<\/p>\n<h2 style=\"text-align: justify;\">UN&#8217;UMANITA&#8217; IN CRISI<\/h2>\n<p style=\"text-align: justify;\"><a href=\"https:\/\/www.iesuscaritas.org\/wp-content\/uploads\/2018\/11\/adviento-2018-03.jpg\"><img loading=\"lazy\" decoding=\"async\" class=\"alignright size-medium wp-image-3570\" src=\"https:\/\/www.iesuscaritas.org\/wp-content\/uploads\/2018\/11\/adviento-2018-03-300x169.jpg\" alt=\"\" width=\"300\" height=\"169\" srcset=\"https:\/\/www.iesuscaritas.org\/wp-content\/uploads\/2018\/11\/adviento-2018-03-300x169.jpg 300w, https:\/\/www.iesuscaritas.org\/wp-content\/uploads\/2018\/11\/adviento-2018-03-768x432.jpg 768w, https:\/\/www.iesuscaritas.org\/wp-content\/uploads\/2018\/11\/adviento-2018-03-1024x576.jpg 1024w, https:\/\/www.iesuscaritas.org\/wp-content\/uploads\/2018\/11\/adviento-2018-03.jpg 1200w\" sizes=\"auto, (max-width: 300px) 100vw, 300px\" \/><\/a>Tutti i giorni riceviamo cattive notizie di uomini e donne, di bambini, di giovani e anziani che soffrono per cause non sempre chiare da parte dell&#8217;opinione pubblica e dei mezzi di comuniczione. Sappiamo che spesso dipendono da interessi occulti delle potenze economiche e dei governi che nascondo la realt\u00e0 pi\u00f9 crude dei loro paesi, anche nei paesi del \u201cPrimo Mondo\u201d. Le vittime delle guerre, della violenza, del narcotraffico, del predominio dell&#8217;uomo sullla donna in molte culture, delle vittime della violenza, gridano in questo deserto, dove abbondano le voci che reclamano giustizia. Voci che si mescolano con altre che cercano vendetta o di quelle che dicono \u201cqui non succede nulla\u201d, o di quelle che \u201critornano al proprio paese\u201d. Anche noi abbiamo una voce: la voce di Ges\u00f9, l&#8217;annunciato dai profeti. Una voce che deve sgorgare dalla nostra fede, dalla nostra vocazione missionaria sullo stile di Nazaret che \u00e8 stare con le persone del nostro popolo, con i pi\u00f9 umili di essi, perch\u00e8 solo i semplici ci insegnano ad essere umili. Fratel Carlo ha scoperto Ges\u00f9 stando in mezzo alla gente umile: impariamo da lui.<\/p>\n<h2 style=\"text-align: justify;\">UN AVVENTO CHE CI INVITA AD ESSERE RICETTIVI<\/h2>\n<p style=\"text-align: justify;\">Questo tempo di Avvento ci invita all&#8217;ascolto, a fermare il tempo dell&#8217;orologio e, in atteggiamento contemplativo, metterci in ascolto della Parola, del silenzio di Dio nell&#8217;adorazione, e nell&#8217;ascolto dei fratelli: i fratelli della fraternit\u00e0, i fratelli sacerdoti del <a href=\"https:\/\/www.iesuscaritas.org\/wp-content\/uploads\/2018\/11\/adviento-2018-04.jpg\"><img loading=\"lazy\" decoding=\"async\" class=\"alignleft size-medium wp-image-3571\" src=\"https:\/\/www.iesuscaritas.org\/wp-content\/uploads\/2018\/11\/adviento-2018-04-300x101.jpg\" alt=\"\" width=\"300\" height=\"101\" srcset=\"https:\/\/www.iesuscaritas.org\/wp-content\/uploads\/2018\/11\/adviento-2018-04-300x101.jpg 300w, https:\/\/www.iesuscaritas.org\/wp-content\/uploads\/2018\/11\/adviento-2018-04-768x259.jpg 768w, https:\/\/www.iesuscaritas.org\/wp-content\/uploads\/2018\/11\/adviento-2018-04.jpg 897w\" sizes=\"auto, (max-width: 300px) 100vw, 300px\" \/><\/a>nostro presbiterio diocesano che, a volte, ci costa molto ascoltarli e accettarli, dato che i pregiudizi uccidono il dialogo e l&#8217;incontro; e la gente che si avvicina a noi cercando risposte ai loro problemi, o coloro che condividono con noi il lavoro pastorale, sociale o semplicemente come vicini. Apriamo la porta, mettiamo a disposizione il miglior luogo della nostra casa a chi ci cerca casa e non ci abituiamo a una dinamica di buoni consigli e facili parole. Mostrare la nostra povert\u00e0, i nostri limiti per aggiustare \u201cle macchine danneggiate\u201d, i cuori feriti, \u00e8 permettere a Dio di agire. Lui s\u00ec che \u00e8 imprescindibile. Lui s\u00ed \u00e8 colui che guarisce. Ges\u00f9 non \u00e8 indifferente a niente. In questo Avvento ci invita ad aprire il nostro cuore e lasciarci inondare dall&#8217;Amore di Dio e dall&#8217;amore della gente. Riacquistiamo la gioia di seguire Ges\u00f9 e aiutiamo molte persone tristi a trasformare l&#8217;angoscia in trionfo, a volersi un p\u00f2 pi\u00f9 bene.<\/p>\n<h2 style=\"text-align: justify;\">UNA CHIESA CHE SOFFRE<\/h2>\n<p style=\"text-align: justify;\"><a href=\"https:\/\/www.iesuscaritas.org\/wp-content\/uploads\/2018\/11\/adviento-2018-05.jpg\"><img loading=\"lazy\" decoding=\"async\" class=\"alignright size-medium wp-image-3572\" src=\"https:\/\/www.iesuscaritas.org\/wp-content\/uploads\/2018\/11\/adviento-2018-05-300x198.jpg\" alt=\"\" width=\"300\" height=\"198\" srcset=\"https:\/\/www.iesuscaritas.org\/wp-content\/uploads\/2018\/11\/adviento-2018-05-300x198.jpg 300w, https:\/\/www.iesuscaritas.org\/wp-content\/uploads\/2018\/11\/adviento-2018-05-768x507.jpg 768w, https:\/\/www.iesuscaritas.org\/wp-content\/uploads\/2018\/11\/adviento-2018-05.jpg 800w\" sizes=\"auto, (max-width: 300px) 100vw, 300px\" \/><\/a>Tutti stiamo soffrendo per le conseguenze degli abusi sui minori occultati in molte diocesi del mondo. La Chiesa perde credibilit\u00e0, garanzie, ecc. Potremmo dire che sempre \u00e8 successo questo, che era inevitabile\u2026 Non saremmo fedeli alla verit\u00e0. Sappiamo che questa crisis ancora aperta non si riemarginata. Il nostro papa Francesco sta soffrendo anche per tutto ci\u00f2 e sta ponendo la faccia davanti al mondo invocando il perdono a nome di coloro che hanno procurato danni, ascoltando, aprendo strade nuove per ristabile giustizia a beneficio delle vittime; quest&#8217;uomo merita tutto il nostro appoggio. Viviamo in comunione con papa Francesco, con tanti nemici nella sua propria chiesa, ma con l&#8217;appoggio di tanta gente buona, sia credente o no, che vede in Francesco un profeta del nostro tempo, un uomo coerente che nonostante sia una \u201ccapo di Stato\u201d, \u00e8 un essere umano sensibile alle sofferenze dell&#8217;umanit\u00e0. Sono sicuro che da questa crisi verr\u00e0 qualcosa di molto positivo pee la chiesa e per il Regno. Uniamoci in preghiera per fare fraternit\u00e0 con il papa, l\u00ec dove siamo.<\/p>\n<h2 style=\"text-align: justify;\">1 DICEMBRE<\/h2>\n<p style=\"text-align: justify;\"><a href=\"https:\/\/www.iesuscaritas.org\/wp-content\/uploads\/2018\/11\/adviento-2018-06.jpg\"><img loading=\"lazy\" decoding=\"async\" class=\"size-medium wp-image-3581 alignright\" src=\"https:\/\/www.iesuscaritas.org\/wp-content\/uploads\/2018\/11\/adviento-2018-06-300x225.jpg\" alt=\"\" width=\"300\" height=\"225\" srcset=\"https:\/\/www.iesuscaritas.org\/wp-content\/uploads\/2018\/11\/adviento-2018-06-300x225.jpg 300w, https:\/\/www.iesuscaritas.org\/wp-content\/uploads\/2018\/11\/adviento-2018-06.jpg 709w\" sizes=\"auto, (max-width: 300px) 100vw, 300px\" \/><\/a>102 anni fa Carlos di FOUCAULD si \u00e8 consegnato definitivamente nelle mani del Padre. Oggi \u00e8 il giorno per ringraziare Dio per lui, per ci\u00f2 che ci ha trasmesso con le sue intuizioni, per la missione che ha realizzato insieme alla gente che sono state vicino a lui, per i suoi pazzi sogni. Fratel Carlo ci ha aiutato nella nostra vocazione e nella nostra spiritualit\u00e0 a vivere l&#8217;amicizia con Ges\u00f9 e con la gente, nel Nazaret che ciascuno di noi vive, con i nostri anni e la voglia di vivere nel silenzio e nell&#8217;annuncio. E&#8217; un regalo di Dio che merita il nostro grazie ogni giorno. Regaliamoci un tempo per valorizzare questo dono: poniamoci in adorazione in questo giorno dinanzi a Ges\u00f9 per tutto ci\u00f2 che Carlos de FOUCAULD ci ha trasmesso, probabilmente non tanto con i suoi scritti spirituali quanto con la sua testimonianza di vita, di amore, di abbandono, di fiducia e generosit\u00e0.<\/p>\n<p style=\"text-align: justify;\">Facciamo la preghiera dell&#8217;Abbandono anche se ci costa acettare che ci manca ancora molto per farla nostra completamente.<\/p>\n<h2 style=\"text-align: justify;\">NOSTRA ASSEMBLEA MONDIALE<\/h2>\n<p style=\"text-align: justify;\">Dal 15 al 30 gennaio 2019 celebreremo la nostra Assemblea Mondiale della fraternit\u00e0 a Cebu, Filippine. Il tema centrale \u00e8 l&#8217;approfondimento comequanto presbiteri diocesani missionari del carisma di FOUCAULD. Nella nostra paginas iesuscaritas.org potete trovare tutto ci\u00f2 che si riferisce all&#8217;Assemblea.<\/p>\n<p style=\"text-align: justify;\"><a href=\"https:\/\/www.iesuscaritas.org\/wp-content\/uploads\/2018\/11\/adviento-2018-07.jpg\"><img loading=\"lazy\" decoding=\"async\" class=\"alignleft size-full wp-image-3574\" src=\"https:\/\/www.iesuscaritas.org\/wp-content\/uploads\/2018\/11\/adviento-2018-07.jpg\" alt=\"\" width=\"200\" height=\"240\" \/><\/a>Nella zona verde dell&#8217;inizio si trova il questionario preparatorio, il programma e il foglio per l&#8217;iscrizione\u2026 Fino ad oggi son poche le iscrizioni ricevute e solo un continente (America) ha consegnato le risposte del questionario, cos\u00ec come alcune fraternit\u00e0 regionali. E&#8217; conveniente che questo lavoro lo consegniamo al pi\u00f9 presto. Facciamo l&#8217;ultimo sforzo. So che tutti siamo molto occupati, che abbiamo poco tempo. Gioisco al ricevere la posta con le risposte del questionario e le iscrizioni e comprendo anche le difficolt\u00e0 e fatiche che ci\u00f2 comporta per alcune fraternit\u00e0.<\/p>\n<p style=\"text-align: justify;\">Parteciperanno all&#8217;Assemblea tutti i responsabili regionali o delegati, i responsabili internacionali anteriori e i responsabili continentali. Alcuni dei nostri fratelli non possono pagarsi il viaggio a causa della situazione del proprio paese. La fraternit\u00e0 mondiale si fa carico di ci\u00f2 per quello che sar\u00e0 possibile. Al momento \u00e8 molto difficile poter coprire tutte le spese. Alcune fraternit\u00e0 d&#8217;Europa e America hanno risposto pagando il biglietto di un fratello dell&#8217;Africa e della propria America\u2026 Grazie. Vi chiedo come fraternit\u00e0 la disponibilit\u00e0 di contribuire a pagare il viaggio ai fratelli di Hait\u00ed, Burkina Faso, Repubblica Centroafricana, Tchad, Congo, Camerun, Ruanda, Madagascar, Pakistan, India, BanglaDesh, che ancora non hanno il loro biglietto aereo. Fate il possibile affinch\u00e8 tutti i fratelli possano partecipare all&#8217;Assemblea Mondiale nelle Filippine.<\/p>\n<p style=\"text-align: justify;\">Grazie fratelli filippini per tutto il lavoro organizzativo dell&#8217;assemblea e confidiamo nella buona volont\u00e0 di tutti i fratelli del mondo nel testimoniare che la fraternit\u00e0 \u00e8 molto di pi\u00f9 che un gruppo di preti e una forma di spiritualit\u00e0: \u00e8 condividere ci\u00f2 che abbiamo. Grazie.<\/p>\n<p style=\"text-align: justify;\">Il nostro prossimo responsabile che eleggeremo a Cebu e la nuova equipe ci aiuteranno a continuare a fare fraternit\u00e0 a partire dalle nostre realt\u00e0 locali e dai sogni di ciascuno.<\/p>\n<h2 style=\"text-align: justify;\">A UN PASSO DAL NATALE<\/h2>\n<p style=\"text-align: justify;\"><a href=\"https:\/\/www.iesuscaritas.org\/wp-content\/uploads\/2018\/11\/adviento-2018-08.jpg\"><img loading=\"lazy\" decoding=\"async\" class=\"alignleft size-medium wp-image-3575\" src=\"https:\/\/www.iesuscaritas.org\/wp-content\/uploads\/2018\/11\/adviento-2018-08-300x199.jpg\" alt=\"\" width=\"300\" height=\"199\" srcset=\"https:\/\/www.iesuscaritas.org\/wp-content\/uploads\/2018\/11\/adviento-2018-08-300x199.jpg 300w, https:\/\/www.iesuscaritas.org\/wp-content\/uploads\/2018\/11\/adviento-2018-08.jpg 720w\" sizes=\"auto, (max-width: 300px) 100vw, 300px\" \/><\/a>In queste settimane di preparazione al Natale prepariamo il posto migliore della nostra vita a colui che viene per rimanere. Gli angeli annunciarono ai pastori la Buona Notizia e ci comunicano una gioia immensa. Ci sono angeli che ci chiamano alla porta o per telefono o nella strada e che ci dicono, a volte senza saperlo, che Dio \u00e8 con noi. Ci sono volti che ci fanno vedere Ges\u00f9 negli ospedali, nel carcere, nei luoghi di accoglienza dei rifugiati. Angeli nelle persone dei nostri fratelli ammalati o molto anziani, che hanno dato tutto per la chiesa, per la fraternit\u00e0, per i poveri. Volti di persone anonime che fanno il bene senza aspettare niente in cambio. Gli angeli della gente semplice delle nostre parrocchie che ci aiutano nella pastorale o con la loro presenza nelle celebrazioni, o ci offrono il meglio di se stessi con la loro vicinanza e amicizia. Sono angeli senza ali, ma con una voce che nessuno pu\u00f2 far tacere.<\/p>\n<p style=\"text-align: justify;\">In attesa, in questo Avvento, di un mundo migliore, di una Chiesa pi\u00f9 libera da angosce per il passato, di una fraternit\u00e0 di fratelli impegnati per il Regno, di un mondo rinnovato dallo sforzo di pace per i dirittti Umani, contro tutte le disuguaglianze, il mio augurio di un Natale pieno di Dio, di Ges\u00f9 fratello e amico. Un grande abbraccio.<\/p>\n<p style=\"text-align: justify;\"><a href=\"https:\/\/www.iesuscaritas.org\/wp-content\/uploads\/2018\/11\/adviento-2018-09.jpg\"><img loading=\"lazy\" decoding=\"async\" class=\"alignright wp-image-3576\" src=\"https:\/\/www.iesuscaritas.org\/wp-content\/uploads\/2018\/11\/adviento-2018-09-273x300.jpg\" alt=\"\" width=\"137\" height=\"150\" srcset=\"https:\/\/www.iesuscaritas.org\/wp-content\/uploads\/2018\/11\/adviento-2018-09-273x300.jpg 273w, https:\/\/www.iesuscaritas.org\/wp-content\/uploads\/2018\/11\/adviento-2018-09.jpg 401w\" sizes=\"auto, (max-width: 137px) 100vw, 137px\" \/><\/a>Aurelio SANZ BAEZA, fratello responsabile<\/p>\n<p style=\"text-align: justify;\">Per\u00edn, Cartagena, Murcia, Espa\u00f1a, 1 dicembre 2018,<br \/>\nfesta del beato Carlos de FOUCAULD<\/p>\n<p style=\"text-align: justify;\">(Grazie, Mario MORICONI, per la traduzione italiana)<\/p>\n<p>PDF: <a href=\"https:\/\/www.iesuscaritas.org\/wp-content\/uploads\/2018\/11\/Lettera-dAvvento-2018-fratello-responsabile-it.pdf\">Lettera d&#8217;Avvento 2018, fratello responsabile, it<\/a><\/p>","protected":false},"excerpt":{"rendered":"<p>Carissimi fratelli, nel giorno della festa del nostro fratello Carlo iniziamo l&#8217;Avvento: settimane di speranza che sono un riflesso di tutta la speranza dell&#8217;umanit\u00e0. La nostra umanit\u00e0, in crisi permanente, <a class=\"more-link\" href=\"https:\/\/www.iesuscaritas.org\/it\/letters\/aurelio-letters\/carta-de-adviento-2018-hermano-responsable\/\">Continue Reading &rarr;<\/a><\/p>\n","protected":false},"author":1,"featured_media":0,"comment_status":"open","ping_status":"open","sticky":false,"template":"","format":"standard","meta":{"footnotes":""},"categories":[5],"tags":[],"class_list":["post-3559","post","type-post","status-publish","format-standard","hentry","category-aurelio-letters"],"_links":{"self":[{"href":"https:\/\/www.iesuscaritas.org\/it\/wp-json\/wp\/v2\/posts\/3559","targetHints":{"allow":["GET"]}}],"collection":[{"href":"https:\/\/www.iesuscaritas.org\/it\/wp-json\/wp\/v2\/posts"}],"about":[{"href":"https:\/\/www.iesuscaritas.org\/it\/wp-json\/wp\/v2\/types\/post"}],"author":[{"embeddable":true,"href":"https:\/\/www.iesuscaritas.org\/it\/wp-json\/wp\/v2\/users\/1"}],"replies":[{"embeddable":true,"href":"https:\/\/www.iesuscaritas.org\/it\/wp-json\/wp\/v2\/comments?post=3559"}],"version-history":[{"count":12,"href":"https:\/\/www.iesuscaritas.org\/it\/wp-json\/wp\/v2\/posts\/3559\/revisions"}],"predecessor-version":[{"id":3591,"href":"https:\/\/www.iesuscaritas.org\/it\/wp-json\/wp\/v2\/posts\/3559\/revisions\/3591"}],"wp:attachment":[{"href":"https:\/\/www.iesuscaritas.org\/it\/wp-json\/wp\/v2\/media?parent=3559"}],"wp:term":[{"taxonomy":"category","embeddable":true,"href":"https:\/\/www.iesuscaritas.org\/it\/wp-json\/wp\/v2\/categories?post=3559"},{"taxonomy":"post_tag","embeddable":true,"href":"https:\/\/www.iesuscaritas.org\/it\/wp-json\/wp\/v2\/tags?post=3559"}],"curies":[{"name":"wp","href":"https:\/\/api.w.org\/{rel}","templated":true}]}}