{"id":3266,"date":"2018-06-02T17:23:51","date_gmt":"2018-06-02T15:23:51","guid":{"rendered":"https:\/\/www.iesuscaritas.org\/?p=3266"},"modified":"2018-11-30T17:52:21","modified_gmt":"2018-11-30T16:52:21","slug":"nuestro-hermano-silvio-guterres-dutra-nuevo-obispo","status":"publish","type":"post","link":"https:\/\/www.iesuscaritas.org\/it\/news\/nuestro-hermano-silvio-guterres-dutra-nuevo-obispo\/","title":{"rendered":"Nostro fratello Silvio GUTERRES DUTRA, nuovo vescovo"},"content":{"rendered":"<p><\/p>\n<p style=\"text-align: justify;\">Grande gioia per la fraternit\u00e0 e per la Chiesa brasiliana la nomina del nostro fratello Silvio a vescovo da parte del papa Francesco.<\/p>\n<p style=\"text-align: justify;\"><a href=\"https:\/\/www.iesuscaritas.org\/wp-content\/uploads\/2018\/06\/silvio-guterres-dutra-nuevo-obispo-01.jpg\"><img loading=\"lazy\" decoding=\"async\" class=\"alignleft size-medium wp-image-3268\" src=\"https:\/\/www.iesuscaritas.org\/wp-content\/uploads\/2018\/06\/silvio-guterres-dutra-nuevo-obispo-01-300x169.jpg\" alt=\"\" width=\"300\" height=\"169\" srcset=\"https:\/\/www.iesuscaritas.org\/wp-content\/uploads\/2018\/06\/silvio-guterres-dutra-nuevo-obispo-01-300x169.jpg 300w, https:\/\/www.iesuscaritas.org\/wp-content\/uploads\/2018\/06\/silvio-guterres-dutra-nuevo-obispo-01-768x432.jpg 768w, https:\/\/www.iesuscaritas.org\/wp-content\/uploads\/2018\/06\/silvio-guterres-dutra-nuevo-obispo-01-1024x576.jpg 1024w, https:\/\/www.iesuscaritas.org\/wp-content\/uploads\/2018\/06\/silvio-guterres-dutra-nuevo-obispo-01.jpg 1477w\" sizes=\"auto, (max-width: 300px) 100vw, 300px\" \/><\/a>Ho avuto la gioia di condividere con lui il ritiro delle fraternit\u00e0 del Brasile a Florianopolis e a febbraio la II Assemblea Assemblea Panamericana della fraternit\u00e0 a Santo Domingo. Il suo stile di vicinanza e la sua fraternit\u00e0 sono state sempre per tutti noi un bene, un premio dei tanti che ci offre senza meritarli.<\/p>\n<p style=\"text-align: justify;\"><a href=\"https:\/\/www.iesuscaritas.org\/wp-content\/uploads\/2018\/06\/silvio-guterres-dutra-nuevo-obispo-02.jpg\"><img loading=\"lazy\" decoding=\"async\" class=\"alignright wp-image-3269\" src=\"https:\/\/www.iesuscaritas.org\/wp-content\/uploads\/2018\/06\/silvio-guterres-dutra-nuevo-obispo-02-300x300.jpg\" alt=\"\" width=\"134\" height=\"134\" srcset=\"https:\/\/www.iesuscaritas.org\/wp-content\/uploads\/2018\/06\/silvio-guterres-dutra-nuevo-obispo-02-300x300.jpg 300w, https:\/\/www.iesuscaritas.org\/wp-content\/uploads\/2018\/06\/silvio-guterres-dutra-nuevo-obispo-02-150x150.jpg 150w, https:\/\/www.iesuscaritas.org\/wp-content\/uploads\/2018\/06\/silvio-guterres-dutra-nuevo-obispo-02.jpg 640w\" sizes=\"auto, (max-width: 134px) 100vw, 134px\" \/><\/a>Silvio \u00e8 nato il 6 giugno 1966 a Encruzilhada do Sul (Rio Grande do Sul). Ha studiato Filosofia e Teologia nella Pontificia Universit\u00e0 Cattolica di Porto Alegre, e si \u00e8 licenziato in Teologia Pastorale nella Lateranense di Roma.<\/p>\n<p style=\"text-align: justify;\">E&#8217; stato ordinato sacerdote il 18 dicembre 1993 nella diocesis di Porto Alegre, e dopo varie missioni pastorali in parrocchie e in seminario, dal 2013 \u00e8 rettore del Seminario di Viam\u00e2o.<\/p>\n<p style=\"text-align: justify;\">Fa parte della fraternit\u00e0 di Porto Alegre ed \u00e8 <a href=\"https:\/\/www.iesuscaritas.org\/wp-content\/uploads\/2018\/06\/silvio-guterres-dutra-nuevo-obispo-03.jpg\"><img loading=\"lazy\" decoding=\"async\" class=\"alignleft wp-image-3270\" src=\"https:\/\/www.iesuscaritas.org\/wp-content\/uploads\/2018\/06\/silvio-guterres-dutra-nuevo-obispo-03-300x225.jpg\" alt=\"\" width=\"295\" height=\"224\" \/><\/a>il responsabile nazionale delle fraternit\u00e0 brasiliane, in sostituzione di Gildo.<\/p>\n<p style=\"text-align: justify;\">La sua consacrazione episcopale avverr\u00e0 nel polisportivo di Charqueadas, vicino alla Chiesa di Cristo Re, alle ore 15 del 22 luglio 2018. Inizier\u00e0 la sua missione pastorale della diocesi di Vacaria il 5 de agosto, alle ore10, nella cattedrale di Nostra Signora di Oliveira.<\/p>\n<p style=\"text-align: justify;\"><a href=\"https:\/\/www.iesuscaritas.org\/wp-content\/uploads\/2018\/06\/iesuscaritas-logo-201806.jpg\"><img loading=\"lazy\" decoding=\"async\" class=\"alignright size-full wp-image-3267\" src=\"https:\/\/www.iesuscaritas.org\/wp-content\/uploads\/2018\/06\/iesuscaritas-logo-201806.jpg\" alt=\"\" width=\"238\" height=\"92\" \/><\/a>Ricolmi di gioia, uniamo le nostre preghiere per Silvio e la sua chiesa diocesana alla gente semplice che ci insegna il cammino di Ges\u00f9 nei loro passi, nelle loro speranze e nelle loro lotte per la giustizia.<\/p>\n<p style=\"text-align: justify;\">Aurelio SANZ BAEZA, fratello responsabile<\/p>\n<p>PDF: <a href=\"https:\/\/www.iesuscaritas.org\/wp-content\/uploads\/2018\/06\/Nostro-fratello-Silvio-GUTERRES-DUTRA-nuovo-vescovo-it.pdf\">Nostro fratello Silvio GUTERRES DUTRA, nuovo vescovo, it<\/a><\/p>","protected":false},"excerpt":{"rendered":"<p>Grande gioia per la fraternit\u00e0 e per la Chiesa brasiliana la nomina del nostro fratello Silvio a vescovo da parte del papa Francesco. Ho avuto la gioia di condividere con <a class=\"more-link\" href=\"https:\/\/www.iesuscaritas.org\/it\/news\/nuestro-hermano-silvio-guterres-dutra-nuevo-obispo\/\">Continue Reading &rarr;<\/a><\/p>\n","protected":false},"author":1,"featured_media":0,"comment_status":"open","ping_status":"open","sticky":false,"template":"","format":"standard","meta":{"footnotes":""},"categories":[1],"tags":[],"class_list":["post-3266","post","type-post","status-publish","format-standard","hentry","category-news"],"_links":{"self":[{"href":"https:\/\/www.iesuscaritas.org\/it\/wp-json\/wp\/v2\/posts\/3266","targetHints":{"allow":["GET"]}}],"collection":[{"href":"https:\/\/www.iesuscaritas.org\/it\/wp-json\/wp\/v2\/posts"}],"about":[{"href":"https:\/\/www.iesuscaritas.org\/it\/wp-json\/wp\/v2\/types\/post"}],"author":[{"embeddable":true,"href":"https:\/\/www.iesuscaritas.org\/it\/wp-json\/wp\/v2\/users\/1"}],"replies":[{"embeddable":true,"href":"https:\/\/www.iesuscaritas.org\/it\/wp-json\/wp\/v2\/comments?post=3266"}],"version-history":[{"count":6,"href":"https:\/\/www.iesuscaritas.org\/it\/wp-json\/wp\/v2\/posts\/3266\/revisions"}],"predecessor-version":[{"id":3281,"href":"https:\/\/www.iesuscaritas.org\/it\/wp-json\/wp\/v2\/posts\/3266\/revisions\/3281"}],"wp:attachment":[{"href":"https:\/\/www.iesuscaritas.org\/it\/wp-json\/wp\/v2\/media?parent=3266"}],"wp:term":[{"taxonomy":"category","embeddable":true,"href":"https:\/\/www.iesuscaritas.org\/it\/wp-json\/wp\/v2\/categories?post=3266"},{"taxonomy":"post_tag","embeddable":true,"href":"https:\/\/www.iesuscaritas.org\/it\/wp-json\/wp\/v2\/tags?post=3266"}],"curies":[{"name":"wp","href":"https:\/\/api.w.org\/{rel}","templated":true}]}}