{"id":2941,"date":"2018-01-22T17:36:29","date_gmt":"2018-01-22T16:36:29","guid":{"rendered":"http:\/\/www.iesuscaritas.org\/?p=2941"},"modified":"2018-06-17T12:30:59","modified_gmt":"2018-06-17T10:30:59","slug":"carta-de-bangalore-equipo-inter-17-enero-2018","status":"publish","type":"post","link":"https:\/\/www.iesuscaritas.org\/it\/internationalteam\/carta-de-bangalore-equipo-inter-17-enero-2018\/","title":{"rendered":"Lettera da Bangalore, eq inter, 17 gennaio 2018"},"content":{"rendered":"<p><\/p>\n<p style=\"text-align: justify;\">Carissimi fratelli,<br \/>\nda Bangalore, India, vi mandiamo il nostro saluto fraterno e desideriamo condividere con voi il lavoro realizzato.<\/p>\n<p style=\"text-align: justify;\">E&#8217; la prima riunione senza F\u00e9lix, la cui memoria celebriamo, ma lui ci ha aiutato dal cielo.<\/p>\n<p style=\"text-align: justify;\"><a href=\"http:\/\/www.iesuscaritas.org\/wp-content\/uploads\/2018\/01\/bangalore-2018-01.jpg\"><img loading=\"lazy\" decoding=\"async\" class=\"alignright size-medium wp-image-2943\" src=\"http:\/\/www.iesuscaritas.org\/wp-content\/uploads\/2018\/01\/bangalore-2018-01-300x169.jpg\" alt=\"\" width=\"300\" height=\"169\" srcset=\"https:\/\/www.iesuscaritas.org\/wp-content\/uploads\/2018\/01\/bangalore-2018-01-300x169.jpg 300w, https:\/\/www.iesuscaritas.org\/wp-content\/uploads\/2018\/01\/bangalore-2018-01-768x432.jpg 768w, https:\/\/www.iesuscaritas.org\/wp-content\/uploads\/2018\/01\/bangalore-2018-01-1024x576.jpg 1024w, https:\/\/www.iesuscaritas.org\/wp-content\/uploads\/2018\/01\/bangalore-2018-01.jpg 1652w\" sizes=\"auto, (max-width: 300px) 100vw, 300px\" \/><\/a>Siamo contenti per aver raggiunto l&#8217;obiettivo di questo incontro, nonostante le diverse difficolt\u00e0 avute. Emmanuel e Honor\u00e9 non sono potuti essere presenti per non aver ottenuto il visto dell&#8217;India. Con loro ci siamo messi in comunicazione spesso. Ma ci hanno accompagnato alcuni giorni Prakash, India, e Philippe, Corea, entrambi membri dell&#8217;equipe continentale dell&#8217;Asia. Anche Arthur, del Pakist\u00e1n, responsabile dell&#8217;Asia, non \u00e8 potuto venire perch\u00e8 non ha avuto il visto.<\/p>\n<p style=\"text-align: justify;\">Tutto il lavoro si \u00e8 concentrato nel preparare l&#8217;assemblea mondiale del prossimo gennaio 2019. Era previsto farla a Bangalore, per questo eravamo qui, ma si \u00e8 deciso di spostarla nelle Filippine, a causa dei visti di molti fratelli.<\/p>\n<p style=\"text-align: justify;\"><a href=\"http:\/\/www.iesuscaritas.org\/wp-content\/uploads\/2018\/01\/bangalore-2018-02.jpg\"><img loading=\"lazy\" decoding=\"async\" class=\"alignleft size-medium wp-image-2944\" src=\"http:\/\/www.iesuscaritas.org\/wp-content\/uploads\/2018\/01\/bangalore-2018-02-300x169.jpg\" alt=\"\" width=\"300\" height=\"169\" srcset=\"https:\/\/www.iesuscaritas.org\/wp-content\/uploads\/2018\/01\/bangalore-2018-02-300x169.jpg 300w, https:\/\/www.iesuscaritas.org\/wp-content\/uploads\/2018\/01\/bangalore-2018-02-768x432.jpg 768w, https:\/\/www.iesuscaritas.org\/wp-content\/uploads\/2018\/01\/bangalore-2018-02-1024x576.jpg 1024w, https:\/\/www.iesuscaritas.org\/wp-content\/uploads\/2018\/01\/bangalore-2018-02.jpg 1652w\" sizes=\"auto, (max-width: 300px) 100vw, 300px\" \/><\/a>I fratelli di Bangalore ci sono stati vicini in ogni momento, all&#8217;inizio a Shanti Sadhana, Trust, un centro di spiritualit\u00e0 francescana dei cappuccini, poi a Ashirvad dai gesuiti. Il nostro fratello Alphonse, responsabile dell&#8217;India, \u00e8 stato l&#8217;angelo custode dell&#8217;equipe internazionale, prendendosi cura sempre di ciascuno di noi: trasporti, necessit\u00e0, contatti. Grazie, Alphonse, per tutto e grazie ai frateli dell&#8217;India.<\/p>\n<p style=\"text-align: justify;\">Nel lavoro quotidiano per preparare l&#8217;assemblea abbiamo tenuto conto delle realt\u00e0 dei continenti, il funzionamento delle fraternit\u00e0, le assemblee continentali, il Mese di Nazaret, le gioie, i problemi e le sfide di tutti i fratelli del mondo.<\/p>\n<p style=\"text-align: justify;\">Mark ha preparato il bilancio economico della fraternit\u00e0 e un preventivo globale per la prossima assemblea del 2019, che invieremo ai responsabili regionali. Attendiamo da tutte le regioni il vostro aiuto economico per sostenere il viaggio di alcuni fratelli nelle Filippine.<\/p>\n<p style=\"text-align: justify;\">Abbiamo elaborato un programma completo e orari per l&#8217;assemblea, giorno per giorno, ora per ora, con la metodologia e le persone incaricate per ogni momento. Non \u00e8 stato facile, ma lo abbiamo fatto con spirito d&#8217;equipe, avendo presente molto chiaramente l&#8217;obiettivo dell&#8217;assemblea 2019: \u201c<em><strong>Approfondire e attualizzare l&#8217;indentit\u00e0 missionaria del presbitero diocesano alla luce della testimonianza di Carlo de FOUCAULD, contemplativo e portatore della Buona Notizia di Ges\u00f9<\/strong><\/em>\u201d.<\/p>\n<p style=\"text-align: justify;\"><a href=\"http:\/\/www.iesuscaritas.org\/wp-content\/uploads\/2018\/01\/bangalore-2018-03.jpg\"><img loading=\"lazy\" decoding=\"async\" class=\"alignright size-medium wp-image-2945\" src=\"http:\/\/www.iesuscaritas.org\/wp-content\/uploads\/2018\/01\/bangalore-2018-03-300x169.jpg\" alt=\"\" width=\"300\" height=\"169\" srcset=\"https:\/\/www.iesuscaritas.org\/wp-content\/uploads\/2018\/01\/bangalore-2018-03-300x169.jpg 300w, https:\/\/www.iesuscaritas.org\/wp-content\/uploads\/2018\/01\/bangalore-2018-03.jpg 768w\" sizes=\"auto, (max-width: 300px) 100vw, 300px\" \/><\/a>Non ci sono state molte risposte al questionario inviato da pi\u00f9 di un anno. Molti paesi non hanno risposto; crediamo che sia compito dei responsabili continentali e regionali motivare tutti i fratelli nella fase preparatoria. Per questo a marzo si rilancier\u00e0 il questionario (Questionario delle Filippine) per lavorarlo nelle Filippine in gruppi continentali: debe essere il frutto di ci\u00f2 che vive la maggior parte e non solo di alcuni.<\/p>\n<p style=\"text-align: justify;\">Le grandi differenze sociali ed ecclesiali dei diversi continenti ci spingono con pi\u00f9 forza a vivere il messaggio di fraternit\u00e0 di Carlo de FOUCAULD come guida del nostro cammino. Le acute sfide di fronte ai nazionalismi presenti all&#8217;interno e fuori della Chiesa, la mancanza di dialogo politico e inter-religioso, le minacce di una guerra nucleare, il cammino verso una povert\u00e0 generalizata in molti paesi a causa della corruzione e delle muinazionali sfruttatrici con il conseguente degrado del pianeta e il dramma dei rifugiati&#8230;.Tutto ci\u00f2 non pu\u00f2 lasciarci indifferenti. Carlo di FOUCAULD e il nostro papa Francesco ci spingono a prendere posizione seria e profetica in questa umanit\u00e0 ferita e sofferente.<\/p>\n<p style=\"text-align: justify;\">La nostra assemblea nelle Filippine \u00e8 una tappa in pi\u00f9 a favore della pace, e per una chiesa chiamata ad uscire da se stessa ed inviata alla periferie. Da l\u00ec vogliamo approfondire l&#8217;essenza missionaria del nostro ministero e favorire una cultura di speranza.<\/p>\n<p style=\"text-align: justify;\"><a href=\"http:\/\/www.iesuscaritas.org\/wp-content\/uploads\/2018\/01\/bangalore-2018-04.jpg\"><img loading=\"lazy\" decoding=\"async\" class=\"alignright size-medium wp-image-2946\" src=\"http:\/\/www.iesuscaritas.org\/wp-content\/uploads\/2018\/01\/bangalore-2018-04-300x169.jpg\" alt=\"\" width=\"300\" height=\"169\" srcset=\"https:\/\/www.iesuscaritas.org\/wp-content\/uploads\/2018\/01\/bangalore-2018-04-300x169.jpg 300w, https:\/\/www.iesuscaritas.org\/wp-content\/uploads\/2018\/01\/bangalore-2018-04-768x432.jpg 768w, https:\/\/www.iesuscaritas.org\/wp-content\/uploads\/2018\/01\/bangalore-2018-04-1024x576.jpg 1024w, https:\/\/www.iesuscaritas.org\/wp-content\/uploads\/2018\/01\/bangalore-2018-04.jpg 1652w\" sizes=\"auto, (max-width: 300px) 100vw, 300px\" \/><\/a>A Bangalore abbiamo condiviso, come famiglia di Carlo de FOUCAULD, momenti di incontro con le piccole sorelle di Ges\u00f9, con la fraternit\u00e0 secolare, con un fratello di Ges\u00f9 e un&#8217;altro del Vangelo e con la fraternit\u00e0 sacerdotale. Ci siamo sentiti famiglia di uomini e donne con cui condividire un cammino comune.<\/p>\n<p style=\"text-align: justify;\"><a href=\"http:\/\/www.iesuscaritas.org\/wp-content\/uploads\/2018\/01\/bangalore-2018-05.jpg\"><img loading=\"lazy\" decoding=\"async\" class=\"alignleft size-medium wp-image-2947\" src=\"http:\/\/www.iesuscaritas.org\/wp-content\/uploads\/2018\/01\/bangalore-2018-05-300x167.jpg\" alt=\"\" width=\"300\" height=\"167\" srcset=\"https:\/\/www.iesuscaritas.org\/wp-content\/uploads\/2018\/01\/bangalore-2018-05-300x167.jpg 300w, https:\/\/www.iesuscaritas.org\/wp-content\/uploads\/2018\/01\/bangalore-2018-05-768x428.jpg 768w, https:\/\/www.iesuscaritas.org\/wp-content\/uploads\/2018\/01\/bangalore-2018-05-1024x571.jpg 1024w, https:\/\/www.iesuscaritas.org\/wp-content\/uploads\/2018\/01\/bangalore-2018-05.jpg 1199w\" sizes=\"auto, (max-width: 300px) 100vw, 300px\" \/><\/a>Abbiamo visitato l&#8217;Arcivescovato di Bangalore con Bernard MORAS, che conosce da vicino la realt\u00e0 e i problemi della diocesi; abbiamo potuto incontrare in alcune parrocchie il clero diocesano. E&#8217; stato importante poter incontrare le fraternit\u00e0 sacerdotali nella parrocchia di Joseph, anteriore responsabile dell&#8217;India, nell&#8217;eucarestia, nel dialogo e nella cena condivisa.<\/p>\n<p style=\"text-align: justify;\">Come equipe internazionale abbiamo anche vissuto come fraternit\u00e0 la preghiera, l&#8217;adorazione e l&#8217;eucarestia. Mark ha coordinato questo aspetto. Condividere anche il lavoro di preparacione dell&#8217;assemblea de 2019 \u2013 che ci ha preso la maggior parte del tempo \u2013 \u00e8 stato un segno di fraternit\u00e0 e di ascolto gli uni degli altri, di appoggio e di aiuto. Il tutto l&#8217;abbiamo vissuto con gioia per offrire un servizio a tutti i fratelli.<\/p>\n<p style=\"text-align: justify;\"><a href=\"http:\/\/www.iesuscaritas.org\/wp-content\/uploads\/2018\/01\/bangalore-2018-06.jpg\"><img loading=\"lazy\" decoding=\"async\" class=\"alignleft wp-image-2948 size-medium\" src=\"http:\/\/www.iesuscaritas.org\/wp-content\/uploads\/2018\/01\/bangalore-2018-06-300x169.jpg\" alt=\"\" width=\"300\" height=\"169\" srcset=\"https:\/\/www.iesuscaritas.org\/wp-content\/uploads\/2018\/01\/bangalore-2018-06-300x169.jpg 300w, https:\/\/www.iesuscaritas.org\/wp-content\/uploads\/2018\/01\/bangalore-2018-06-768x432.jpg 768w, https:\/\/www.iesuscaritas.org\/wp-content\/uploads\/2018\/01\/bangalore-2018-06-1024x576.jpg 1024w\" sizes=\"auto, (max-width: 300px) 100vw, 300px\" \/><\/a>La contaminazione, l&#8217;assordante rumore di Bangalore, con un traffico impressionante di veicoli, i sei milioni di esseri umani di questa citt\u00e0, e il lasciarci condurre da Alphonse, con i suoi mille dettagli e preoccupazioni \u00e8 stato il nostro nazaret, e ci ha fatto uscire dai nostri schemi comodi e dai confort abituali.<\/p>\n<p style=\"text-align: justify;\">A marzo riceverete il questionario attualizzato per le Fililippinee, e sar\u00e0 anche pubblicato nella nostra pagina, la lettera di convocazione e la scheda di iscrizione.<\/p>\n<p style=\"text-align: justify;\">In questo anno ci saranno abbastanza comunicazioni ai responsabili affinch\u00e8 la nostra assemblea nelle Filippina raggiunga l&#8217;obiettivo proposto.<\/p>\n<p style=\"text-align: justify;\">Comunichiamo con gioia che la nuova fraternit\u00e0 di Hait\u00ed \u00e8 stata accolta come fraternit\u00e0 sacerdotale dopo due anni di prova. Benvenuti Jonas e fratelli Haitiani. Siamio anche in contatto con sacerdoti del Venezuela con la possibilit\u00e0 di formare anche l\u00ec una fraternit\u00e0.<\/p>\n<p style=\"text-align: justify;\">Con molta speranza e gioia l&#8217;equipe internazionale si propone di fare qualsiasi sforzo in questo anno di preparazione all&#8217;assemblea mondiale affinch\u00e8 tutti la prendano a cuore per il bene delle persone, della fraternit\u00e0, della chiesa e della gente con cui viviamo. E&#8217; nostra missione incontrare e annunciare Ges\u00f9 sullo stile di nazaret, come contemplativi e missionari.<\/p>\n<p><a href=\"http:\/\/www.iesuscaritas.org\/wp-content\/uploads\/2018\/01\/bangalore-2018-07.jpg\"><img loading=\"lazy\" decoding=\"async\" class=\"aligncenter size-full wp-image-2949\" src=\"http:\/\/www.iesuscaritas.org\/wp-content\/uploads\/2018\/01\/bangalore-2018-07.jpg\" alt=\"\" width=\"640\" height=\"220\" srcset=\"https:\/\/www.iesuscaritas.org\/wp-content\/uploads\/2018\/01\/bangalore-2018-07.jpg 640w, https:\/\/www.iesuscaritas.org\/wp-content\/uploads\/2018\/01\/bangalore-2018-07-300x103.jpg 300w\" sizes=\"auto, (max-width: 640px) 100vw, 640px\" \/><\/a>Grazie di nuovo ai fratelli dell&#8217;India, grazie ai fratelli filippini per aver accettato di poter celebrare la nostra prossima assemblea mondiale nella loro terra.<\/p>\n<p style=\"text-align: justify;\">Fin d&#8217;ora tutti i fratelli dobbiamo impegnarci in questo lavoro. I fratelli pi\u00f9 avanti in et\u00e0 e quelli ammalati con la loro preghiera; gli altri con l&#8217;azione e con i loro contributi. Grazie. Tutti impariamo da tutti e nessuno \u00e8 maestro di nessuno. Abbiamo un solo Maestro, Ges\u00f9.<\/p>\n<p style=\"text-align: justify;\"><a href=\"http:\/\/www.iesuscaritas.org\/wp-content\/uploads\/2018\/01\/bangalore-2018-08.jpg\"><img loading=\"lazy\" decoding=\"async\" class=\"alignright size-medium wp-image-2950\" src=\"http:\/\/www.iesuscaritas.org\/wp-content\/uploads\/2018\/01\/bangalore-2018-08-300x185.jpg\" alt=\"\" width=\"300\" height=\"185\" srcset=\"https:\/\/www.iesuscaritas.org\/wp-content\/uploads\/2018\/01\/bangalore-2018-08-300x185.jpg 300w, https:\/\/www.iesuscaritas.org\/wp-content\/uploads\/2018\/01\/bangalore-2018-08-768x473.jpg 768w, https:\/\/www.iesuscaritas.org\/wp-content\/uploads\/2018\/01\/bangalore-2018-08-1024x631.jpg 1024w, https:\/\/www.iesuscaritas.org\/wp-content\/uploads\/2018\/01\/bangalore-2018-08.jpg 1070w\" sizes=\"auto, (max-width: 300px) 100vw, 300px\" \/><\/a>Un grande abraccio da<\/p>\n<p style=\"text-align: justify;\">Mark, Mauricio, Aurelio y Jean-Fran\u00e7ois<\/p>\n<p style=\"text-align: justify;\">Bangalore, India, 17 gennaio 2018<\/p>\n<p>&nbsp;<\/p>\n<p>&nbsp;<\/p>\n<p><a href=\"http:\/\/www.iesuscaritas.org\/wp-content\/uploads\/2018\/01\/bangalore-2018-09.jpg\"><img loading=\"lazy\" decoding=\"async\" class=\"aligncenter size-medium wp-image-2951\" src=\"http:\/\/www.iesuscaritas.org\/wp-content\/uploads\/2018\/01\/bangalore-2018-09-300x202.jpg\" alt=\"\" width=\"300\" height=\"202\" srcset=\"https:\/\/www.iesuscaritas.org\/wp-content\/uploads\/2018\/01\/bangalore-2018-09-300x202.jpg 300w, https:\/\/www.iesuscaritas.org\/wp-content\/uploads\/2018\/01\/bangalore-2018-09.jpg 379w\" sizes=\"auto, (max-width: 300px) 100vw, 300px\" \/><\/a>PDF: <a href=\"http:\/\/www.iesuscaritas.org\/wp-content\/uploads\/2018\/01\/Lettera-da-Bangalore-eq-inter-17-gennaio-2018-it.pdf\">Lettera da Bangalore, eq inter, 17 gennaio 2018, it<\/a><\/p>\n<p style=\"text-align: justify;\">(Grazie, caro Mario, per la traduzione italiana)<\/p>\n<p><\/p>","protected":false},"excerpt":{"rendered":"<p>Carissimi fratelli, da Bangalore, India, vi mandiamo il nostro saluto fraterno e desideriamo condividere con voi il lavoro realizzato. E&#8217; la prima riunione senza F\u00e9lix, la cui memoria celebriamo, ma <a class=\"more-link\" href=\"https:\/\/www.iesuscaritas.org\/it\/internationalteam\/carta-de-bangalore-equipo-inter-17-enero-2018\/\">Continue Reading &rarr;<\/a><\/p>\n","protected":false},"author":1,"featured_media":0,"comment_status":"open","ping_status":"open","sticky":false,"template":"","format":"standard","meta":{"footnotes":""},"categories":[43],"tags":[],"class_list":["post-2941","post","type-post","status-publish","format-standard","hentry","category-internationalteam"],"_links":{"self":[{"href":"https:\/\/www.iesuscaritas.org\/it\/wp-json\/wp\/v2\/posts\/2941","targetHints":{"allow":["GET"]}}],"collection":[{"href":"https:\/\/www.iesuscaritas.org\/it\/wp-json\/wp\/v2\/posts"}],"about":[{"href":"https:\/\/www.iesuscaritas.org\/it\/wp-json\/wp\/v2\/types\/post"}],"author":[{"embeddable":true,"href":"https:\/\/www.iesuscaritas.org\/it\/wp-json\/wp\/v2\/users\/1"}],"replies":[{"embeddable":true,"href":"https:\/\/www.iesuscaritas.org\/it\/wp-json\/wp\/v2\/comments?post=2941"}],"version-history":[{"count":16,"href":"https:\/\/www.iesuscaritas.org\/it\/wp-json\/wp\/v2\/posts\/2941\/revisions"}],"predecessor-version":[{"id":2976,"href":"https:\/\/www.iesuscaritas.org\/it\/wp-json\/wp\/v2\/posts\/2941\/revisions\/2976"}],"wp:attachment":[{"href":"https:\/\/www.iesuscaritas.org\/it\/wp-json\/wp\/v2\/media?parent=2941"}],"wp:term":[{"taxonomy":"category","embeddable":true,"href":"https:\/\/www.iesuscaritas.org\/it\/wp-json\/wp\/v2\/categories?post=2941"},{"taxonomy":"post_tag","embeddable":true,"href":"https:\/\/www.iesuscaritas.org\/it\/wp-json\/wp\/v2\/tags?post=2941"}],"curies":[{"name":"wp","href":"https:\/\/api.w.org\/{rel}","templated":true}]}}