{"id":232,"date":"2014-02-25T19:17:32","date_gmt":"2014-02-25T18:17:32","guid":{"rendered":"http:\/\/www.iesuscaritas.org\/?p=232"},"modified":"2014-03-23T21:17:01","modified_gmt":"2014-03-23T20:17:01","slug":"carta-adviento-2013-hermano-responsable","status":"publish","type":"post","link":"https:\/\/www.iesuscaritas.org\/it\/letters\/aurelio-letters\/carta-adviento-2013-hermano-responsable\/","title":{"rendered":"Lettera D&#8217;Avvento 2013 Fratello Responsabile"},"content":{"rendered":"<p>LETTERA D\u2019AVVENTO 2013 FRATELLO RESPONSABILE FRATERNITA\u2019 SACERDOTALE JESUS CARITAS<br \/>\nCarissimi fratelli,<br \/>\nquando vi arriver\u00e0 questa lettera staremo celebrando<br \/>\nl\u2019anniversario della Pasqua di fratel Carlo, l\u2019inizio anche dell\u2019Avvento, o gi\u00e0 celebrato. L\u2019attualit\u00e0 del suo messaggio per la nostra Chiesa oggi \u00e8 indiscutibile. Non \u00e8 solamente un messaggio spirituale, un modo di vivere la fede: \u00e8 un modo di vivere. Vivere Nazaret insieme a<br \/>\ncredenti e a non credenti, nella propria cultura o<br \/>\npartecipando di un\u2019altra totalmente diversa: siamo presenza<br \/>\ndi Ges\u00f9 vivo non tanto per i segni religiosi, ma per la<br \/>\nvicinanza alle persone, senza essere speciali. In sintonia<br \/>\ncon il carisma di fratel Carlo, il papa Francesco ci invita ad<br \/>\nandare verso le periferie, l\u00e0 dove non si sente parlare di<br \/>\nDio, l\u00e0 dov\u2019\u00e8 la gente pi\u00f9 abbandonata che nemmeno<br \/>\nmanifesta il desiderio di conoscerLo, oppure vive la fede in<br \/>\nuna religione diversa dalla nostra, o l\u00e0 dove il dio denaro<br \/>\nimpone le sue norme e la sua \u201cliturgia\u201d. Ognuno di noi<br \/>\nconosce quali sono queste periferie. Il linguaggio e la testimonianza del papa in verit\u00e0 arrivano ai poveri e sappiamo anche che \u00e8 scomoda a molti uomini di chiesa e ai potenti. Altri pensano che \u00e8 un demagogo e un populista&#8230;. Le riforme non piacciono sempre a tutti, perch\u00e9 ci scomodano o ci destabilizzano. E\u2019 una forte richiamo anche per noi se vogliamo riformarci, riciclarci, convertirci, e trovare quali resistenze troviamo in noi stessi. Tornare a Nazaret, farci pellegrini, pur vivendo sempre nella stessa casa&#8230;<br \/>\nSiamo preoccupati per la situazione difficile in cui vivono tanti fratelli per motivi diversi: Filippine, Centroafrica, Honduras&#8230; Preghiamo per loro e per la loro gente.<br \/>\nNel mese di giugno ho partecipato al ritiro della fraternit\u00e0 argentina e in ottobre di quella cilena.<br \/>\nQuesti nostri fratelli sono audaci e lottatori. Si sono resi disponibili con tanta speranza e gioia a collaborare nella preparazione della prossima Assemblea Panamericana,&#8230; forse nel 2015. A gennaio 2014 parteciper\u00f2 al ritiro annuale della<br \/>\nfraternit\u00e0 del Messico: sar\u00e0 un altro momento interessante per rafforzare i nostri legami fraterni. La fraternit\u00e0 italiana mi ha accolto come viandante nell\u2019Assemblea di Loreto (Ancona) nel mese di novembre, ed ho potuto condividere la loro realt\u00e0, i loro sogni e le loro ansie: l\u2019esperienza di alcuni fratelli maggiori che hanno vissuto l\u2019inizio della fraternit\u00e0 sono stati per me una lezione di umilt\u00e0 e di saggezza.<br \/>\n\ufffc\ufffc\ufffc\ufffc\ufffc\ufffc\ufffc<br \/>\n\ufffc\ufffcIn questo Avvento, che \u00e8 il tempo pi\u00f9 idoneo per riservarsi una o pi\u00f9 giornate di deserto, nell\u2019atteggiamento dell\u2019ascolto, offriamo un tempo al Signore nella solitudine, in attesa di Lui e non delle nostre strutture interiori. Giovanni ZANINELLI, della fraternit\u00e0 italiana, mi ha confidato questa sua riflessione dopo il giorno di deserto a Loreto durante l\u2019assemblea:\u201d il silenzio \u00e8 il luogo di Dio, ma non riuscivo ad ascoltare la sua<br \/>\nvoce. Mi pareva di sentire nel mio spirito una<br \/>\nsensazione di vuoto, ma nello stesso tempo tanta<br \/>\ncalma e serenit\u00e0: un segno della vicinanza di Dio e<br \/>\ndella sua presenza. Probabilmente Dio parla cos\u00ec.<br \/>\nQuando Dio non ci parla \u00e8 perch\u00e9 non gli diamo<br \/>\nl\u2019opportunit\u00e0 di parlare. Riempiamo tutto il tempo con<br \/>\nle nostre richieste e preoccupazioni. Parliamo e non<br \/>\nlasciamo parlare. Allora ti rendi conto della piccola richiesta di Samuele:\u201d Parla, Signore, che il tuo servo ti ascolta\u201d. Dio non parla perch\u00e9 non sappiamo attendere e confidare nella sua parola\u201d<br \/>\nIl deserto \u00e8 essenziale per la nostra vita interiore e per la vita della fraternit\u00e0. Il deserto e l\u2019adorazione ci fanno crescere nell\u2019amicizia con Ges\u00f9 e nell\u2019amicizia tra di noi. Una fraternit\u00e0 di amici-fratelli \u00e8 il piccolo cenacolo dove non solo ci riuniamo per pregare, ma anche per leggere le nostre vite, e permettere agli altri di leggere nel nostro cuore, come un tempo contemplativo.<br \/>\nNell\u2019ultimo fine settimana di novembre abbiamo realizzato l\u2019incontro della Famiglia di fratel Carlo de FOUCAULD di Andalucia e Murcia, in Spagna, e ci ha accompagnato Marc HAYET, priore dei Fratelli di Ges\u00f9, sul tema\u201d Farsi piccolo per farsi fratello\u201d. L\u2019esperienza delle fraternit\u00e0, delle persone, il condividere la preghiera, la festa e la parola, e l\u2019ascolto di Marc, ci hanno aiutato ad approfondire nella spiritualit\u00e0 il messaggio, le opzioni<br \/>\ne la visione di futuro di fratel Carlo.<br \/>\nSiamo rimasti colpiti particolarmente dalla testimonianza di un compagno di lavoro mussulmano:\u201d Se voglio perdonare, debbo cambiare tutte le mie leggi interiori\u201d. Cos\u00ec \u00e8&#8230;<br \/>\nSanto e vissuto Avvento per tutti. Gioioso e fraterno Natale per tutti. Che la nostra vita comunichi gioia agli altri. Questo \u00e8 il mio augurio di cuore<br \/>\ne un forte abbraccio a ciascuno di voi.<br \/>\nAurelio SANZ BAEZA, fratello responsabile.<br \/>\nPer\u00edn, Cartagena, Murcia, Spagna, 26 novembre 2013.<br \/>\n(Traduzione di Mario MORICONI; grazie, Mario)<\/p>","protected":false},"excerpt":{"rendered":"<p>LETTERA D\u2019AVVENTO 2013 FRATELLO RESPONSABILE FRATERNITA\u2019 SACERDOTALE JESUS CARITAS Carissimi fratelli, quando vi arriver\u00e0 questa lettera staremo celebrando l\u2019anniversario della Pasqua di fratel Carlo, l\u2019inizio anche dell\u2019Avvento, o gi\u00e0 celebrato. <a class=\"more-link\" href=\"https:\/\/www.iesuscaritas.org\/it\/letters\/aurelio-letters\/carta-adviento-2013-hermano-responsable\/\">Continue Reading &rarr;<\/a><\/p>\n","protected":false},"author":2,"featured_media":0,"comment_status":"open","ping_status":"open","sticky":false,"template":"","format":"standard","meta":{"footnotes":""},"categories":[5],"tags":[],"class_list":["post-232","post","type-post","status-publish","format-standard","hentry","category-aurelio-letters"],"_links":{"self":[{"href":"https:\/\/www.iesuscaritas.org\/it\/wp-json\/wp\/v2\/posts\/232","targetHints":{"allow":["GET"]}}],"collection":[{"href":"https:\/\/www.iesuscaritas.org\/it\/wp-json\/wp\/v2\/posts"}],"about":[{"href":"https:\/\/www.iesuscaritas.org\/it\/wp-json\/wp\/v2\/types\/post"}],"author":[{"embeddable":true,"href":"https:\/\/www.iesuscaritas.org\/it\/wp-json\/wp\/v2\/users\/2"}],"replies":[{"embeddable":true,"href":"https:\/\/www.iesuscaritas.org\/it\/wp-json\/wp\/v2\/comments?post=232"}],"version-history":[{"count":1,"href":"https:\/\/www.iesuscaritas.org\/it\/wp-json\/wp\/v2\/posts\/232\/revisions"}],"predecessor-version":[{"id":233,"href":"https:\/\/www.iesuscaritas.org\/it\/wp-json\/wp\/v2\/posts\/232\/revisions\/233"}],"wp:attachment":[{"href":"https:\/\/www.iesuscaritas.org\/it\/wp-json\/wp\/v2\/media?parent=232"}],"wp:term":[{"taxonomy":"category","embeddable":true,"href":"https:\/\/www.iesuscaritas.org\/it\/wp-json\/wp\/v2\/categories?post=232"},{"taxonomy":"post_tag","embeddable":true,"href":"https:\/\/www.iesuscaritas.org\/it\/wp-json\/wp\/v2\/tags?post=232"}],"curies":[{"name":"wp","href":"https:\/\/api.w.org\/{rel}","templated":true}]}}