{"id":230,"date":"2014-02-25T19:10:55","date_gmt":"2014-02-25T18:10:55","guid":{"rendered":"http:\/\/www.iesuscaritas.org\/?p=230"},"modified":"2014-03-23T21:17:01","modified_gmt":"2014-03-23T20:17:01","slug":"carta-fraternidad-mexico-enero-2014","status":"publish","type":"post","link":"https:\/\/www.iesuscaritas.org\/it\/letters\/aurelio-letters\/carta-fraternidad-mexico-enero-2014\/","title":{"rendered":"lettera fraternit\u00e0 Messico gennaio 2014"},"content":{"rendered":"<p>FRATERNIDAD SACERDOTAL IESUS CARITAS M\u00c9XICO<br \/>\nQueridos hermanos,<br \/>\nun mill\u00f3n de gracias por haberme acogido en estos d\u00edas pasados, donde hemos compartido en Cuernavaca un tiempo y un espacio de verdadera fraternidad. Gracias porque van creciendo por dentro, por las tareas de pacificaci\u00f3n en los lugares pastorales, por el estilo de vivir en equipo all\u00ed donde est\u00e1n, por todo lo que me han ense\u00f1ado para ser yo mejor persona. Me han proporcionado mucha alegr\u00eda y ganas de servir a la fraternidad en todo el mundo como un hermano a la escucha que aprende de sus hermanos. Siempre aprendemos de los dem\u00e1s, los hombres y mujeres, los j\u00f3venes y los ni\u00f1os de nuestras comunidades y grupos, pero en el terreno de la fraternidad, en el d\u00eda a<br \/>\nd\u00eda de cada uno, descubro llamadas del Se\u00f1or y \u00e1nimos nuevos.<br \/>\nRecuerdo y llevo un eco importante en el coraz\u00f3n de todo lo vivido en profundidad. Cada vida es un<br \/>\nmensaje de Buena Noticia. Cada persona, un reflejo del amor de Dios manifestado en Jes\u00fas. Sin desmerecer a todos los hermanos, para m\u00ed ha sido un regalo inconmensurable del Se\u00f1or conocer en M\u00e9xico DF a Margarita ROJAS y a su nieto Oth\u00f3n, de quienes ten\u00eda hace tres a\u00f1os el deseo de conocerlos y abrazarlos. En esta gente sencilla se muestra el verdadero rostro de Dios, la llama en el Sina\u00ed, el susurro del paso del Se\u00f1or. Gracias a Nacho, a las hermanitas de Jes\u00fas, la hallamos<br \/>\ny gozamos de un encuentro impresionante.<br \/>\nQuiero animarles a ir pensando en el Mes de Nazaret. Cu\u00e1ndo, d\u00f3nde, c\u00f3mo, ustedes mismos deben hacerlo, son aut\u00f3nomos como fraternidad mexicana, y siempre los dem\u00e1s estaremos dispuestos a ayudar en lo que sea preciso. Asimismo, la I Asamblea Panamericana ser\u00e1 un momento importante para las fraternidades de Am\u00e9rica. Espero que durante el mes de marzo haya propuestas concretas y un m\u00ednimo de organizaci\u00f3n. No s\u00f3lo se trata del lugar, sino tambi\u00e9n de los temas a tratar, ya que las asambleas continentales tienen el esquema de encuentro de fraternidad: oraci\u00f3n, adoraci\u00f3n, d\u00eda de desierto, revisi\u00f3n de vida, trabajo en grupos y en asamblea y, esto es muy importante, fin de semana en parroquias de los hermanos, compartiendo con la gente y las<br \/>\ncomunidades.<br \/>\n\ufffc\ufffc<br \/>\nQued\u00e9 muy impresionado por el ambiente de silencio en la jornada dedicada al desierto, antes de salir a Zempoala y durante la estancia all\u00ed. Los testimonios posteriores fueron realmente pura vida y expresi\u00f3n de lo que pasa en el coraz\u00f3n cuando \u00e9ste se abre al Se\u00f1or y deja que \u00e9l lo llene. Dejarnos llenar del pensamiento de Dios&#8230; ser el receptor de su voz a trav\u00e9s de lo inesperado&#8230; no perder nunca nuestra capacidad de<br \/>\nsorpresa&#8230;<br \/>\nEcho de menos los campanazos de Polo y el gallo de la alarma en el celular de \u00c1lex&#8230; Las tortillas de Oaxaca, la nieve en Cuernavaca, la piedra volc\u00e1nica donde se lee el mundo, donde palpita la historia de un planeta de tres mil quinientos a\u00f1os de antig\u00fcedad. Echo de menos a cada uno y lo intento<br \/>\nsituar junto a Jes\u00fas, con su trabajo y su lucha, con sus esperanzas y decepciones; desde el propio ser humano que somos cada uno, sin que a\u00fan nos hayan crecido alas de angelito, como en las pinturas de la catedral de Cuernavaca. Somos cuerpo y no s\u00f3lo una cara.<br \/>\nGracias, hermanos, y gracias especialmente a Nacho, que se desvive por todos, que nos trata mejor que a un hijo, que vive la fraternidad desde su esfuerzo y constancia.<br \/>\nEn la celebraci\u00f3n y en la adoraci\u00f3n les tengo presentes y saboreo la huella que han dejado en mi vida en construcci\u00f3n. De verdad que son un regalo del Se\u00f1or y me han aportado mucho.<br \/>\nEl equipo internacional y yo contamos con ustedes.<br \/>\nUn gran abrazo a la mexicana (mano-abrazo-mano) y miles m\u00e1s a la espa\u00f1ola de todo coraz\u00f3n.<br \/>\nAurelio SANZ BAEZA, hermano responsable<br \/>\nPer\u00edn, Cartagena, Murcia, Espa\u00f1a, 26 de enero de 2014<\/p>","protected":false},"excerpt":{"rendered":"<p>FRATERNIDAD SACERDOTAL IESUS CARITAS M\u00c9XICO Queridos hermanos, un mill\u00f3n de gracias por haberme acogido en estos d\u00edas pasados, donde hemos compartido en Cuernavaca un tiempo y un espacio de verdadera <a class=\"more-link\" href=\"https:\/\/www.iesuscaritas.org\/it\/letters\/aurelio-letters\/carta-fraternidad-mexico-enero-2014\/\">Continue Reading &rarr;<\/a><\/p>\n","protected":false},"author":2,"featured_media":0,"comment_status":"open","ping_status":"open","sticky":false,"template":"","format":"standard","meta":{"footnotes":""},"categories":[5],"tags":[],"class_list":["post-230","post","type-post","status-publish","format-standard","hentry","category-aurelio-letters"],"_links":{"self":[{"href":"https:\/\/www.iesuscaritas.org\/it\/wp-json\/wp\/v2\/posts\/230","targetHints":{"allow":["GET"]}}],"collection":[{"href":"https:\/\/www.iesuscaritas.org\/it\/wp-json\/wp\/v2\/posts"}],"about":[{"href":"https:\/\/www.iesuscaritas.org\/it\/wp-json\/wp\/v2\/types\/post"}],"author":[{"embeddable":true,"href":"https:\/\/www.iesuscaritas.org\/it\/wp-json\/wp\/v2\/users\/2"}],"replies":[{"embeddable":true,"href":"https:\/\/www.iesuscaritas.org\/it\/wp-json\/wp\/v2\/comments?post=230"}],"version-history":[{"count":1,"href":"https:\/\/www.iesuscaritas.org\/it\/wp-json\/wp\/v2\/posts\/230\/revisions"}],"predecessor-version":[{"id":231,"href":"https:\/\/www.iesuscaritas.org\/it\/wp-json\/wp\/v2\/posts\/230\/revisions\/231"}],"wp:attachment":[{"href":"https:\/\/www.iesuscaritas.org\/it\/wp-json\/wp\/v2\/media?parent=230"}],"wp:term":[{"taxonomy":"category","embeddable":true,"href":"https:\/\/www.iesuscaritas.org\/it\/wp-json\/wp\/v2\/categories?post=230"},{"taxonomy":"post_tag","embeddable":true,"href":"https:\/\/www.iesuscaritas.org\/it\/wp-json\/wp\/v2\/tags?post=230"}],"curies":[{"name":"wp","href":"https:\/\/api.w.org\/{rel}","templated":true}]}}