{"id":226,"date":"2014-02-25T18:57:28","date_gmt":"2014-02-25T17:57:28","guid":{"rendered":"http:\/\/www.iesuscaritas.org\/?p=226"},"modified":"2014-03-23T21:17:01","modified_gmt":"2014-03-23T20:17:01","slug":"carta-del-hermano-responsable","status":"publish","type":"post","link":"https:\/\/www.iesuscaritas.org\/it\/letters\/aurelio-letters\/carta-del-hermano-responsable\/","title":{"rendered":"lettera del fratello responsabile"},"content":{"rendered":"<p>CARTA DEL HERMANO RESPONSABLE, NOVIEMBRE 2012<br \/>\nQuerida fraternidad,<br \/>\nlos hermanos en la Asamblea de Par\u00eds me han elegido hermano<br \/>\nresponsable por seis a\u00f1os, y quiero ponerme a vuestro servicio con amor fraternal y buena voluntad por hacer el bien a todos, ayudado por el Equipo Internacional formado por Emmanuel ASI, de Pakist\u00e1n, Jean Fran\u00e7ois BERJONNEAU, de Francia \u2013que ser\u00e1 el \u201cAsistente General\u201d-, Mark MERTES, de Estados Unidos \u2013responsable de la econom\u00eda-, F\u00e9lix RAJAONARIVELO, de Madagascar, y Mauricio da SILVA, de Brasil, escogidos de los cuatro continentes donde la fraternidad est\u00e1 presente, y a quienes agradezco de coraz\u00f3n haber aceptado navegar en este barco y dar a la fraternidad lo mejor de nosotros.<br \/>\nGracias, tambi\u00e9n, a nuestro equipo anterior: Abraham, -responsable internacional-, Eddy, Jos\u00e9 y Richart. Gracias por vuestro trabajo y dedicaci\u00f3n.<br \/>\nMe presento: nacido en Murcia (Espa\u00f1a), sacerdote de la di\u00f3cesis de Cartagena \u2013 Murcia, y trabajo en una parroquia rural cerca de Cartagena, que se llama Per\u00edn. Hace pocos d\u00edas he cumplido 57 a\u00f1os y llevo 28 a\u00f1os de ministerio. En la fraternidad, 30 a\u00f1os. Mi fe, mi vida y mi vocaci\u00f3n, as\u00ed como mis prioridades sociales, han crecido en el seno de la fraternidad, animado por mis hermanos, corregido, acompa\u00f1ado y querido por ellos. La fraternidad es el lugar donde crece lo que mis padres sembraron en m\u00ed. El carisma del hermano Carlos me marc\u00f3 desde el principio de mi juventud y desde Nazaret he so\u00f1ado, re\u00eddo, llorado y gozado. Nazaret me ha dado el tiempo y el reloj, la mochila y las sandalias, el pan y la mesa, y desde Nazaret voy aprendiendo a escuchar, a estar junto a la gente. Trabajo en dos proyectos humanitarios en Cartagena, en ese mundo de la drogodependencia y el sida, y en Bam (Burkina Faso), lugares y personas que son mi vida, donde pongo mi coraz\u00f3n.<br \/>\nMi deseo al empezar esta nueva tarea es, junto al Equipo Internacional, estar cerca de las fraternidades y crear una comunicaci\u00f3n frecuente y fluida entre todos, no para dar lecciones, sino para acompa\u00f1ar y escuchar. Las asambleas continentales son una realidad en Asia y Europa, y vamos a trabajar<br \/>\n\ufffc\ufffc\ufffc\ufffc\ufffc\ufffc\ufffc\ufffc\ufffc\ufffc<br \/>\n\ufffcpara hacerlas posible en Am\u00e9rica y en \u00c1frica. Son desaf\u00edos que durante la Asamblea de Par\u00eds han ido apareciendo y que nos motivan para esforzarnos a animar a las fraternidades africanas y americanas a vivir el Evangelio y ser Iglesia desde sus realidades, a crecer como fraternidades j\u00f3venes. Queremos que sepan que no est\u00e1n solos.<br \/>\nLas intuiciones del hermano Carlos han generado un estilo de familia que da cabida a quien busca a Jes\u00fas no s\u00f3lo en los signos sacramentales, sino tambi\u00e9n en los seres humanos, especialmente los favoritos de Jes\u00fas. Tenemos que ser la custodia visible de Jes\u00fas en nuestras sociedades, que reconozcan a Jes\u00fas no por lo que decimos de \u00e9l, sino por c\u00f3mo lo vivimos, expresi\u00f3n del hermano Carlos, desde la adoraci\u00f3n de su Bienamado. Esta familia son nuestras fraternidades, tanto la nuestra como todas las ramas nacidas entorno al carisma. Cada vez m\u00e1s somos invitados a estar en esa gran familia, donde encontramos a hermanos y hermanas que oran, adoran, contemplan, revisan su vida, trabajan juntos, viven el desierto, acogen la Palabra, y luchan por los derechos de los \u00faltimos, en formas a veces muy comprometidas, jug\u00e1ndose la vida. Nazaret es tambi\u00e9n estar con aquellos que pierden sus derechos por mil motivos, en tantas partes del mundo, y nosotros no debemos olvidar por qui\u00e9nes luch\u00f3 Jes\u00fas y \u201cprogram\u00f3\u201d su Reino. Recordemos en el Eclesi\u00e1stico: \u201cEl pan del pobre es su vida. El que le quita el pan es un asesino\u201d (Eclo 34,21)<br \/>\nTenemos los medios que nos ofrece nuestro Directorio para vivir la fraternidad: la adoraci\u00f3n, el d\u00eda de desierto mensual, el encuentro de fraternidad, la revisi\u00f3n de vida, la contemplaci\u00f3n de la Palabra, la contemplaci\u00f3n en lo cotidiano y habitual, el Mes de Nazaret, cultivar la amistad y ser pobres con los pobres. Crezcamos como hombres creyentes en este Dios cercano que nos anuncia el Adviento ya en la puerta.<br \/>\nQue el hermano Carlos, en su aniversario el pr\u00f3ximo 1 de diciembre nos bendiga.<br \/>\n\ufffc\ufffcUn fraternal abrazo.<br \/>\nPer\u00edn, 27 de noviembre de 2012<br \/>\nAurelio SANZ BAEZA<\/p>","protected":false},"excerpt":{"rendered":"<p>CARTA DEL HERMANO RESPONSABLE, NOVIEMBRE 2012 Querida fraternidad, los hermanos en la Asamblea de Par\u00eds me han elegido hermano responsable por seis a\u00f1os, y quiero ponerme a vuestro servicio con <a class=\"more-link\" href=\"https:\/\/www.iesuscaritas.org\/it\/letters\/aurelio-letters\/carta-del-hermano-responsable\/\">Continue Reading &rarr;<\/a><\/p>\n","protected":false},"author":2,"featured_media":0,"comment_status":"open","ping_status":"open","sticky":false,"template":"","format":"standard","meta":{"footnotes":""},"categories":[5],"tags":[],"class_list":["post-226","post","type-post","status-publish","format-standard","hentry","category-aurelio-letters"],"_links":{"self":[{"href":"https:\/\/www.iesuscaritas.org\/it\/wp-json\/wp\/v2\/posts\/226","targetHints":{"allow":["GET"]}}],"collection":[{"href":"https:\/\/www.iesuscaritas.org\/it\/wp-json\/wp\/v2\/posts"}],"about":[{"href":"https:\/\/www.iesuscaritas.org\/it\/wp-json\/wp\/v2\/types\/post"}],"author":[{"embeddable":true,"href":"https:\/\/www.iesuscaritas.org\/it\/wp-json\/wp\/v2\/users\/2"}],"replies":[{"embeddable":true,"href":"https:\/\/www.iesuscaritas.org\/it\/wp-json\/wp\/v2\/comments?post=226"}],"version-history":[{"count":3,"href":"https:\/\/www.iesuscaritas.org\/it\/wp-json\/wp\/v2\/posts\/226\/revisions"}],"predecessor-version":[{"id":229,"href":"https:\/\/www.iesuscaritas.org\/it\/wp-json\/wp\/v2\/posts\/226\/revisions\/229"}],"wp:attachment":[{"href":"https:\/\/www.iesuscaritas.org\/it\/wp-json\/wp\/v2\/media?parent=226"}],"wp:term":[{"taxonomy":"category","embeddable":true,"href":"https:\/\/www.iesuscaritas.org\/it\/wp-json\/wp\/v2\/categories?post=226"},{"taxonomy":"post_tag","embeddable":true,"href":"https:\/\/www.iesuscaritas.org\/it\/wp-json\/wp\/v2\/tags?post=226"}],"curies":[{"name":"wp","href":"https:\/\/api.w.org\/{rel}","templated":true}]}}