{"id":1985,"date":"2016-10-08T12:54:13","date_gmt":"2016-10-08T10:54:13","guid":{"rendered":"http:\/\/www.iesuscaritas.org\/?p=1985"},"modified":"2017-03-01T17:53:36","modified_gmt":"2017-03-01T16:53:36","slug":"equipo-internacional-kansas-2016","status":"publish","type":"post","link":"https:\/\/www.iesuscaritas.org\/it\/internationalteam\/equipo-internacional-kansas-2016\/","title":{"rendered":"TEAM INTERNAZIONALE, KANSAS 2016"},"content":{"rendered":"<p><\/p>\n<p style=\"text-align: justify;\"><a href=\"http:\/\/www.iesuscaritas.org\/wp-content\/uploads\/2016\/10\/kansas_2016_01.png\"><img loading=\"lazy\" decoding=\"async\" class=\"alignleft size-full wp-image-1988\" src=\"http:\/\/www.iesuscaritas.org\/wp-content\/uploads\/2016\/10\/kansas_2016_01.png\" alt=\"kansas_2016_01\" width=\"102\" height=\"130\" \/><\/a>Tra 17 e 27 ottobre l&#8217;internazionale team della fraternit\u00e0 sacerdotale Iesus Caritas si riunisce a Kansas City, Stati Uniti, ospitato da Mark.<\/p>\n<p style=\"text-align: justify;\">Ci accingiamo a lavorare i temi della fraternit\u00e0 portiamo all&#8217;ordine del giorno e hanno tutti i fratelli e fraternit\u00e0 al nostro desk, le nostre preghiere e il nostro cuore.<\/p>\n<p style=\"text-align: justify;\">Pregate anche per noi e per i fratelli malati o con difficolt\u00e0; dai fratelli da tutti i continenti; nuove fraternit\u00e0 e i progetti che abbiamo di fronte. Grazie a tutti e ciascuno di voi. Ges\u00f9 ci benedica tutti e fratel Carlo illuminano la strada.<\/p>\n<p style=\"text-align: justify;\"><a href=\"http:\/\/www.iesuscaritas.org\/wp-content\/uploads\/2016\/10\/kansas_2016_02.jpg\"><img loading=\"lazy\" decoding=\"async\" class=\"aligncenter size-large wp-image-1993\" src=\"http:\/\/www.iesuscaritas.org\/wp-content\/uploads\/2016\/10\/kansas_2016_02-1024x576.jpg\" alt=\"kansas_2016_02\" width=\"678\" height=\"381\" srcset=\"https:\/\/www.iesuscaritas.org\/wp-content\/uploads\/2016\/10\/kansas_2016_02-1024x576.jpg 1024w, https:\/\/www.iesuscaritas.org\/wp-content\/uploads\/2016\/10\/kansas_2016_02-300x169.jpg 300w, https:\/\/www.iesuscaritas.org\/wp-content\/uploads\/2016\/10\/kansas_2016_02-768x432.jpg 768w\" sizes=\"auto, (max-width: 678px) 100vw, 678px\" \/><\/a>PDF: <a href=\"http:\/\/www.iesuscaritas.org\/wp-content\/uploads\/2016\/10\/TEAM-INTERNAZIONALE-KANSAS-2016-it.pdf\">team-internazionale-kansas-2016-it<\/a><\/p>\n<p><\/p>","protected":false},"excerpt":{"rendered":"<p>Tra 17 e 27 ottobre l&#8217;internazionale team della fraternit\u00e0 sacerdotale Iesus Caritas si riunisce a Kansas City, Stati Uniti, ospitato da Mark. Ci accingiamo a lavorare i temi della fraternit\u00e0 <a class=\"more-link\" href=\"https:\/\/www.iesuscaritas.org\/it\/internationalteam\/equipo-internacional-kansas-2016\/\">Continue Reading &rarr;<\/a><\/p>\n","protected":false},"author":1,"featured_media":0,"comment_status":"open","ping_status":"open","sticky":false,"template":"","format":"standard","meta":{"footnotes":""},"categories":[43],"tags":[],"class_list":["post-1985","post","type-post","status-publish","format-standard","hentry","category-internationalteam"],"_links":{"self":[{"href":"https:\/\/www.iesuscaritas.org\/it\/wp-json\/wp\/v2\/posts\/1985","targetHints":{"allow":["GET"]}}],"collection":[{"href":"https:\/\/www.iesuscaritas.org\/it\/wp-json\/wp\/v2\/posts"}],"about":[{"href":"https:\/\/www.iesuscaritas.org\/it\/wp-json\/wp\/v2\/types\/post"}],"author":[{"embeddable":true,"href":"https:\/\/www.iesuscaritas.org\/it\/wp-json\/wp\/v2\/users\/1"}],"replies":[{"embeddable":true,"href":"https:\/\/www.iesuscaritas.org\/it\/wp-json\/wp\/v2\/comments?post=1985"}],"version-history":[{"count":5,"href":"https:\/\/www.iesuscaritas.org\/it\/wp-json\/wp\/v2\/posts\/1985\/revisions"}],"predecessor-version":[{"id":1998,"href":"https:\/\/www.iesuscaritas.org\/it\/wp-json\/wp\/v2\/posts\/1985\/revisions\/1998"}],"wp:attachment":[{"href":"https:\/\/www.iesuscaritas.org\/it\/wp-json\/wp\/v2\/media?parent=1985"}],"wp:term":[{"taxonomy":"category","embeddable":true,"href":"https:\/\/www.iesuscaritas.org\/it\/wp-json\/wp\/v2\/categories?post=1985"},{"taxonomy":"post_tag","embeddable":true,"href":"https:\/\/www.iesuscaritas.org\/it\/wp-json\/wp\/v2\/tags?post=1985"}],"curies":[{"name":"wp","href":"https:\/\/api.w.org\/{rel}","templated":true}]}}