{"id":1116,"date":"2015-06-22T20:47:43","date_gmt":"2015-06-22T19:47:43","guid":{"rendered":"http:\/\/www.iesuscaritas.org\/?p=1116"},"modified":"2016-08-22T18:34:19","modified_gmt":"2016-08-22T16:34:19","slug":"san-carlos-de-foucauld-yo-tuve-un-sueno","status":"publish","type":"post","link":"https:\/\/www.iesuscaritas.org\/it\/documentos\/san-carlos-de-foucauld-yo-tuve-un-sueno\/","title":{"rendered":"SAN CARLO DE FOUCAULD: HO FATTO UN SOGNO"},"content":{"rendered":"<p><\/p>\n<p style=\"text-align: justify;\">E\u2019 stato avvenimento molto semplice: i piccoli e gli umili hanno condiviso con papa <a href=\"http:\/\/www.iesuscaritas.org\/wp-content\/uploads\/2015\/06\/foucauld-dream-1.jpg\"><img loading=\"lazy\" decoding=\"async\" class=\"alignleft size-medium wp-image-1123\" src=\"http:\/\/www.iesuscaritas.org\/wp-content\/uploads\/2015\/06\/foucauld-dream-1-300x225.jpg\" alt=\"foucauld-dream-1\" width=\"300\" height=\"225\" srcset=\"https:\/\/www.iesuscaritas.org\/wp-content\/uploads\/2015\/06\/foucauld-dream-1-300x225.jpg 300w, https:\/\/www.iesuscaritas.org\/wp-content\/uploads\/2015\/06\/foucauld-dream-1.jpg 448w\" sizes=\"auto, (max-width: 300px) 100vw, 300px\" \/><\/a>Francesco la celebrazione della canonizzazione del fratello universale. Fratel Carlo \u00e8 morto per una \u201c sovrappi\u00f9 di umanit\u00e0\u201d. Questo e non altro il motivo che ha prevalso nel proclamare santo un uomo santo, anche se lui non avrebbe mai immaginato vedere la sua foto nella \u201cGloria del Bernini\u201d, realizzata con tanto amore dai tuaregs, soprattutto la grande haima che hanno montata nei pressi di Tamanrasset e composta da pezzi di tela azzurra e piccole rocce del luogo: pezzi di vita di uomini e donne di questa terra, opera di Dio; pietre che non sono armi scagliate, ma patrimonio di un mondo meraviglioso che ci sostiene e sorregge, come diceva Francesco di Assisi nel Cantico della creature.<\/p>\n<p style=\"text-align: justify;\"><a href=\"http:\/\/www.iesuscaritas.org\/wp-content\/uploads\/2015\/06\/foucauld-dream-2.jpg\"><img loading=\"lazy\" decoding=\"async\" class=\"alignright size-medium wp-image-1124\" src=\"http:\/\/www.iesuscaritas.org\/wp-content\/uploads\/2015\/06\/foucauld-dream-2-300x188.jpg\" alt=\"foucauld-dream-2\" width=\"300\" height=\"188\" srcset=\"https:\/\/www.iesuscaritas.org\/wp-content\/uploads\/2015\/06\/foucauld-dream-2-300x188.jpg 300w, https:\/\/www.iesuscaritas.org\/wp-content\/uploads\/2015\/06\/foucauld-dream-2.jpg 500w\" sizes=\"auto, (max-width: 300px) 100vw, 300px\" \/><\/a>Papa Francesco ha goduto parlando arabo con accento argentino. Il forte vento gli ha fatto volare i fogli, che si sono sparsi per la dune, lui ha continuato parlando in spagnolo e tutti lo hanno capito, tutti i presenti, ciascuno nella sua lingua e cultura, con il proprio colore della pelle e con il cuore aperto alla festa e alla condivisione. Il maestro Ges\u00f9 ci ha dato una lezione di fraternit\u00e0 universale, un maestro pazzo per i suoi discepoli e per tutti <a href=\"http:\/\/www.iesuscaritas.org\/wp-content\/uploads\/2015\/06\/foucauld-dream-3.jpg\"><img loading=\"lazy\" decoding=\"async\" class=\"alignleft  wp-image-1125\" src=\"http:\/\/www.iesuscaritas.org\/wp-content\/uploads\/2015\/06\/foucauld-dream-3-297x300.jpg\" alt=\"foucauld-dream-3\" width=\"192\" height=\"194\" srcset=\"https:\/\/www.iesuscaritas.org\/wp-content\/uploads\/2015\/06\/foucauld-dream-3-297x300.jpg 297w, https:\/\/www.iesuscaritas.org\/wp-content\/uploads\/2015\/06\/foucauld-dream-3.jpg 891w\" sizes=\"auto, (max-width: 192px) 100vw, 192px\" \/><\/a>gli esseri umani; un sognatore libero, che ripete in ogni gesto di amore il suo impegno con noi. Il Papa ci ha distribuito il pane dei pi\u00f9 poveri, quello che Ges\u00f9 ha distribuito ai suoi amici, &#8211; come lo ha fatto nella canonizzazione di monsignor Romero, che sempre \u00e8 stato San Romero d\u2019America-, pane accettato dal povero e dal bisognoso della misericordia di Dio e del prossimo. E\u2019 questo il pane che fratel Carlo che non ha potuto condividere nelle grandi ne nelle piccole celebrazioni, quando ha vissuto la sua tappa africana, ma che lo ha reso presente con la sua vita e la sua condizione di vicino e di uomo di Dio, nel Nazaret stando con la sua gente prendendo il t\u00e8 e i datteri, sentendosi bisognoso degli altri, fragile ed umile.<\/p>\n<p style=\"text-align: justify;\"><a href=\"http:\/\/www.iesuscaritas.org\/wp-content\/uploads\/2015\/06\/foucauld-dream-4.jpg\"><img loading=\"lazy\" decoding=\"async\" class=\"alignright size-medium wp-image-1126\" src=\"http:\/\/www.iesuscaritas.org\/wp-content\/uploads\/2015\/06\/foucauld-dream-4-300x283.jpg\" alt=\"foucauld-dream-4\" width=\"300\" height=\"283\" srcset=\"https:\/\/www.iesuscaritas.org\/wp-content\/uploads\/2015\/06\/foucauld-dream-4-300x283.jpg 300w, https:\/\/www.iesuscaritas.org\/wp-content\/uploads\/2015\/06\/foucauld-dream-4-1024x965.jpg 1024w, https:\/\/www.iesuscaritas.org\/wp-content\/uploads\/2015\/06\/foucauld-dream-4.jpg 1280w\" sizes=\"auto, (max-width: 300px) 100vw, 300px\" \/><\/a>E\u2019 stata una grande gioia partecipare con la gente di tutto il mondo, fra gli ultimi venuti da tutte le parti. Gente credente e non credente, cristiani e non, che al di l\u00e0 di ogni forma religiosa, cercano la pace, l\u2019uguaglinza fra tutti, il bene comune. Non c\u2019erano ornamenti ostentosi, n\u00e8 tuniche dorate, n\u00e8 cardinali, vescovi e preti con vesti vistose: n\u00e8 gente con uniforme n\u00e8 armi, anche se queste sono solo decorative. Ges\u00f9 fattosi uomo per noi e amico di tutti per volont\u00e0 del Padre misericordioso e capace di ospitare nel suo cuore tutti i poveri del mondo, tutti coloro che fuggono dalla guerra, tutti i maltrattati da un sistema dove l\u2019unico Dio \u00e8 il beneficio economico, anche a costo di vite umane; quel Ges\u00f9 permanentemente crocifisso in coloro che non hanno nulla, il risorto in ogni uomo o donna che rinasce.<\/p>\n<p style=\"text-align: justify;\"><a href=\"http:\/\/www.iesuscaritas.org\/wp-content\/uploads\/2015\/06\/foucauld-dream-5.jpg\"><img loading=\"lazy\" decoding=\"async\" class=\"alignleft size-full wp-image-1127\" src=\"http:\/\/www.iesuscaritas.org\/wp-content\/uploads\/2015\/06\/foucauld-dream-5.jpg\" alt=\"foucauld-dream-5\" width=\"270\" height=\"187\" \/><\/a>E l\u00ec erano loro, comprendendo perfettamente la cerimonia senza grandi offerte, senza l\u2019ipocrisia del protocollo diplomatico tante volte camuffato in religioso. Essi, senza diritto di parola, esclusi dai mezzi del benessere, dalla scuola o dall\u2019universit\u00e0, dalla salute e medicine gratuite, dal poter vivere degnamente con un tetto o una casa, dal cibo e dalla propria terra. Essi erano l\u00ec, a migliaia, senza fare rumore n\u00e9 grandi discorsi. Essi che mai avevano sentito parlare di fratel Carlo n\u00e8 di Ges\u00f9 di Nazaret.<\/p>\n<p style=\"text-align: justify;\"><a href=\"http:\/\/www.iesuscaritas.org\/wp-content\/uploads\/2015\/06\/foucauld-dream-6.jpg\"><img loading=\"lazy\" decoding=\"async\" class=\"alignleft size-medium wp-image-1128\" src=\"http:\/\/www.iesuscaritas.org\/wp-content\/uploads\/2015\/06\/foucauld-dream-6-300x207.jpg\" alt=\"\" width=\"300\" height=\"207\" srcset=\"https:\/\/www.iesuscaritas.org\/wp-content\/uploads\/2015\/06\/foucauld-dream-6-300x207.jpg 300w, https:\/\/www.iesuscaritas.org\/wp-content\/uploads\/2015\/06\/foucauld-dream-6-1024x707.jpg 1024w, https:\/\/www.iesuscaritas.org\/wp-content\/uploads\/2015\/06\/foucauld-dream-6.jpg 1303w\" sizes=\"auto, (max-width: 300px) 100vw, 300px\" \/><\/a>C\u2019era Shilma, rifugiata di una etnia cacciata in un paese del Sud Este dell\u2019Asia, Myanmar. Madre di sei figli, senza popolo e senza mezzi. Il volto di milioni di persone toccati da grandi diversit\u00e0 che l\u2019uomo ha voluto separare gli uni dagli altri. Il suo marito, Modid, la accudisce ogni giorno cercando nell\u2019accampamento il sostegno per la sua famiglia; \u00e8 affetto dalla malaria.<\/p>\n<p style=\"text-align: justify;\"><a href=\"http:\/\/www.iesuscaritas.org\/wp-content\/uploads\/2015\/06\/foucauld-dream-7.jpg\"><img loading=\"lazy\" decoding=\"async\" class=\"alignright size-medium wp-image-1129\" src=\"http:\/\/www.iesuscaritas.org\/wp-content\/uploads\/2015\/06\/foucauld-dream-7-165x300.jpg\" alt=\"foucauld-dream-7\" width=\"165\" height=\"300\" srcset=\"https:\/\/www.iesuscaritas.org\/wp-content\/uploads\/2015\/06\/foucauld-dream-7-165x300.jpg 165w, https:\/\/www.iesuscaritas.org\/wp-content\/uploads\/2015\/06\/foucauld-dream-7-562x1024.jpg 562w, https:\/\/www.iesuscaritas.org\/wp-content\/uploads\/2015\/06\/foucauld-dream-7.jpg 1096w\" sizes=\"auto, (max-width: 165px) 100vw, 165px\" \/><\/a>Golu, dieci anni, raccoglie immondizia in un luogo dell\u2019India, e mantiene la sua famiglia dando da mangiare una volta al giorno il riso per togliere la fame. Ma non riesce a nutrirsi come nei paesi occidentali o come i ricchi del proprio paese. Golu sogna il giorno in cui potr\u00e0 studiare e vivere nel mondo con tutti i suoi diritti.<\/p>\n<p style=\"text-align: justify;\">Margherita, del Messico DF, dedica tutto il tempo al suo nipote con handicap da 25 anni, lottando e lavorando per la sua famiglia; donna di fede, perseverante nella preghiera e confidando in Ges\u00f9, sua vera forza. Alla Madonna di Guadalupe le chiede non solo per il suo nipote o la sua famiglia o i suoi vicini, ma prega per i poveri pi\u00f9 poveri di qualsiasi paese e in qualunque parte si trovino.<\/p>\n<p style=\"text-align: justify;\"><a href=\"http:\/\/www.iesuscaritas.org\/wp-content\/uploads\/2015\/06\/foucauld-dream-8.jpg\"><img loading=\"lazy\" decoding=\"async\" class=\"alignleft size-medium wp-image-1130\" src=\"http:\/\/www.iesuscaritas.org\/wp-content\/uploads\/2015\/06\/foucauld-dream-8-300x200.jpg\" alt=\"foucauld-dream-8\" width=\"300\" height=\"200\" srcset=\"https:\/\/www.iesuscaritas.org\/wp-content\/uploads\/2015\/06\/foucauld-dream-8-300x200.jpg 300w, https:\/\/www.iesuscaritas.org\/wp-content\/uploads\/2015\/06\/foucauld-dream-8.jpg 470w\" sizes=\"auto, (max-width: 300px) 100vw, 300px\" \/><\/a>Aboubakar, un adolescente di Burkina Faso, minuto, denutrito con HIV quale eredit\u00e0 dei suoi genitori, sempre sorridente e impressionato perch\u00e8 non \u00e8 il solo ad avere problemi. I suoi grandi occhi mi fanno pensare agli occhi del Creatore.<\/p>\n<p style=\"text-align: justify;\">Hadmed, settanta anni, con quasi met\u00e0 della sua vita nel campo profughi di Yarmuk, in Siria. La guerra \u00e8 la sua compagna di ogni giorno come la permanente musica del mp3 nelle orecchie di qualsiasi giovane europeo o americano. Hadmed continua a sognare la pace, la pace nelle cose pi\u00f9 semplici e tra le persone figlie dello stesso Dio, che si invoca nella moschea, nelle chiese, nelle padoghe o sinagoghe.<\/p>\n<p style=\"text-align: justify;\"><a href=\"http:\/\/www.iesuscaritas.org\/wp-content\/uploads\/2015\/06\/foucauld-dream-9.jpg\"><img loading=\"lazy\" decoding=\"async\" class=\"alignright size-medium wp-image-1131\" src=\"http:\/\/www.iesuscaritas.org\/wp-content\/uploads\/2015\/06\/foucauld-dream-9-300x168.jpg\" alt=\"foucauld-dream-9\" width=\"300\" height=\"168\" srcset=\"https:\/\/www.iesuscaritas.org\/wp-content\/uploads\/2015\/06\/foucauld-dream-9-300x168.jpg 300w, https:\/\/www.iesuscaritas.org\/wp-content\/uploads\/2015\/06\/foucauld-dream-9.jpg 627w\" sizes=\"auto, (max-width: 300px) 100vw, 300px\" \/><\/a>Terry, passeggia ogni giorno sulla riva del mare a Cairns, nel nord dell\u2019Australia, trascinando la sua unica gamba. Ha perso l\u2019altra per la cattiva circolazione del sangue. L\u2019alcool scorre nelle sue vene insieme ai cattivi ricordi di aver perso tutto: famiglia, lavoro e amici\u2026 Lo accolgono tutte le notti i volontari di una casa famiglia con molta solennit\u00e0. Nonostante ci\u00f2 continua a ridere e a parlare con tutti dei suoi sogni e realt\u00e0. E\u2019 un grande conversatore. Credo che l\u2019unico che non lo ascolta sia Warrior, il suo cane vecchio e sordo. Dice che non \u00e8 religioso, ma chiss\u00e0&#8230;<\/p>\n<p style=\"text-align: justify;\"><a href=\"http:\/\/www.iesuscaritas.org\/wp-content\/uploads\/2015\/06\/foucauld-dream-10.jpg\"><img loading=\"lazy\" decoding=\"async\" class=\"alignleft  wp-image-1132\" src=\"http:\/\/www.iesuscaritas.org\/wp-content\/uploads\/2015\/06\/foucauld-dream-10-270x300.jpg\" alt=\"foucauld-dream-10\" width=\"148\" height=\"164\" srcset=\"https:\/\/www.iesuscaritas.org\/wp-content\/uploads\/2015\/06\/foucauld-dream-10-270x300.jpg 270w, https:\/\/www.iesuscaritas.org\/wp-content\/uploads\/2015\/06\/foucauld-dream-10.jpg 638w\" sizes=\"auto, (max-width: 148px) 100vw, 148px\" \/><\/a>Ho conosciuto Rachele, spagnola, assidua frequentatrice delle strade poco illuminate di Cartagine, dove lavora per continuare a consumare eroina e cocaina. Rachele \u00e8 transessuale e non ha trovato mai posto nella sua famiglia, nella societ\u00e0. Si prostituisce per avere i mezzi per sopravvivere, ma in realt\u00e0 ci\u00f2 che la vita le offre \u00e8 l\u2019abbraccio delle sue compagne e l\u2019appoggio quando sta bene e quando desidera farla finita. Porta un rosario al collo, come collana; dice che le porta fortuna e la protegge. Si vergogna di entrare in chiesa perch\u00e9 viene guardata male e attira molto l\u2019attenzione, ma prega Dio e la Madonna quando passa davanti alla porta.<\/p>\n<p style=\"text-align: justify;\"><a href=\"http:\/\/www.iesuscaritas.org\/wp-content\/uploads\/2015\/06\/foucauld-dream-11.jpg\"><img loading=\"lazy\" decoding=\"async\" class=\"alignright  wp-image-1133\" src=\"http:\/\/www.iesuscaritas.org\/wp-content\/uploads\/2015\/06\/foucauld-dream-11-300x247.jpg\" alt=\"foucauld-dream-11\" width=\"204\" height=\"169\" srcset=\"https:\/\/www.iesuscaritas.org\/wp-content\/uploads\/2015\/06\/foucauld-dream-11-300x247.jpg 300w, https:\/\/www.iesuscaritas.org\/wp-content\/uploads\/2015\/06\/foucauld-dream-11.jpg 581w\" sizes=\"auto, (max-width: 204px) 100vw, 204px\" \/><\/a>Potrei continuare a raccontare le vite e i mille volti di Ges\u00f9 in questa canonizzazione di fratel Carlo, presieduta dall\u2019Amore di Dio, e l\u2019invito a considerare tutti gli esseri umani come fratelli, da uguale a uguale. Tutti ci ci mettiamo alla scuola degli uni gli altri per essere degni dello stesso Padre. Alcuni pregano la preghiera dell\u2019Abbandono, altri chiudono gli occhi e sognano un mondo migliore. Alcuni hanno capito che la <a href=\"http:\/\/www.iesuscaritas.org\/wp-content\/uploads\/2015\/06\/foucauld-dream-12.jpg\"><img loading=\"lazy\" decoding=\"async\" class=\"alignleft size-medium wp-image-1134\" src=\"http:\/\/www.iesuscaritas.org\/wp-content\/uploads\/2015\/06\/foucauld-dream-12-300x287.jpg\" alt=\"foucauld-dream-12\" width=\"300\" height=\"287\" srcset=\"https:\/\/www.iesuscaritas.org\/wp-content\/uploads\/2015\/06\/foucauld-dream-12-300x287.jpg 300w, https:\/\/www.iesuscaritas.org\/wp-content\/uploads\/2015\/06\/foucauld-dream-12-1024x980.jpg 1024w, https:\/\/www.iesuscaritas.org\/wp-content\/uploads\/2015\/06\/foucauld-dream-12.jpg 1832w\" sizes=\"auto, (max-width: 300px) 100vw, 300px\" \/><\/a>fraternit\u00e0 \u00e8 un modo di vivere e di crescere nella spiritualit\u00e0 e nell\u2019impegno di dare senza ricevere nella vita di ogni giorno, altri hanno capito che non sono soli. Ci guardavamo gli uni gli altri e non c\u2019era nulla di diverso tra noi e abbiamo capito che il messaggio della vita di questo uomo, un uomo di Dio, sorpassa le frontiere e le religioni, la vita di fede e la vita di vivere senza Dio. Il suo messaggio di fraternit\u00e0 universale, la sua morte e risurrezione \u00e8 per un \u201csovrappi\u00f9 di umanit\u00e0\u201d.<\/p>\n<p style=\"text-align: justify;\"><a href=\"http:\/\/www.iesuscaritas.org\/wp-content\/uploads\/2015\/06\/foucauld-dream-13.jpg\"><img loading=\"lazy\" decoding=\"async\" class=\"aligncenter size-medium wp-image-1135\" src=\"http:\/\/www.iesuscaritas.org\/wp-content\/uploads\/2015\/06\/foucauld-dream-13-300x212.jpg\" alt=\"foucauld-dream-13\" width=\"300\" height=\"212\" srcset=\"https:\/\/www.iesuscaritas.org\/wp-content\/uploads\/2015\/06\/foucauld-dream-13-300x212.jpg 300w, https:\/\/www.iesuscaritas.org\/wp-content\/uploads\/2015\/06\/foucauld-dream-13-1024x723.jpg 1024w, https:\/\/www.iesuscaritas.org\/wp-content\/uploads\/2015\/06\/foucauld-dream-13.jpg 1280w\" sizes=\"auto, (max-width: 300px) 100vw, 300px\" \/><\/a>San Carlo di Foucauld, prega per noi.<\/p>\n<p style=\"text-align: justify;\"><a href=\"http:\/\/www.iesuscaritas.org\/wp-content\/uploads\/2015\/06\/foucauld-dream-14.jpg\"><img loading=\"lazy\" decoding=\"async\" class=\"alignright  wp-image-1136\" src=\"http:\/\/www.iesuscaritas.org\/wp-content\/uploads\/2015\/06\/foucauld-dream-14.jpg\" alt=\"foucauld-dream-14\" width=\"99\" height=\"158\" \/><\/a>Mariano PUGA CONCHA<\/p>\n<p style=\"text-align: justify;\">Santiago di Cile, giugno 2015<\/p>\n<p><\/p>","protected":false},"excerpt":{"rendered":"<p>E\u2019 stato avvenimento molto semplice: i piccoli e gli umili hanno condiviso con papa Francesco la celebrazione della canonizzazione del fratello universale. Fratel Carlo \u00e8 morto per una \u201c sovrappi\u00f9 <a class=\"more-link\" href=\"https:\/\/www.iesuscaritas.org\/it\/documentos\/san-carlos-de-foucauld-yo-tuve-un-sueno\/\">Continue Reading &rarr;<\/a><\/p>\n","protected":false},"author":1,"featured_media":0,"comment_status":"open","ping_status":"open","sticky":false,"template":"","format":"standard","meta":{"footnotes":""},"categories":[78],"tags":[],"class_list":["post-1116","post","type-post","status-publish","format-standard","hentry","category-documentos"],"_links":{"self":[{"href":"https:\/\/www.iesuscaritas.org\/it\/wp-json\/wp\/v2\/posts\/1116","targetHints":{"allow":["GET"]}}],"collection":[{"href":"https:\/\/www.iesuscaritas.org\/it\/wp-json\/wp\/v2\/posts"}],"about":[{"href":"https:\/\/www.iesuscaritas.org\/it\/wp-json\/wp\/v2\/types\/post"}],"author":[{"embeddable":true,"href":"https:\/\/www.iesuscaritas.org\/it\/wp-json\/wp\/v2\/users\/1"}],"replies":[{"embeddable":true,"href":"https:\/\/www.iesuscaritas.org\/it\/wp-json\/wp\/v2\/comments?post=1116"}],"version-history":[{"count":16,"href":"https:\/\/www.iesuscaritas.org\/it\/wp-json\/wp\/v2\/posts\/1116\/revisions"}],"predecessor-version":[{"id":1152,"href":"https:\/\/www.iesuscaritas.org\/it\/wp-json\/wp\/v2\/posts\/1116\/revisions\/1152"}],"wp:attachment":[{"href":"https:\/\/www.iesuscaritas.org\/it\/wp-json\/wp\/v2\/media?parent=1116"}],"wp:term":[{"taxonomy":"category","embeddable":true,"href":"https:\/\/www.iesuscaritas.org\/it\/wp-json\/wp\/v2\/categories?post=1116"},{"taxonomy":"post_tag","embeddable":true,"href":"https:\/\/www.iesuscaritas.org\/it\/wp-json\/wp\/v2\/tags?post=1116"}],"curies":[{"name":"wp","href":"https:\/\/api.w.org\/{rel}","templated":true}]}}