{"id":910,"date":"2015-03-07T12:19:44","date_gmt":"2015-03-07T11:19:44","guid":{"rendered":"http:\/\/www.iesuscaritas.org\/?p=910"},"modified":"2015-03-07T12:19:44","modified_gmt":"2015-03-07T11:19:44","slug":"francais-aller-a-la-peripherie-a-lecole-de-charles-de-foucauld","status":"publish","type":"post","link":"https:\/\/www.iesuscaritas.org\/fr\/documentos\/francais-aller-a-la-peripherie-a-lecole-de-charles-de-foucauld\/","title":{"rendered":"Aller \u00e0 la p\u00e9riph\u00e9rie \u00e0 l\u2019\u00e9cole de Charles de Foucauld"},"content":{"rendered":"<p><\/p>\n<p style=\"text-align: justify;\">Chez beaucoup de chr\u00e9tiens, qui se sentent encourag\u00e9s par la voix du pape Fran\u00e7ois, \u00ab\u00a0aller aux p\u00e9riph\u00e9ries\u00a0\u00bb ou \u00ab\u00a0\u00e0 la p\u00e9riph\u00e9rie\u00a0\u00bb est devenue une sorte de lieu commun\u00a0! En tout cas, cette notion de \u00ab\u00a0p\u00e9riph\u00e9rie\u00a0\u00bb renouvelle notre regard sur la mission et nous pouvons m\u00eame esp\u00e9rer qu\u2019elle est capable de nous convertir un peu plus \u00e0 l\u2019Evangile\u00a0!<\/p>\n<p style=\"text-align: justify;\">La \u00ab\u00a0p\u00e9riph\u00e9rie\u00a0\u00bb est d\u2019abord un concept li\u00e9 \u00e0 l\u2019urbanisme et plus largement \u00e0 la sociologie. On peut dire, par exemple, que les gens qui sont \u00ab\u00a0\u00e0 la p\u00e9riph\u00e9rie de la r\u00e9publique\u00a0\u00bb n\u2019ont pas beaucoup particip\u00e9 aux manifestations monstres du 11 janvier. Pour la r\u00e9flexion chr\u00e9tienne, ce concept nous vient de la th\u00e9ologie de la lib\u00e9ration dans le contexte de l\u2019Am\u00e9rique latine des ann\u00e9es 1970-80. Et Fran\u00e7ois lui a donn\u00e9 une port\u00e9e universelle. Dans \u00ab\u00a0La joie de l\u2019Evangile\u00a0\u00bb, son Exhortation apostolique lue par presque tout le monde, il appelle \u00e0 \u00ab\u00a0rejoindre les p\u00e9riph\u00e9ries qui ont besoin de la lumi\u00e8re de l\u2019Evangile.\u00a0\u00bb (EG (Evangelii Gaudium) N\u00b0 20 p.20 \u2013 Parole et silence, 2013) Le 28 mars 2013, lors de sa premi\u00e8re messe chrismale \u00e0 Rome, il invite ses collaborateurs \u00e0 ne pas \u00eatre \u00ab\u00a0des pr\u00eatres gestionnaires\u00a0\u00bb, mais \u00ab\u00a0\u00e0 atteindre toutes les p\u00e9riph\u00e9ries\u00a0: les pauvres, les prisonniers, les malades, ceux qui sont tristes et seuls\u00bb. Avant le dernier conclave, dans son discours aux cardinaux, il avait d\u00e9j\u00e0 parl\u00e9 d\u2019une Eglise qui sort \u00ab\u00a0vers les p\u00e9riph\u00e9ries, vers les oubli\u00e9s de l\u2019existence\u00a0\u00bb, une Eglise appel\u00e9e \u00ab\u00a0\u00e0 sortir vers les p\u00e9riph\u00e9ries existentielles\u00a0\u00bb. Toujours dans La joie de l\u2019Evangile, il parle d\u2019une \u00ab\u00a0Eglise en sortie\u00a0\u00bb dans le double sens de rejoindre les zones de pr\u00e9carit\u00e9s humaines et de rejoindre les \u00ab\u00a0d\u00e9tresses existentielles\u00a0\u00bb. Et voici quelques jours encore, (14.01.15) il a appel\u00e9 l\u2019Eglise du Sri Lanka l\u2019Eglise des \u00ab\u00a0p\u00e9riph\u00e9ries des fronti\u00e8res\u00a0\u00bb.<\/p>\n<p><em>Continuer la lecture sur le PDF<\/em>: <a href=\"http:\/\/www.iesuscaritas.org\/wp-content\/uploads\/2015\/03\/aller-a-la-peripherie-a-l-ecole-de-charles-de-foucauld.pdf\">aller-a-la-peripherie-a-l-ecole-de-charles-de-foucauld<\/a><\/p>","protected":false},"excerpt":{"rendered":"<p>Chez beaucoup de chr\u00e9tiens, qui se sentent encourag\u00e9s par la voix du pape Fran\u00e7ois, \u00ab\u00a0aller aux p\u00e9riph\u00e9ries\u00a0\u00bb ou \u00ab\u00a0\u00e0 la p\u00e9riph\u00e9rie\u00a0\u00bb est devenue une sorte de lieu commun\u00a0! En tout <a class=\"more-link\" href=\"https:\/\/www.iesuscaritas.org\/fr\/documentos\/francais-aller-a-la-peripherie-a-lecole-de-charles-de-foucauld\/\">Continue Reading &rarr;<\/a><\/p>\n","protected":false},"author":1,"featured_media":0,"comment_status":"open","ping_status":"open","sticky":false,"template":"","format":"standard","meta":{"footnotes":""},"categories":[78],"tags":[],"class_list":["post-910","post","type-post","status-publish","format-standard","hentry","category-documentos"],"_links":{"self":[{"href":"https:\/\/www.iesuscaritas.org\/fr\/wp-json\/wp\/v2\/posts\/910","targetHints":{"allow":["GET"]}}],"collection":[{"href":"https:\/\/www.iesuscaritas.org\/fr\/wp-json\/wp\/v2\/posts"}],"about":[{"href":"https:\/\/www.iesuscaritas.org\/fr\/wp-json\/wp\/v2\/types\/post"}],"author":[{"embeddable":true,"href":"https:\/\/www.iesuscaritas.org\/fr\/wp-json\/wp\/v2\/users\/1"}],"replies":[{"embeddable":true,"href":"https:\/\/www.iesuscaritas.org\/fr\/wp-json\/wp\/v2\/comments?post=910"}],"version-history":[{"count":1,"href":"https:\/\/www.iesuscaritas.org\/fr\/wp-json\/wp\/v2\/posts\/910\/revisions"}],"predecessor-version":[{"id":912,"href":"https:\/\/www.iesuscaritas.org\/fr\/wp-json\/wp\/v2\/posts\/910\/revisions\/912"}],"wp:attachment":[{"href":"https:\/\/www.iesuscaritas.org\/fr\/wp-json\/wp\/v2\/media?parent=910"}],"wp:term":[{"taxonomy":"category","embeddable":true,"href":"https:\/\/www.iesuscaritas.org\/fr\/wp-json\/wp\/v2\/categories?post=910"},{"taxonomy":"post_tag","embeddable":true,"href":"https:\/\/www.iesuscaritas.org\/fr\/wp-json\/wp\/v2\/tags?post=910"}],"curies":[{"name":"wp","href":"https:\/\/api.w.org\/{rel}","templated":true}]}}