{"id":7504,"date":"2024-12-11T18:06:21","date_gmt":"2024-12-11T17:06:21","guid":{"rendered":"https:\/\/www.iesuscaritas.org\/?p=7504"},"modified":"2024-12-10T20:28:25","modified_gmt":"2024-12-10T19:28:25","slug":"francais-homelie-dans-la-fete-de-saint-charles-de-foucauld-michel-henrie","status":"publish","type":"post","link":"https:\/\/www.iesuscaritas.org\/fr\/documentos\/francais-homelie-dans-la-fete-de-saint-charles-de-foucauld-michel-henrie\/","title":{"rendered":"Hom\u00e9lie dans la f\u00eate de Saint Charles de FOUCAULD. Michel HENRIE"},"content":{"rendered":"<p>Fr\u00e8re Charles, d\u00e8s le jour de sa \u00ab conversion \u00bb en l\u2019\u00e9glise St Augustin de Paris, a ressenti au plus profond de lui-m\u00eame la conviction qu\u2019il \u00e9tait aim\u00e9 par le Christ, \u00ab choisi \u00bb par lui, au point d\u2019\u00e9crire plus tard \u00e0 son ami Henry de Castries : \u00ab Aussit\u00f4t que je crus qu\u2019il y avait un Dieu, je compris que je ne pouvais faire autrement que de ne vivre que pour Lui : ma vocation religieuse date de la m\u00eame heure que ma foi \u00bb<\/p>\n<p>Dans ses m\u00e9ditations de Nazareth, il suit, pas \u00e0 pas, le \u00ab Ma\u00eetre de l\u2019impossible \u00bb, son \u00ab bien-aim\u00e9 fr\u00e8re et Seigneur J\u00e9sus-Christ \u00bb et nous apprend \u00e0 cultiver le d\u00e9sir de l\u2019imiter. \u00ab Soyons hommes de d\u00e9sir et demandons \u00e0 Dieu l\u2019impossible dans nos pri\u00e8res pour le bien des \u00e2mes, pour sa glorification en elles, puisque nous croyons que sa bont\u00e9 nous accordera les vrais biens que nous lui demanderons\u2026 \u00bb<\/p>\n<hr \/>\n<p>\ud83d\udcd1 Lire le document complet en PDF : <a href=\"https:\/\/www.iesuscaritas.org\/wp-content\/uploads\/2024\/12\/Homelie-pour-la-fete-de-Saint-Charles-de-Foucauld.pdf\">Hom\u00e9lie pour la f\u00eate de Saint Charles de Foucauld<\/a><\/p>","protected":false},"excerpt":{"rendered":"<p>Fr\u00e8re Charles, d\u00e8s le jour de sa \u00ab conversion \u00bb en l\u2019\u00e9glise St Augustin de Paris, a ressenti au plus profond de lui-m\u00eame la conviction qu\u2019il \u00e9tait aim\u00e9 par le <a class=\"more-link\" href=\"https:\/\/www.iesuscaritas.org\/fr\/documentos\/francais-homelie-dans-la-fete-de-saint-charles-de-foucauld-michel-henrie\/\">Continue Reading &rarr;<\/a><\/p>\n","protected":false},"author":1,"featured_media":0,"comment_status":"open","ping_status":"closed","sticky":false,"template":"","format":"standard","meta":{"footnotes":""},"categories":[78],"tags":[],"class_list":["post-7504","post","type-post","status-publish","format-standard","hentry","category-documentos"],"_links":{"self":[{"href":"https:\/\/www.iesuscaritas.org\/fr\/wp-json\/wp\/v2\/posts\/7504","targetHints":{"allow":["GET"]}}],"collection":[{"href":"https:\/\/www.iesuscaritas.org\/fr\/wp-json\/wp\/v2\/posts"}],"about":[{"href":"https:\/\/www.iesuscaritas.org\/fr\/wp-json\/wp\/v2\/types\/post"}],"author":[{"embeddable":true,"href":"https:\/\/www.iesuscaritas.org\/fr\/wp-json\/wp\/v2\/users\/1"}],"replies":[{"embeddable":true,"href":"https:\/\/www.iesuscaritas.org\/fr\/wp-json\/wp\/v2\/comments?post=7504"}],"version-history":[{"count":3,"href":"https:\/\/www.iesuscaritas.org\/fr\/wp-json\/wp\/v2\/posts\/7504\/revisions"}],"predecessor-version":[{"id":7518,"href":"https:\/\/www.iesuscaritas.org\/fr\/wp-json\/wp\/v2\/posts\/7504\/revisions\/7518"}],"wp:attachment":[{"href":"https:\/\/www.iesuscaritas.org\/fr\/wp-json\/wp\/v2\/media?parent=7504"}],"wp:term":[{"taxonomy":"category","embeddable":true,"href":"https:\/\/www.iesuscaritas.org\/fr\/wp-json\/wp\/v2\/categories?post=7504"},{"taxonomy":"post_tag","embeddable":true,"href":"https:\/\/www.iesuscaritas.org\/fr\/wp-json\/wp\/v2\/tags?post=7504"}],"curies":[{"name":"wp","href":"https:\/\/api.w.org\/{rel}","templated":true}]}}