{"id":7220,"date":"2024-05-18T08:05:27","date_gmt":"2024-05-18T06:05:27","guid":{"rendered":"https:\/\/www.iesuscaritas.org\/?p=7220"},"modified":"2024-08-16T11:51:17","modified_gmt":"2024-08-16T09:51:17","slug":"carta-de-pentecostes-a-los-hermanos-de-todo-el-mundo-2024-eric-lozada","status":"publish","type":"post","link":"https:\/\/www.iesuscaritas.org\/fr\/letters\/cartas-de-eric\/carta-de-pentecostes-a-los-hermanos-de-todo-el-mundo-2024-eric-lozada\/","title":{"rendered":"Lettre de Pentec\u00f4te aux fr\u00e8res de tout le monde 2024. Eric LOZADA"},"content":{"rendered":"<p><\/p>\n<p class=\"western\" align=\"justify\"><span style=\"font-family: Tahoma, serif;\"><span lang=\"es-CL\"><i><a href=\"https:\/\/www.iesuscaritas.org\/wp-content\/uploads\/2024\/05\/carta-pentecostes-2024-01.jpg\"><img loading=\"lazy\" decoding=\"async\" class=\"alignright size-medium wp-image-7229\" src=\"https:\/\/www.iesuscaritas.org\/wp-content\/uploads\/2024\/05\/carta-pentecostes-2024-01-300x177.jpg\" alt=\"\" width=\"300\" height=\"177\" srcset=\"https:\/\/www.iesuscaritas.org\/wp-content\/uploads\/2024\/05\/carta-pentecostes-2024-01-300x177.jpg 300w, https:\/\/www.iesuscaritas.org\/wp-content\/uploads\/2024\/05\/carta-pentecostes-2024-01.jpg 474w\" sizes=\"auto, (max-width: 300px) 100vw, 300px\" \/><\/a>\u00ab\u00a0Viens, Esprit Saint&#8230; et renouvelle la face de la terre&#8230;\u00a0\u00bb<\/i><\/span><\/span><\/p>\n<p class=\"western\" align=\"justify\"><span style=\"font-family: Tahoma, serif;\"><span lang=\"es-CL\"><i>\u00ab\u00a0Viens, Esprit Saint, viens&#8230; Viens, P\u00e8re des pauvres ! Viens, source de toute notre vie&#8230; \u00d4 bienheureuse Lumi\u00e8re divine, brille dans nos c\u0153urs&#8230; Gu\u00e9ris nos blessures, renouvelle nos forces ; Verse ta ros\u00e9e sur nos s\u00e9cheresses&#8230; Pliez le c\u0153ur t\u00eatu et la volont\u00e9 ; Fais fondre les gel\u00e9s, r\u00e9chauffe le froid Guide les pas qui s&rsquo;\u00e9garent&#8230;\u00a0\u00bb Amen.\u00a0\u00bbVen, Esp\u00edritu Santo&#8230; y renueva la faz de la tierra&#8230;\u00a0\u00bb<\/i><\/span><\/span><\/p>\n<p class=\"western\" align=\"justify\"><span style=\"font-family: Tahoma, serif;\"><span lang=\"es-CL\">Chers fr\u00e8res:<\/span><\/span><\/p>\n<p class=\"western\" align=\"justify\"><span style=\"font-family: Tahoma, serif;\"><span lang=\"es-CL\">Salutations de paix et de feu dans l&rsquo;Esprit !!<\/span><\/span><\/p>\n<p class=\"western\" align=\"justify\"><span style=\"font-family: Tahoma, serif;\"><span lang=\"es-CL\">Comment \u00e7a va? Quelles ont \u00e9t\u00e9 vos joies et vos d\u00e9solations dans le minist\u00e8re ? Il est important de prendre le temps de les nommer et de s\u2019occuper d\u2019eux pour un service minist\u00e9riel plus \u00e9quilibr\u00e9 et rempli de joie. Je vous porte pr\u00e8s de mon c\u0153ur alors que j&rsquo;\u00e9cris cette lettre depuis le Centre Galilea de Tagaytay, aux Philippines, pendant que je fais la formation pastorale pour les vicaires, les pr\u00eatres et les formateurs de s\u00e9minaires. <\/span><\/span><\/p>\n<p class=\"western\" align=\"justify\"><span style=\"font-family: Tahoma, serif;\"><span lang=\"es-CL\">Je demande : quelle est la ou les faces de la terre que nous demandons \u00e0 l&rsquo;Esprit de venir renouveler ? Il serait peut-\u00eatre bon pour nous de nous arr\u00eater et de jeter un long regard sur notre monde fluide d\u2019aujourd\u2019hui avec les yeux de la foi et de la raison. Lorsque nous ne voyons pas, nous laissons une vision hautement politis\u00e9e \u00eatre la seule absolue. Il existe une tentation d\u2019abandonner la vision de la foi au profit de la vision r\u00e9ductionniste de la la\u00efcit\u00e9 et d\u2019abandonner la raison au prisme d\u00e9terministe d\u2019un mat\u00e9rialisme d\u00e9brid\u00e9. Lorsque nous invitons l\u2019Esprit \u00e0 venir, nous admettons que nous avons du mal \u00e0 voir par nous-m\u00eames, que nous sommes aveugles dans nos fa\u00e7ons de voir et de comprendre non rachet\u00e9es, bless\u00e9es, gel\u00e9es, s\u00e8ches et obstin\u00e9es. Alors, pendant que nous prions : Viens, \u00f4 Saint-Esprit, nous lui demandons d&rsquo;intervenir dans nos vies, de renouveler nos c\u0153urs et nos esprits afin que nous puissions voir comme Il veut que nous voyions, afin que nous puissions r\u00e9pondre de mani\u00e8re appropri\u00e9e aux r\u00e9alit\u00e9s de notre vie. monde. Les invitations proph\u00e9tiques du pape Fran\u00e7ois \u00e0 \u00eatre de joyeux missionnaires de l&rsquo;\u00c9vangile, \u00e0 aller vers les p\u00e9riph\u00e9ries, \u00e0 prendre soin collectivement de la Terre M\u00e8re, \u00e0 \u00eatre tous fr\u00e8res et s\u0153urs, sont des points de vue remplis de l&rsquo;Esprit \u00e0 partir desquels nous voyons et r\u00e9pondons aux pourquoi. o\u00f9, quoi et comment est notre monde aujourd&rsquo;hui \u00e0 la lumi\u00e8re de l&rsquo;\u00c9vangile. <\/span><\/span><\/p>\n<p class=\"western\" align=\"justify\"><span style=\"font-family: Tahoma, serif;\"><span lang=\"es-CL\">Beaucoup d\u2019entre nous se trouvent dans des situations d\u2019injustice, de pauvret\u00e9, de destruction, de violence, de migration, de minorit\u00e9 et il est un peu myope de voir le monde sous un angle pessimiste et impuissant. Ou encore, certains d\u2019entre nous peuvent se trouver dans des situations de plus grandes opportunit\u00e9s, d\u2019abondance, de pouvoir, de privil\u00e8ges, d\u2019honneur, et la tentation est de regarder le monde \u00e0 travers le prisme d\u2019un spectateur indiff\u00e9rent. Je pense qu&rsquo;il est important pour nous, apr\u00e8s avoir clarifi\u00e9 notre identit\u00e9 \u00e0 Cebu en 2019, que nous sommes des disciples missionnaires de J\u00e9sus de Nazareth inspir\u00e9s par les traces du fr\u00e8re Carlos, que nous demandions sp\u00e9cifiquement \u00e0 l&rsquo;Esprit de nous ressusciter des tombes du r\u00e9confort, du narcissisme. , l&rsquo;indiff\u00e9rence, le cl\u00e9ricalisme, et raviver dans nos c\u0153urs la simplicit\u00e9, la tendresse, la sollicitude fraternelle et la g\u00e9n\u00e9rosit\u00e9, pour que nous devenions d&rsquo;authentiques agents de l&rsquo;Esprit pour la transformation du monde o\u00f9 nous vivons. Nous r\u00eavons aussi ensemble d\u2019\u00eatre b\u00e2tisseurs et forgeurs de fraternit\u00e9, th\u00e8me de notre prochaine assembl\u00e9e mondiale. <\/span><\/span><\/p>\n<p class=\"western\" align=\"justify\"><span style=\"font-family: Tahoma, serif;\"><span lang=\"es-CL\"><a href=\"https:\/\/www.iesuscaritas.org\/wp-content\/uploads\/2024\/05\/carta-pentecostes-2024-02.jpg\"><img loading=\"lazy\" decoding=\"async\" class=\"alignleft size-medium wp-image-7230\" src=\"https:\/\/www.iesuscaritas.org\/wp-content\/uploads\/2024\/05\/carta-pentecostes-2024-02-300x237.jpg\" alt=\"\" width=\"300\" height=\"237\" srcset=\"https:\/\/www.iesuscaritas.org\/wp-content\/uploads\/2024\/05\/carta-pentecostes-2024-02-300x237.jpg 300w, https:\/\/www.iesuscaritas.org\/wp-content\/uploads\/2024\/05\/carta-pentecostes-2024-02.jpg 612w\" sizes=\"auto, (max-width: 300px) 100vw, 300px\" \/><\/a>Dans notre pratique des moyens spirituels que sont l&rsquo;adoration quotidienne, la m\u00e9ditation quotidienne de l&rsquo;\u00c9vangile, la journ\u00e9e mensuelle dans le d\u00e9sert et les r\u00e9unions fraternelles mensuelles, ainsi que la simplicit\u00e9 de la spiritualit\u00e9 de Nazareth, nous ne sommes peut-\u00eatre pas tr\u00e8s coh\u00e9rents, mais nous continuons d&rsquo;\u00eatre inspir\u00e9s par nos fr\u00e8res a\u00een\u00e9s qui ont \u00e9t\u00e9 t\u00e9moins toute leur vie. Touch\u00e9e par l&rsquo;Esprit, notre pauvret\u00e9 est aussi notre force. Sur le chemin spirituel, le nombre et l\u2019\u00e2ge importent peu, mais la qualit\u00e9 du t\u00e9moignage importe peu, m\u00eame si nous sommes peu nombreux.<\/span><\/span><\/p>\n<p class=\"western\" align=\"justify\"><span style=\"font-family: Tahoma, serif;\"><span lang=\"es-CL\">Notre retour constant \u00e0 nos pratiques spirituelles forme nos esprits et adoucit nos c\u0153urs pour que nos engagements missionnaires envers le monde naissent de notre proximit\u00e9 avec Dieu en J\u00e9sus de Nazareth et de nos rencontres formatrices avec les pauvres, parmi nous. Lorsque le Pape Fran\u00e7ois nous a invit\u00e9s \u00e0 nous laisser surprendre par l&rsquo;Esprit dans notre marche ensemble et dans notre \u00e9coute les uns des autres dans cette \u00c9glise synodale, le processus est devenu message. Lorsque nous r\u00eavons ensemble d\u2019un monde plus pacifique et fraternel, nous nous engageons dans des processus pacifiques et fraternels de toutes les mani\u00e8res et sur tous les fronts. Parce qu\u2019il ne peut y avoir de paix dans la violence et qu\u2019il ne peut y avoir de paix dans les communaut\u00e9s lorsque les gens ont le c\u0153ur amer et irr\u00e9conciliable. C\u2019est le Mahatma Gandhi qui disait que la paix est l\u2019arme du fort, tandis que la violence est l\u2019arme du faible. La violence est l\u2019arme de ceux qui masquent leurs peurs, leur ins\u00e9curit\u00e9, leurs envies et leur impuissance avec une armure qui menace la vie de chaque \u00eatre humain, y compris celle de la Terre M\u00e8re. C&rsquo;est pourquoi nous prions avec conviction : Viens Esprit Saint, remplis le c\u0153ur de tes fid\u00e8les, renouvelle nos forces, courbe notre c\u0153ur et notre volont\u00e9 obstin\u00e9s, guide les pas qui s&rsquo;\u00e9garent. <\/span><\/span><\/p>\n<p class=\"western\" align=\"justify\"><span style=\"font-family: Tahoma, serif;\"><span lang=\"es-CL\">Que l&rsquo;intercession de notre fr\u00e8re a\u00een\u00e9, saint Charles de Foucauld, renforce notre d\u00e9termination \u00e0 \u00eatre des disciples missionnaires du Christ ressuscit\u00e9 et des forgeurs de fraternit\u00e9 dans notre monde en mutation. S&rsquo;il vous pla\u00eet, priez pour moi, votre petit fr\u00e8re, alors que je continue de vous tenir pr\u00e8s de mon c\u0153ur dans la pri\u00e8re.<\/span><\/span><\/p>\n<p class=\"western\" align=\"justify\"><span style=\"font-family: Tahoma, serif;\"><span lang=\"es-CL\"><a href=\"https:\/\/www.iesuscaritas.org\/wp-content\/uploads\/2024\/05\/carta-pentecostes-2024-03.jpg\"><img loading=\"lazy\" decoding=\"async\" class=\"alignright size-full wp-image-7231\" src=\"https:\/\/www.iesuscaritas.org\/wp-content\/uploads\/2024\/05\/carta-pentecostes-2024-03.jpg\" alt=\"\" width=\"171\" height=\"133\" \/><\/a>Ton fr\u00e8re serviteur,<br \/>\n<\/span><\/span><span style=\"font-family: Tahoma, serif;\"><span lang=\"es-CL\">Eric LOZADA, responsable internacional<\/span><\/span><\/p>\n<hr \/>\n<p align=\"justify\">Lire en PDF : <a href=\"https:\/\/www.iesuscaritas.org\/wp-content\/uploads\/2024\/05\/Lettre-de-Pentecote-aux-freres-de-tout-le-monde-2024.-Eric-LOZADA.pdf\">Lettre de Pentec\u00f4te aux fr\u00e8res de tout le monde 2024. Eric LOZADA<\/a><\/p>\n<p><\/p>","protected":false},"excerpt":{"rendered":"<p>\u00ab\u00a0Viens, Esprit Saint&#8230; et renouvelle la face de la terre&#8230;\u00a0\u00bb \u00ab\u00a0Viens, Esprit Saint, viens&#8230; Viens, P\u00e8re des pauvres ! Viens, source de toute notre vie&#8230; \u00d4 bienheureuse Lumi\u00e8re divine, brille <a class=\"more-link\" href=\"https:\/\/www.iesuscaritas.org\/fr\/letters\/cartas-de-eric\/carta-de-pentecostes-a-los-hermanos-de-todo-el-mundo-2024-eric-lozada\/\">Continue Reading &rarr;<\/a><\/p>\n","protected":false},"author":1,"featured_media":0,"comment_status":"open","ping_status":"closed","sticky":false,"template":"","format":"standard","meta":{"footnotes":""},"categories":[98],"tags":[],"class_list":["post-7220","post","type-post","status-publish","format-standard","hentry","category-cartas-de-eric"],"_links":{"self":[{"href":"https:\/\/www.iesuscaritas.org\/fr\/wp-json\/wp\/v2\/posts\/7220","targetHints":{"allow":["GET"]}}],"collection":[{"href":"https:\/\/www.iesuscaritas.org\/fr\/wp-json\/wp\/v2\/posts"}],"about":[{"href":"https:\/\/www.iesuscaritas.org\/fr\/wp-json\/wp\/v2\/types\/post"}],"author":[{"embeddable":true,"href":"https:\/\/www.iesuscaritas.org\/fr\/wp-json\/wp\/v2\/users\/1"}],"replies":[{"embeddable":true,"href":"https:\/\/www.iesuscaritas.org\/fr\/wp-json\/wp\/v2\/comments?post=7220"}],"version-history":[{"count":11,"href":"https:\/\/www.iesuscaritas.org\/fr\/wp-json\/wp\/v2\/posts\/7220\/revisions"}],"predecessor-version":[{"id":7250,"href":"https:\/\/www.iesuscaritas.org\/fr\/wp-json\/wp\/v2\/posts\/7220\/revisions\/7250"}],"wp:attachment":[{"href":"https:\/\/www.iesuscaritas.org\/fr\/wp-json\/wp\/v2\/media?parent=7220"}],"wp:term":[{"taxonomy":"category","embeddable":true,"href":"https:\/\/www.iesuscaritas.org\/fr\/wp-json\/wp\/v2\/categories?post=7220"},{"taxonomy":"post_tag","embeddable":true,"href":"https:\/\/www.iesuscaritas.org\/fr\/wp-json\/wp\/v2\/tags?post=7220"}],"curies":[{"name":"wp","href":"https:\/\/api.w.org\/{rel}","templated":true}]}}