{"id":7011,"date":"2024-01-27T08:34:20","date_gmt":"2024-01-27T07:34:20","guid":{"rendered":"https:\/\/www.iesuscaritas.org\/?p=7011"},"modified":"2024-01-27T08:34:20","modified_gmt":"2024-01-27T07:34:20","slug":"carta-de-navidad-2023-a-los-hermanos-del-mundo-eric-lozada-responsable-internacional","status":"publish","type":"post","link":"https:\/\/www.iesuscaritas.org\/fr\/letters\/cartas-de-eric\/carta-de-navidad-2023-a-los-hermanos-del-mundo-eric-lozada-responsable-internacional\/","title":{"rendered":"Lettre de No\u00ebl 2023 aux fr\u00e8res du monde. Eric LOZADA, responsable international"},"content":{"rendered":"<p>\u00ab<em><strong> Voici, la vierge concevra et enfantera un fils, et on lui donnera le nom d&rsquo;Emmanuel<\/strong> <\/em>\u00bb (ce qui signifie Dieu avec nous). (Matthieu 1:23)<\/p>\n<p>\u00ab<em><strong> No\u00ebl a toujours \u00e9t\u00e9 ax\u00e9 sur cela : contempler la visite de Dieu \u00e0 son peuple.<\/strong> <\/em>\u00bb (Pape Fran\u00e7ois)<\/p>\n<p>\u00ab<em><strong> Je suis n\u00e9, n\u00e9 pour toi, n\u00e9 dans une grotte, en d\u00e9cembre, dans le froid, une nuit d&rsquo;hiver, dans la pauvret\u00e9 et dans la solitude, inconnu m\u00eame des plus pauvres. Pourquoi suis-je n\u00e9 de cette fa\u00e7on ? Pour que tu croies en mon amour, puisque mon amour pour toi ne conna\u00eet pas de limites. Comme je t&rsquo;ai tant aim\u00e9, mets en moi tout ton espoir. Je t&rsquo;apprends \u00e0 m&rsquo;aimer\u2026 Depuis ma naissance, je me suis montr\u00e9 \u00e0 toi et je me suis remis enti\u00e8rement entre tes mains. \u2026 tu as su me voir, me tenir, m&rsquo;entendre, me servir, me consoler\u2026. Je ne me suis pas donn\u00e9 \u00e0 toi d\u00e8s ma naissance pendant quelques jours ou quelques ann\u00e9es, mais je me suis livr\u00e9 entre tes mains pour toujours, jusqu&rsquo;\u00e0 la fin des temps.<\/strong> <\/em>\u00bb (M\u00e9ditation du fr\u00e8re Charles sur la cr\u00e8che)<\/p>\n<p>Chers fr\u00e8res,<\/p>\n<p>Salutations de No\u00ebl \u00e0 vous tous !<\/p>\n<p><a href=\"https:\/\/www.iesuscaritas.org\/wp-content\/uploads\/2024\/01\/carta-navidad2023-01.jpg\"><img loading=\"lazy\" decoding=\"async\" class=\"alignright size-full wp-image-7014\" src=\"https:\/\/www.iesuscaritas.org\/wp-content\/uploads\/2024\/01\/carta-navidad2023-01.jpg\" alt=\"\" width=\"280\" height=\"280\" srcset=\"https:\/\/www.iesuscaritas.org\/wp-content\/uploads\/2024\/01\/carta-navidad2023-01.jpg 280w, https:\/\/www.iesuscaritas.org\/wp-content\/uploads\/2024\/01\/carta-navidad2023-01-150x150.jpg 150w\" sizes=\"auto, (max-width: 280px) 100vw, 280px\" \/><\/a>Comment vous et votre communaut\u00e9 f\u00eatez-vous No\u00ebl cette ann\u00e9e\u00a0? Y a-t-il des fa\u00e7ons nouvelles et cr\u00e9atives de c\u00e9l\u00e9brer votre c\u00e9l\u00e9bration par rapport \u00e0 l\u2019ann\u00e9e derni\u00e8re\u00a0? No\u00ebl est-il encore la pr\u00e9sence douce, tranquille et humble de l&rsquo;Emmanuel dans notre monde occup\u00e9 et bruyant ? Ou donnons-nous aux industries du march\u00e9, du tourisme et du divertissement la libert\u00e9 de planifier nos c\u00e9l\u00e9brations de No\u00ebl ? Il serait bon de jeter un regard sur nos c\u00e9l\u00e9brations de No\u00ebl cette ann\u00e9e par rapport \u00e0 la r\u00e9alit\u00e9 de notre monde d&rsquo;aujourd&rsquo;hui, avec toutes ses lumi\u00e8res et ses ombres. Je me demande comment les familles de Gaza, d&rsquo;Ukraine, d&rsquo;Ha\u00efti ou de n&rsquo;importe quel autre endroit et les personnes souffrant de troubles sociaux, d&rsquo;extr\u00eame pauvret\u00e9 et de d\u00e9placements c\u00e9l\u00e8brent No\u00ebl cette ann\u00e9e ? La r\u00e9alit\u00e9 de la souffrance est-elle plus proche d\u2019eux que celle de la joie de No\u00ebl ? Nous jetons un regard r\u00e9fl\u00e9chi sur notre monde et, en interpr\u00e9tant les signes, nous c\u00e9l\u00e9brons No\u00ebl d&rsquo;une mani\u00e8re plus r\u00e9active et appropri\u00e9e.<\/p>\n<p>Et qu\u2019en est-il de la Terre M\u00e8re ? No\u00ebl n&rsquo;est pas seulement pour le monde humain mais pour l&rsquo;univers tout entier, y compris l&rsquo;environnement \u00e9cologique radicalement modifi\u00e9 par le myst\u00e8re de Dieu incarn\u00e9. Je me demande comment s\u0153ur eau, fr\u00e8re vent, s\u0153ur oiseau, fr\u00e8re for\u00eat c\u00e9l\u00e8brent-ils la saison ? Les plaintes concernant la pollution, le changement climatique, le d\u00e9s\u00e9quilibre de l&rsquo;\u00e9cosyst\u00e8me les privent-ils de la joie de No\u00ebl ? Pour nous qui vivons peut-\u00eatre du c\u00f4t\u00e9 le plus brillant du monde, quelle serait notre r\u00e9ponse \u00e0 l\u2019invitation \u00e0 c\u00e9l\u00e9brer l\u2019Emmanuel au milieu du bruit tonitruant de la violence, de l\u2019avidit\u00e9, de l\u2019apathie envers la vie dans toutes les formes de notre monde d\u2019aujourd\u2019hui ?<\/p>\n<p>La naissance virginale n&rsquo;est pas seulement une personne mais un chemin. Au c\u0153ur m\u00eame de notre st\u00e9rilit\u00e9, de notre vuln\u00e9rabilit\u00e9, de notre impuissance en tant que personne et environnement, des traces d&rsquo;une nouvelle vie apparaissent \u00e0 l&rsquo;horizon, de petites manifestations de l&rsquo;Emmanuel ouvrent notre conscience pour donner naissance \u00e0 de nouvelles initiatives et \u00e0 des r\u00eaves partag\u00e9s. En tant que peuple d\u2019esp\u00e9rance, nous regardons longuement et avec amour le monde tel que le P\u00e8re le voit lorsqu\u2019il a donn\u00e9 au monde son Messie lors du premier No\u00ebl. Le monde n&rsquo;\u00e9tait pas pr\u00eat. Il doit na\u00eetre dans la pauvret\u00e9 de la cr\u00e8che, \u00e0 la p\u00e9riph\u00e9rie du village. Il ne s\u2019agit pas d\u2019un v\u0153u sentimental ou d\u2019un deus ex machina, mais d\u2019un appel \u00e0 un changement radical et paradigmatique pour la naissance d\u2019un nouveau ciel et d\u2019une nouvelle terre.<\/p>\n<p>No\u00ebl est un appel \u00e0 la solitude du c\u0153ur. La vraie solitude, c&rsquo;est reconna\u00eetre, nommer et revendiquer notre pauvret\u00e9, notre vide qui est aussi notre espace illimit\u00e9 pour les autres. Au c\u0153ur m\u00eame de notre solitude, nous rencontrons l&rsquo;Emmanuel dans tous les hommes et toutes les femmes comme fr\u00e8res et s\u0153urs, non seulement nos amis mais aussi ceux qui tuent, mentent, torturent, violent et font la guerre. Ils deviennent notre chair et notre sang. Lorsque nos c\u0153urs sont pleins de la bont\u00e9 de l\u2019Emmanuel et vides de peur, de col\u00e8re, d\u2019indiff\u00e9rence et d\u2019avidit\u00e9, \u00ab nous devenons une maison accueillante pour Dieu et pour toute notre famille humaine sur terre \u00bb. (Henri JM Nouwen)<\/p>\n<p><a href=\"https:\/\/www.iesuscaritas.org\/wp-content\/uploads\/2024\/01\/carta-navidad2023-02.jpg\"><img loading=\"lazy\" decoding=\"async\" class=\"alignright size-medium wp-image-7015\" src=\"https:\/\/www.iesuscaritas.org\/wp-content\/uploads\/2024\/01\/carta-navidad2023-02-300x293.jpg\" alt=\"\" width=\"300\" height=\"293\" srcset=\"https:\/\/www.iesuscaritas.org\/wp-content\/uploads\/2024\/01\/carta-navidad2023-02-300x293.jpg 300w, https:\/\/www.iesuscaritas.org\/wp-content\/uploads\/2024\/01\/carta-navidad2023-02.jpg 363w\" sizes=\"auto, (max-width: 300px) 100vw, 300px\" \/><\/a>Notre devoir est d\u2019attendre, non pas passivement mais activement. Lorsque nous attendons, nous savons que ce que nous attendons grandit \u00e0 partir du sol sur lequel nous nous trouvons. Nous attendons avec la conviction qu\u2019une graine a \u00e9t\u00e9 plant\u00e9e il y a deux mille ans et que quelque chose a d\u00e9j\u00e0 commenc\u00e9. Nous sommes appel\u00e9s \u00e0 \u00eatre pr\u00e9sents aux Kairos de No\u00ebl avec la certitude que quelque chose se passe l\u00e0 o\u00f9 nous sommes et que nous voulons \u00eatre pr\u00e9sents \u00e0 ce moment sans les particularit\u00e9s ext\u00e9rieures de la saison. Dieu a g\u00e9n\u00e9reusement plant\u00e9 la graine de la divinit\u00e9 dans chaque c\u0153ur humain et dans notre monde et nous attendons avec une ferme conviction et une joyeuse esp\u00e9rance avec Marie qui a chant\u00e9 : \u00ab Le Tout-Puissant a fait de grandes choses et son nom est saint \u00bb. Heureux sommes-nous lorsque nous voyons ce que Dieu veut que nous voyions en cette grande temps de No\u00ebl.<\/p>\n<p>Quelques annonces :<\/p>\n<p>Il y a un Mois de Nazareth organis\u00e9 aux Philippines du 1er au 26 juillet 2024 pour les anglophones. Les frais d&rsquo;inscription sont de 400 $\/participant.<\/p>\n<p>Les pr\u00e9paratifs sont en cours pour notre Assembl\u00e9e mondiale \u00e0 Lulunta, en Argentine, en janvier 2025. Dans les semaines \u00e0 venir, vous recevrez des lettres de l&rsquo;\u00e9quipe internationale afin que nous puissions voir, r\u00e9fl\u00e9chir, discerner et marcher ensemble sur la direction, le contenu et le processus de l&rsquo;Assembl\u00e9e mondiale. Assembl\u00e9e.<\/p>\n<p>Fr\u00e8res, je vous remercie beaucoup pour votre beau t\u00e9moignage et votre ferme d\u00e9termination \u00e0 suivre J\u00e9sus de plus pr\u00e8s sur les traces du fr\u00e8re Charles. Que notre pratique fid\u00e8le de la spiritualit\u00e9 lib\u00e8re tellement nos c\u0153urs que l&rsquo;Emmanuel puisse faire na\u00eetre en nous et dans notre minist\u00e8re des mani\u00e8res nouvelles et ferventes de rencontrer les multiples visages des pauvres d&rsquo;aujourd&rsquo;hui.<\/p>\n<p>Avec mon affection fraternelle,<br \/>\n\u00c9ric<\/p>\n<hr \/>\n<p>Lire au format PDF : <a href=\"https:\/\/www.iesuscaritas.org\/wp-content\/uploads\/2024\/01\/Lettre-de-Noel-2023-aux-freres-du-monde.-Eric-LOZADA-responsable-international-fr.pdf\">Lettre de No\u00eal 2023 aux fr\u00e8res du monde. Eric LOZADA, responsable international fr<\/a><\/p>","protected":false},"excerpt":{"rendered":"<p>\u00ab Voici, la vierge concevra et enfantera un fils, et on lui donnera le nom d&rsquo;Emmanuel \u00bb (ce qui signifie Dieu avec nous). (Matthieu 1:23) \u00ab No\u00ebl a toujours \u00e9t\u00e9 <a class=\"more-link\" href=\"https:\/\/www.iesuscaritas.org\/fr\/letters\/cartas-de-eric\/carta-de-navidad-2023-a-los-hermanos-del-mundo-eric-lozada-responsable-internacional\/\">Continue Reading &rarr;<\/a><\/p>\n","protected":false},"author":1,"featured_media":0,"comment_status":"open","ping_status":"closed","sticky":false,"template":"","format":"standard","meta":{"footnotes":""},"categories":[98],"tags":[],"class_list":["post-7011","post","type-post","status-publish","format-standard","hentry","category-cartas-de-eric"],"_links":{"self":[{"href":"https:\/\/www.iesuscaritas.org\/fr\/wp-json\/wp\/v2\/posts\/7011","targetHints":{"allow":["GET"]}}],"collection":[{"href":"https:\/\/www.iesuscaritas.org\/fr\/wp-json\/wp\/v2\/posts"}],"about":[{"href":"https:\/\/www.iesuscaritas.org\/fr\/wp-json\/wp\/v2\/types\/post"}],"author":[{"embeddable":true,"href":"https:\/\/www.iesuscaritas.org\/fr\/wp-json\/wp\/v2\/users\/1"}],"replies":[{"embeddable":true,"href":"https:\/\/www.iesuscaritas.org\/fr\/wp-json\/wp\/v2\/comments?post=7011"}],"version-history":[{"count":8,"href":"https:\/\/www.iesuscaritas.org\/fr\/wp-json\/wp\/v2\/posts\/7011\/revisions"}],"predecessor-version":[{"id":7026,"href":"https:\/\/www.iesuscaritas.org\/fr\/wp-json\/wp\/v2\/posts\/7011\/revisions\/7026"}],"wp:attachment":[{"href":"https:\/\/www.iesuscaritas.org\/fr\/wp-json\/wp\/v2\/media?parent=7011"}],"wp:term":[{"taxonomy":"category","embeddable":true,"href":"https:\/\/www.iesuscaritas.org\/fr\/wp-json\/wp\/v2\/categories?post=7011"},{"taxonomy":"post_tag","embeddable":true,"href":"https:\/\/www.iesuscaritas.org\/fr\/wp-json\/wp\/v2\/tags?post=7011"}],"curies":[{"name":"wp","href":"https:\/\/api.w.org\/{rel}","templated":true}]}}