{"id":6828,"date":"2023-09-23T12:18:32","date_gmt":"2023-09-23T10:18:32","guid":{"rendered":"https:\/\/www.iesuscaritas.org\/?p=6828"},"modified":"2023-09-23T12:18:46","modified_gmt":"2023-09-23T10:18:46","slug":"asamblea-annecy-julio-2023","status":"publish","type":"post","link":"https:\/\/www.iesuscaritas.org\/fr\/asambleas\/asamblea-annecy-julio-2023\/","title":{"rendered":"Assembl\u00e9e Annecy, Juillet 2023"},"content":{"rendered":"<p><a href=\"https:\/\/www.iesuscaritas.org\/wp-content\/uploads\/2023\/09\/Asamblea-Annecy-2023.jpg\"><img loading=\"lazy\" decoding=\"async\" class=\"alignright size-medium wp-image-6829\" src=\"https:\/\/www.iesuscaritas.org\/wp-content\/uploads\/2023\/09\/Asamblea-Annecy-2023-300x169.jpg\" alt=\"\" width=\"300\" height=\"169\" srcset=\"https:\/\/www.iesuscaritas.org\/wp-content\/uploads\/2023\/09\/Asamblea-Annecy-2023-300x169.jpg 300w, https:\/\/www.iesuscaritas.org\/wp-content\/uploads\/2023\/09\/Asamblea-Annecy-2023-1024x576.jpg 1024w, https:\/\/www.iesuscaritas.org\/wp-content\/uploads\/2023\/09\/Asamblea-Annecy-2023-768x432.jpg 768w, https:\/\/www.iesuscaritas.org\/wp-content\/uploads\/2023\/09\/Asamblea-Annecy-2023-1536x864.jpg 1536w, https:\/\/www.iesuscaritas.org\/wp-content\/uploads\/2023\/09\/Asamblea-Annecy-2023.jpg 2000w\" sizes=\"auto, (max-width: 300px) 100vw, 300px\" \/><\/a>Nous sommes des pr\u00eatres de pays europ\u00e9ens ; Autriche, Malte, Pologne, Espagne, France, Allemagne, Royaume-Uni, Irlande, Belgique, Suisse, Pologne, Italie et quelques autres pays.<\/p>\n<p>Nous appartenons \u00e0 la Fraternit\u00e9 Sacerdotale J\u00e9sus Caritas vivant dans l\u2019esprit de Charles de Foucauld.<\/p>\n<p>Lors de notre Assembl\u00e9e, qui a lieu tous les trois ans, nous avons \u00e9cout\u00e9 les rapports des diff\u00e9rents pays ; les r\u00e9alit\u00e9s, les espoirs, les peines et l&rsquo;inspiration de Charles de Foucauld.<\/p>\n<hr \/>\n<p>Lire le document complet en PDF : <a href=\"https:\/\/www.iesuscaritas.org\/wp-content\/uploads\/2023\/09\/Assemblee-Annecy-2023.pdf\">Assembl\u00e9e Annecy 2023<\/a><\/p>","protected":false},"excerpt":{"rendered":"<p>Nous sommes des pr\u00eatres de pays europ\u00e9ens ; Autriche, Malte, Pologne, Espagne, France, Allemagne, Royaume-Uni, Irlande, Belgique, Suisse, Pologne, Italie et quelques autres pays. Nous appartenons \u00e0 la Fraternit\u00e9 Sacerdotale <a class=\"more-link\" href=\"https:\/\/www.iesuscaritas.org\/fr\/asambleas\/asamblea-annecy-julio-2023\/\">Continue Reading &rarr;<\/a><\/p>\n","protected":false},"author":1,"featured_media":0,"comment_status":"open","ping_status":"closed","sticky":false,"template":"","format":"standard","meta":{"footnotes":""},"categories":[7],"tags":[],"class_list":["post-6828","post","type-post","status-publish","format-standard","hentry","category-asambleas"],"_links":{"self":[{"href":"https:\/\/www.iesuscaritas.org\/fr\/wp-json\/wp\/v2\/posts\/6828","targetHints":{"allow":["GET"]}}],"collection":[{"href":"https:\/\/www.iesuscaritas.org\/fr\/wp-json\/wp\/v2\/posts"}],"about":[{"href":"https:\/\/www.iesuscaritas.org\/fr\/wp-json\/wp\/v2\/types\/post"}],"author":[{"embeddable":true,"href":"https:\/\/www.iesuscaritas.org\/fr\/wp-json\/wp\/v2\/users\/1"}],"replies":[{"embeddable":true,"href":"https:\/\/www.iesuscaritas.org\/fr\/wp-json\/wp\/v2\/comments?post=6828"}],"version-history":[{"count":1,"href":"https:\/\/www.iesuscaritas.org\/fr\/wp-json\/wp\/v2\/posts\/6828\/revisions"}],"predecessor-version":[{"id":6833,"href":"https:\/\/www.iesuscaritas.org\/fr\/wp-json\/wp\/v2\/posts\/6828\/revisions\/6833"}],"wp:attachment":[{"href":"https:\/\/www.iesuscaritas.org\/fr\/wp-json\/wp\/v2\/media?parent=6828"}],"wp:term":[{"taxonomy":"category","embeddable":true,"href":"https:\/\/www.iesuscaritas.org\/fr\/wp-json\/wp\/v2\/categories?post=6828"},{"taxonomy":"post_tag","embeddable":true,"href":"https:\/\/www.iesuscaritas.org\/fr\/wp-json\/wp\/v2\/tags?post=6828"}],"curies":[{"name":"wp","href":"https:\/\/api.w.org\/{rel}","templated":true}]}}