{"id":6795,"date":"2023-09-12T20:08:57","date_gmt":"2023-09-12T18:08:57","guid":{"rendered":"https:\/\/www.iesuscaritas.org\/?p=6795"},"modified":"2023-09-12T20:08:57","modified_gmt":"2023-09-12T18:08:57","slug":"sinopsis-de-las-meditaciones-del-retiro-de-la-fraternidad-de-espana-agosto-2023-manuel-pozo-oller","status":"publish","type":"post","link":"https:\/\/www.iesuscaritas.org\/fr\/retiros\/sinopsis-de-las-meditaciones-del-retiro-de-la-fraternidad-de-espana-agosto-2023-manuel-pozo-oller\/","title":{"rendered":"R\u00e9sum\u00e9 des meditations Retrait de la Fraternit\u00e9 de l\u00c8spagne, ao\u00fbt 2023. Manuel POZO OLLER"},"content":{"rendered":"<p><a href=\"https:\/\/www.iesuscaritas.org\/wp-content\/uploads\/2023\/09\/sinopsis-2023-08-scaled.jpg\"><img loading=\"lazy\" decoding=\"async\" class=\"alignright size-medium wp-image-6797\" src=\"https:\/\/www.iesuscaritas.org\/wp-content\/uploads\/2023\/09\/sinopsis-2023-08-212x300.jpg\" alt=\"\" width=\"212\" height=\"300\" srcset=\"https:\/\/www.iesuscaritas.org\/wp-content\/uploads\/2023\/09\/sinopsis-2023-08-212x300.jpg 212w, https:\/\/www.iesuscaritas.org\/wp-content\/uploads\/2023\/09\/sinopsis-2023-08-724x1024.jpg 724w, https:\/\/www.iesuscaritas.org\/wp-content\/uploads\/2023\/09\/sinopsis-2023-08-768x1086.jpg 768w, https:\/\/www.iesuscaritas.org\/wp-content\/uploads\/2023\/09\/sinopsis-2023-08-1086x1536.jpg 1086w, https:\/\/www.iesuscaritas.org\/wp-content\/uploads\/2023\/09\/sinopsis-2023-08-1448x2048.jpg 1448w, https:\/\/www.iesuscaritas.org\/wp-content\/uploads\/2023\/09\/sinopsis-2023-08-scaled.jpg 1810w\" sizes=\"auto, (max-width: 212px) 100vw, 212px\" \/><\/a>Les th\u00e8mes propos\u00e9s et pr\u00e9sent\u00e9s par Mgr Vilaplana, comme d&rsquo;habitude, seront publi\u00e9s en temps voulu dans le Bulletin de l&rsquo;Association C. Iesus Caritas d&rsquo;Espagne et, en temps utile \u00e9galement, seront mis \u00e0 la disposition des personnes int\u00e9ress\u00e9es sur le site Internet de l&rsquo;Association C. Iesus Caritas d&rsquo;Espagne. Association susmentionn\u00e9e qui regroupe les diff\u00e9rentes fraternit\u00e9s bas\u00e9es en Espagne.<\/p>\n<hr \/>\n<p>Lire le document complet en PDF : <a href=\"https:\/\/www.iesuscaritas.org\/wp-content\/uploads\/2023\/09\/Resume-des-meditations-Retrait-de-la-Fraternite-de-lEspagne-aout-2023.-Manuel-POZO-OLLER-fr.pdf\">R\u00e9sum\u00e9 des meditations Retrait de la Fraternit\u00e9 de l\u00c8spagne, ao\u00fbt 2023. Manuel POZO OLLER fr<\/a><\/p>","protected":false},"excerpt":{"rendered":"<p>Les th\u00e8mes propos\u00e9s et pr\u00e9sent\u00e9s par Mgr Vilaplana, comme d&rsquo;habitude, seront publi\u00e9s en temps voulu dans le Bulletin de l&rsquo;Association C. Iesus Caritas d&rsquo;Espagne et, en temps utile \u00e9galement, seront <a class=\"more-link\" href=\"https:\/\/www.iesuscaritas.org\/fr\/retiros\/sinopsis-de-las-meditaciones-del-retiro-de-la-fraternidad-de-espana-agosto-2023-manuel-pozo-oller\/\">Continue Reading &rarr;<\/a><\/p>\n","protected":false},"author":1,"featured_media":0,"comment_status":"open","ping_status":"closed","sticky":false,"template":"","format":"standard","meta":{"footnotes":""},"categories":[54],"tags":[],"class_list":["post-6795","post","type-post","status-publish","format-standard","hentry","category-retiros"],"_links":{"self":[{"href":"https:\/\/www.iesuscaritas.org\/fr\/wp-json\/wp\/v2\/posts\/6795","targetHints":{"allow":["GET"]}}],"collection":[{"href":"https:\/\/www.iesuscaritas.org\/fr\/wp-json\/wp\/v2\/posts"}],"about":[{"href":"https:\/\/www.iesuscaritas.org\/fr\/wp-json\/wp\/v2\/types\/post"}],"author":[{"embeddable":true,"href":"https:\/\/www.iesuscaritas.org\/fr\/wp-json\/wp\/v2\/users\/1"}],"replies":[{"embeddable":true,"href":"https:\/\/www.iesuscaritas.org\/fr\/wp-json\/wp\/v2\/comments?post=6795"}],"version-history":[{"count":2,"href":"https:\/\/www.iesuscaritas.org\/fr\/wp-json\/wp\/v2\/posts\/6795\/revisions"}],"predecessor-version":[{"id":6805,"href":"https:\/\/www.iesuscaritas.org\/fr\/wp-json\/wp\/v2\/posts\/6795\/revisions\/6805"}],"wp:attachment":[{"href":"https:\/\/www.iesuscaritas.org\/fr\/wp-json\/wp\/v2\/media?parent=6795"}],"wp:term":[{"taxonomy":"category","embeddable":true,"href":"https:\/\/www.iesuscaritas.org\/fr\/wp-json\/wp\/v2\/categories?post=6795"},{"taxonomy":"post_tag","embeddable":true,"href":"https:\/\/www.iesuscaritas.org\/fr\/wp-json\/wp\/v2\/tags?post=6795"}],"curies":[{"name":"wp","href":"https:\/\/api.w.org\/{rel}","templated":true}]}}