{"id":6784,"date":"2023-09-12T19:53:53","date_gmt":"2023-09-12T17:53:53","guid":{"rendered":"https:\/\/www.iesuscaritas.org\/?p=6784"},"modified":"2023-09-12T19:53:53","modified_gmt":"2023-09-12T17:53:53","slug":"cronica-retiro-fraternidad-espana-agosto-2023-manuel-pozo-oller","status":"publish","type":"post","link":"https:\/\/www.iesuscaritas.org\/fr\/retiros\/cronica-retiro-fraternidad-espana-agosto-2023-manuel-pozo-oller\/","title":{"rendered":"Chronique Retraite Fraternit\u00e9 Espagne,, ao\u00fbt 2023. Manuel POZO OLLER"},"content":{"rendered":"<p><a href=\"https:\/\/www.iesuscaritas.org\/wp-content\/uploads\/2023\/09\/spain-2023-08.jpg\"><img loading=\"lazy\" decoding=\"async\" class=\"alignright size-medium wp-image-6785\" src=\"https:\/\/www.iesuscaritas.org\/wp-content\/uploads\/2023\/09\/spain-2023-08-300x157.jpg\" alt=\"\" width=\"300\" height=\"157\" srcset=\"https:\/\/www.iesuscaritas.org\/wp-content\/uploads\/2023\/09\/spain-2023-08-300x157.jpg 300w, https:\/\/www.iesuscaritas.org\/wp-content\/uploads\/2023\/09\/spain-2023-08-1024x534.jpg 1024w, https:\/\/www.iesuscaritas.org\/wp-content\/uploads\/2023\/09\/spain-2023-08-768x401.jpg 768w, https:\/\/www.iesuscaritas.org\/wp-content\/uploads\/2023\/09\/spain-2023-08-1536x802.jpg 1536w, https:\/\/www.iesuscaritas.org\/wp-content\/uploads\/2023\/09\/spain-2023-08.jpg 1912w\" sizes=\"auto, (max-width: 300px) 100vw, 300px\" \/><\/a>La Fraternit\u00e9 Sacerdotale espagnole a c\u00e9l\u00e9br\u00e9 sa retraite annuelle du 20 au 26 ao\u00fbt dans la ville madril\u00e8ne de Galapagar, anim\u00e9e par Mgr Jos\u00e9 Vilaplana (date de naissance le 5 d\u00e9cembre 1944 ; date d&rsquo;ordination sacerdotale le 25 mai 1972 ; date de nomination \u00e9piscopale le 20 novembre). , 1984), \u00e9v\u00eaque auxiliaire de Valence et r\u00e9sident de Santander (ao\u00fbt 1991) et, plus tard, de Huelva (juillet 2006) jusqu&rsquo;\u00e0 ce que le pape Fran\u00e7ois accepte sa d\u00e9mission du gouvernement pastoral du dioc\u00e8se, le 17 juin 2020, pour cause d&rsquo;\u00e2ge. de la Conf\u00e9rence \u00c9piscopale Espagnole, il est actuellement membre de la Commission \u00c9piscopale pour la Vie Consacr\u00e9e et auparavant, il a \u00e9t\u00e9 membre de la Commission Pastorale et pr\u00e9sident de la Commission \u00c9piscopale du Clerg\u00e9.<\/p>\n<p>La retraite d&rsquo;ao\u00fbt, comme de coutume, est offerte aux membres de la Fraternit\u00e9 sacerdotale et est \u00e9galement ouverte aux pr\u00eatres int\u00e9ress\u00e9s. Vingt-huit pr\u00eatres et un la\u00efc y ont particip\u00e9 (10 de Valence-Barcelone ; trois de Malaga ; cinq du sud-est (Almer\u00eda-Ja\u00e9n) ; un de Murcie ; trois de Saragosse ; un d&rsquo;Estr\u00e9madure, Gij\u00f3n, Madrid, Teruel et des \u00eeles Canaries. ; deux de Tol\u00e8de La retraite de cette ann\u00e9e a eu la particularit\u00e9 d&rsquo;avoir un la\u00efc dans une p\u00e9riode de discernement personnel et vocationnel.<\/p>\n<hr \/>\n<p>Lire le document complet en PDF : <a href=\"https:\/\/www.iesuscaritas.org\/wp-content\/uploads\/2023\/09\/Chronique-Retraite-Fraternite-Espagne-aout-2023.-Manuel-POZO-OLLER-fr.pdf\">Chronique Retraite Fraternit\u00e9 Espagne,, ao\u00fbt 2023. Manuel POZO OLLER fr<\/a><\/p>","protected":false},"excerpt":{"rendered":"<p>La Fraternit\u00e9 Sacerdotale espagnole a c\u00e9l\u00e9br\u00e9 sa retraite annuelle du 20 au 26 ao\u00fbt dans la ville madril\u00e8ne de Galapagar, anim\u00e9e par Mgr Jos\u00e9 Vilaplana (date de naissance le 5 <a class=\"more-link\" href=\"https:\/\/www.iesuscaritas.org\/fr\/retiros\/cronica-retiro-fraternidad-espana-agosto-2023-manuel-pozo-oller\/\">Continue Reading &rarr;<\/a><\/p>\n","protected":false},"author":1,"featured_media":0,"comment_status":"open","ping_status":"closed","sticky":false,"template":"","format":"standard","meta":{"footnotes":""},"categories":[54],"tags":[],"class_list":["post-6784","post","type-post","status-publish","format-standard","hentry","category-retiros"],"_links":{"self":[{"href":"https:\/\/www.iesuscaritas.org\/fr\/wp-json\/wp\/v2\/posts\/6784","targetHints":{"allow":["GET"]}}],"collection":[{"href":"https:\/\/www.iesuscaritas.org\/fr\/wp-json\/wp\/v2\/posts"}],"about":[{"href":"https:\/\/www.iesuscaritas.org\/fr\/wp-json\/wp\/v2\/types\/post"}],"author":[{"embeddable":true,"href":"https:\/\/www.iesuscaritas.org\/fr\/wp-json\/wp\/v2\/users\/1"}],"replies":[{"embeddable":true,"href":"https:\/\/www.iesuscaritas.org\/fr\/wp-json\/wp\/v2\/comments?post=6784"}],"version-history":[{"count":2,"href":"https:\/\/www.iesuscaritas.org\/fr\/wp-json\/wp\/v2\/posts\/6784\/revisions"}],"predecessor-version":[{"id":6794,"href":"https:\/\/www.iesuscaritas.org\/fr\/wp-json\/wp\/v2\/posts\/6784\/revisions\/6794"}],"wp:attachment":[{"href":"https:\/\/www.iesuscaritas.org\/fr\/wp-json\/wp\/v2\/media?parent=6784"}],"wp:term":[{"taxonomy":"category","embeddable":true,"href":"https:\/\/www.iesuscaritas.org\/fr\/wp-json\/wp\/v2\/categories?post=6784"},{"taxonomy":"post_tag","embeddable":true,"href":"https:\/\/www.iesuscaritas.org\/fr\/wp-json\/wp\/v2\/tags?post=6784"}],"curies":[{"name":"wp","href":"https:\/\/api.w.org\/{rel}","templated":true}]}}