{"id":6485,"date":"2023-02-24T17:37:33","date_gmt":"2023-02-24T16:37:33","guid":{"rendered":"https:\/\/www.iesuscaritas.org\/?p=6485"},"modified":"2023-03-05T10:00:04","modified_gmt":"2023-03-05T09:00:04","slug":"cronica-de-la-semana-de-nazaret-para-jovenes-chile-febrero-2023","status":"publish","type":"post","link":"https:\/\/www.iesuscaritas.org\/fr\/mes-de-nazaret\/cronica-de-la-semana-de-nazaret-para-jovenes-chile-febrero-2023\/","title":{"rendered":"Semaine de Nazareth. F\u00e9vrier 2023"},"content":{"rendered":"<p><a href=\"https:\/\/www.iesuscaritas.org\/wp-content\/uploads\/2023\/02\/Cronica-Semana-de-Nazaret-para-Jovenes-Chile-febrero-203.jpg\"><img loading=\"lazy\" decoding=\"async\" class=\"alignleft size-medium wp-image-6487\" src=\"https:\/\/www.iesuscaritas.org\/wp-content\/uploads\/2023\/02\/Cronica-Semana-de-Nazaret-para-Jovenes-Chile-febrero-203-300x164.jpg\" alt=\"\" width=\"300\" height=\"164\" srcset=\"https:\/\/www.iesuscaritas.org\/wp-content\/uploads\/2023\/02\/Cronica-Semana-de-Nazaret-para-Jovenes-Chile-febrero-203-300x164.jpg 300w, https:\/\/www.iesuscaritas.org\/wp-content\/uploads\/2023\/02\/Cronica-Semana-de-Nazaret-para-Jovenes-Chile-febrero-203-1024x560.jpg 1024w, https:\/\/www.iesuscaritas.org\/wp-content\/uploads\/2023\/02\/Cronica-Semana-de-Nazaret-para-Jovenes-Chile-febrero-203-768x420.jpg 768w, https:\/\/www.iesuscaritas.org\/wp-content\/uploads\/2023\/02\/Cronica-Semana-de-Nazaret-para-Jovenes-Chile-febrero-203.jpg 1503w\" sizes=\"auto, (max-width: 300px) 100vw, 300px\" \/><\/a>Le vendredi et le samedi, nous avons commenc\u00e9 \u00e0 arriver comme \u00e9quipe organisatrice : Donata, Fernando, Jaime et Paolo et les jeunes participants : Ricardo, Patricio, Sebasti\u00e1n, Bryan, Arantza, Francisco, Isol, Javier et Crist\u00f3bal (ces deux derniers s\u00e9minaristes). Plusieurs d&rsquo;entre eux ne connaissaient pas le nord du Chili. Le d\u00e9sert d&rsquo;Atacama les a impressionn\u00e9s.<br \/>\nLe samedi apr\u00e8s-midi, nous \u00e9tions tous r\u00e9unis et nous avons commenc\u00e9 notre semaine par une pr\u00e9sentation originale de chacun d&rsquo;entre nous. Avant la rencontre, Paolo a demand\u00e9 \u00e0 chacun d&rsquo;entre nous d&rsquo;enregistrer une courte vid\u00e9o de pr\u00e9sentation. A la fin de la projection vid\u00e9o, quelques questions ont \u00e9t\u00e9 pos\u00e9es pour compl\u00e9ter la pr\u00e9sentation. C&rsquo;\u00e9tait le d\u00e9but du tissage de notre fraternit\u00e9.<\/p>\n<p>Paolo a fait une tr\u00e8s bonne pr\u00e9sentation sur le th\u00e8me de la fraternit\u00e9, en utilisant les nouvelles technologies. Enfin, deux fraternit\u00e9s ont \u00e9t\u00e9 form\u00e9es pour la r\u00e9flexion quotidienne et les services domestiques (nettoyer, mettre la table, faire la vaisselle, etc.). Les noms choisis par les jeunes sont significatifs : \u00ab\u00a0Marcheurs du soleil\u00a0\u00bb et \u00ab\u00a0Petits fr\u00e8res de Nazareth\u00a0\u00bb.<\/p>\n<p>Nous avons termin\u00e9 la journ\u00e9e par une belle pri\u00e8re du soir.<\/p>\n<p>Lire le document complet en PDF : <a href=\"https:\/\/www.iesuscaritas.org\/wp-content\/uploads\/2023\/02\/Semaine-de-Nazareth.-Chili.-Fevrier-2023.pdf\">Semaine de Nazareth. Chili. F\u00e9vrier 2023<\/a><\/p>","protected":false},"excerpt":{"rendered":"<p>Le vendredi et le samedi, nous avons commenc\u00e9 \u00e0 arriver comme \u00e9quipe organisatrice : Donata, Fernando, Jaime et Paolo et les jeunes participants : Ricardo, Patricio, Sebasti\u00e1n, Bryan, Arantza, Francisco, <a class=\"more-link\" href=\"https:\/\/www.iesuscaritas.org\/fr\/mes-de-nazaret\/cronica-de-la-semana-de-nazaret-para-jovenes-chile-febrero-2023\/\">Continue Reading &rarr;<\/a><\/p>\n","protected":false},"author":1,"featured_media":0,"comment_status":"open","ping_status":"closed","sticky":false,"template":"","format":"standard","meta":{"footnotes":""},"categories":[44],"tags":[],"class_list":["post-6485","post","type-post","status-publish","format-standard","hentry","category-mes-de-nazaret"],"_links":{"self":[{"href":"https:\/\/www.iesuscaritas.org\/fr\/wp-json\/wp\/v2\/posts\/6485","targetHints":{"allow":["GET"]}}],"collection":[{"href":"https:\/\/www.iesuscaritas.org\/fr\/wp-json\/wp\/v2\/posts"}],"about":[{"href":"https:\/\/www.iesuscaritas.org\/fr\/wp-json\/wp\/v2\/types\/post"}],"author":[{"embeddable":true,"href":"https:\/\/www.iesuscaritas.org\/fr\/wp-json\/wp\/v2\/users\/1"}],"replies":[{"embeddable":true,"href":"https:\/\/www.iesuscaritas.org\/fr\/wp-json\/wp\/v2\/comments?post=6485"}],"version-history":[{"count":3,"href":"https:\/\/www.iesuscaritas.org\/fr\/wp-json\/wp\/v2\/posts\/6485\/revisions"}],"predecessor-version":[{"id":6496,"href":"https:\/\/www.iesuscaritas.org\/fr\/wp-json\/wp\/v2\/posts\/6485\/revisions\/6496"}],"wp:attachment":[{"href":"https:\/\/www.iesuscaritas.org\/fr\/wp-json\/wp\/v2\/media?parent=6485"}],"wp:term":[{"taxonomy":"category","embeddable":true,"href":"https:\/\/www.iesuscaritas.org\/fr\/wp-json\/wp\/v2\/categories?post=6485"},{"taxonomy":"post_tag","embeddable":true,"href":"https:\/\/www.iesuscaritas.org\/fr\/wp-json\/wp\/v2\/tags?post=6485"}],"curies":[{"name":"wp","href":"https:\/\/api.w.org\/{rel}","templated":true}]}}