{"id":5592,"date":"2021-10-03T18:30:57","date_gmt":"2021-10-03T16:30:57","guid":{"rendered":"https:\/\/www.iesuscaritas.org\/?p=5592"},"modified":"2021-11-04T21:02:05","modified_gmt":"2021-11-04T20:02:05","slug":"francais-quelques-traits-de-la-figure-de-baba-simon-jacques-rideau","status":"publish","type":"post","link":"https:\/\/www.iesuscaritas.org\/fr\/news\/francais-quelques-traits-de-la-figure-de-baba-simon-jacques-rideau\/","title":{"rendered":"Quelques traits de la figure de Baba Simon. Jacques RIDEAU"},"content":{"rendered":"<p><a href=\"https:\/\/www.iesuscaritas.org\/wp-content\/uploads\/2021\/09\/baba-simon.jpg\"><img loading=\"lazy\" decoding=\"async\" class=\"alignleft size-medium wp-image-5594\" src=\"https:\/\/www.iesuscaritas.org\/wp-content\/uploads\/2021\/09\/baba-simon-189x300.jpg\" alt=\"\" width=\"189\" height=\"300\" srcset=\"https:\/\/www.iesuscaritas.org\/wp-content\/uploads\/2021\/09\/baba-simon-189x300.jpg 189w, https:\/\/www.iesuscaritas.org\/wp-content\/uploads\/2021\/09\/baba-simon.jpg 420w\" sizes=\"auto, (max-width: 189px) 100vw, 189px\" \/><\/a>Lorsque nous nous sommes rencontr\u00e9s \u00e0 Paris, aux archives de Jesus-Caritas, Georges de Broglie m\u2019a fait observer que, si le nom de Baba Simon est connu dans la fraternit\u00e9 sacerdotale, au-del\u00e0 du nom sa figure reste plus floue. Ce sont quelques traits marquants de cette figure que je voudrais pr\u00e9senter ici.<\/p>\n<p>Lisez le document complet en PDF : <a href=\"https:\/\/www.iesuscaritas.org\/wp-content\/uploads\/2021\/09\/Quelques-traits-de-la-figure-de-Baba-Simon.-Jacques-RIDEAU.pdf\">Quelques traits de la figure de Baba Simon. Jacques RIDEAU<\/a><\/p>","protected":false},"excerpt":{"rendered":"<p>Lorsque nous nous sommes rencontr\u00e9s \u00e0 Paris, aux archives de Jesus-Caritas, Georges de Broglie m\u2019a fait observer que, si le nom de Baba Simon est connu dans la fraternit\u00e9 sacerdotale, <a class=\"more-link\" href=\"https:\/\/www.iesuscaritas.org\/fr\/news\/francais-quelques-traits-de-la-figure-de-baba-simon-jacques-rideau\/\">Continue Reading &rarr;<\/a><\/p>\n","protected":false},"author":1,"featured_media":0,"comment_status":"open","ping_status":"closed","sticky":false,"template":"","format":"standard","meta":{"footnotes":""},"categories":[1],"tags":[],"class_list":["post-5592","post","type-post","status-publish","format-standard","hentry","category-news"],"_links":{"self":[{"href":"https:\/\/www.iesuscaritas.org\/fr\/wp-json\/wp\/v2\/posts\/5592","targetHints":{"allow":["GET"]}}],"collection":[{"href":"https:\/\/www.iesuscaritas.org\/fr\/wp-json\/wp\/v2\/posts"}],"about":[{"href":"https:\/\/www.iesuscaritas.org\/fr\/wp-json\/wp\/v2\/types\/post"}],"author":[{"embeddable":true,"href":"https:\/\/www.iesuscaritas.org\/fr\/wp-json\/wp\/v2\/users\/1"}],"replies":[{"embeddable":true,"href":"https:\/\/www.iesuscaritas.org\/fr\/wp-json\/wp\/v2\/comments?post=5592"}],"version-history":[{"count":1,"href":"https:\/\/www.iesuscaritas.org\/fr\/wp-json\/wp\/v2\/posts\/5592\/revisions"}],"predecessor-version":[{"id":5595,"href":"https:\/\/www.iesuscaritas.org\/fr\/wp-json\/wp\/v2\/posts\/5592\/revisions\/5595"}],"wp:attachment":[{"href":"https:\/\/www.iesuscaritas.org\/fr\/wp-json\/wp\/v2\/media?parent=5592"}],"wp:term":[{"taxonomy":"category","embeddable":true,"href":"https:\/\/www.iesuscaritas.org\/fr\/wp-json\/wp\/v2\/categories?post=5592"},{"taxonomy":"post_tag","embeddable":true,"href":"https:\/\/www.iesuscaritas.org\/fr\/wp-json\/wp\/v2\/tags?post=5592"}],"curies":[{"name":"wp","href":"https:\/\/api.w.org\/{rel}","templated":true}]}}