{"id":536,"date":"2014-09-15T17:30:09","date_gmt":"2014-09-15T16:30:09","guid":{"rendered":"http:\/\/www.iesuscaritas.org\/?p=536"},"modified":"2014-10-05T19:05:15","modified_gmt":"2014-10-05T18:05:15","slug":"equipo-internacional-setiembre-2014","status":"publish","type":"post","link":"https:\/\/www.iesuscaritas.org\/fr\/news\/equipo-internacional-setiembre-2014\/","title":{"rendered":"\u00c9QUIPE INTERNATIONALE, SEPTEMBRE 2014"},"content":{"rendered":"<p><\/p>\n<p style=\"text-align: center;\">Chers fr\u00e8res,<br \/>\n<em>Manahona<\/em>! Comment \u00e7a va! <em>Salema<\/em>! Bonjoir!<\/p>\n<p style=\"text-align: justify;\"><a href=\"http:\/\/www.iesuscaritas.org\/wp-content\/uploads\/2014\/09\/madagascar1.jpg\"><img loading=\"lazy\" decoding=\"async\" class=\"alignright wp-image-538\" src=\"http:\/\/www.iesuscaritas.org\/wp-content\/uploads\/2014\/09\/madagascar1-300x200.jpg\" alt=\"madagascar1\" width=\"185\" height=\"126\" \/><\/a>Nous voulons partager notre joie de former une fraternit\u00e9 tout en \u00e9tant des personnes tr\u00e8s diff\u00e9rentes accueillies par F\u00e9lix \u00e0 Madagascar et nous d\u00e9sirons pr\u00e9senter notre exp\u00e9rience de travail \u00e0 Antananarivo et Mahajanga. En commen\u00e7ant par ce que nous avons v\u00e9cu avec les petites s\u0153urs de l&rsquo;\u00c9vangile dans un quartier p\u00e9riph\u00e9rique de la capitale, puis dans la rencontre avec la fraternit\u00e9 sacerdotale malgache \u00e0 Amborovy, et en partageant avec eux la cl\u00f4ture de la rencontre nationale des familles Charles de FOUCAULD.<\/p>\n<p style=\"text-align: justify;\"><a href=\"http:\/\/www.iesuscaritas.org\/wp-content\/uploads\/2014\/09\/madagascar2.jpg\"><img loading=\"lazy\" decoding=\"async\" class=\"alignleft wp-image-539\" src=\"http:\/\/www.iesuscaritas.org\/wp-content\/uploads\/2014\/09\/madagascar2-257x300.jpg\" alt=\"madagascar2\" width=\"121\" height=\"140\" srcset=\"https:\/\/www.iesuscaritas.org\/wp-content\/uploads\/2014\/09\/madagascar2-257x300.jpg 257w, https:\/\/www.iesuscaritas.org\/wp-content\/uploads\/2014\/09\/madagascar2.jpg 336w\" sizes=\"auto, (max-width: 121px) 100vw, 121px\" \/><\/a>L&rsquo;adoration, la c\u00e9l\u00e9bration et l&rsquo;ouverture du c\u0153ur a permis aux autres de lire en nous, comme nous en eux. Et finalement tout cela a rendu possible que nous nous sentions comme une fraternit\u00e9 au Carmel de Amborovy, o\u00f9 les s\u0153urs carm\u00e9litaines nous ont accueillis comme en famille. Gr\u00e2ce \u00e0 F\u00e9lix nous avons pu vivre ces jours comme \u00e0 \u00ab\u00a0Nazareth\u00a0\u00bb, tr\u00e8s proches des gens qui chaque jour nous ont fait cadeau de leur salutation et de leur sourire.<\/p>\n<p style=\"text-align: justify;\"><a href=\"http:\/\/www.iesuscaritas.org\/wp-content\/uploads\/2014\/09\/madagascar3.jpg\"><img loading=\"lazy\" decoding=\"async\" class=\"alignright wp-image-540\" src=\"http:\/\/www.iesuscaritas.org\/wp-content\/uploads\/2014\/09\/madagascar3-300x168.jpg\" alt=\"madagascar3\" width=\"150\" height=\"88\" \/><\/a>Le message du pape Fran\u00e7ois a \u00e9t\u00e9 pr\u00e9sent dans notre rencontre et nous a aid\u00e9 \u00e0 mettre en valeur la Parole de Dieu comme animatrice de notre fraternit\u00e9, prenant en compte pour 2015 le 50\u00e8me anniversaire de la constitution <em>Dei Verbum<\/em>.<\/p>\n<p style=\"text-align: justify;\">Nous avons fait une r\u00e9vision de la vie des fraternit\u00e9s sur les 5 continents (la fraternit\u00e9 <a href=\"http:\/\/www.iesuscaritas.org\/wp-content\/uploads\/2014\/09\/madagascar4.jpg\"><img loading=\"lazy\" decoding=\"async\" class=\"alignleft wp-image-541 size-medium\" src=\"http:\/\/www.iesuscaritas.org\/wp-content\/uploads\/2014\/09\/madagascar4-300x174.jpg\" alt=\"madagascar4\" width=\"300\" height=\"174\" srcset=\"https:\/\/www.iesuscaritas.org\/wp-content\/uploads\/2014\/09\/madagascar4-300x174.jpg 300w, https:\/\/www.iesuscaritas.org\/wp-content\/uploads\/2014\/09\/madagascar4.jpg 448w\" sizes=\"auto, (max-width: 300px) 100vw, 300px\" \/><\/a>sacerdotale existe dan 43 pays) o\u00f9 le charisme et le message de fraternit\u00e9 universelle du Fr\u00e8re Charles est accueilli comme un \u00e9vangile que nous pouvons respirer. Nous soulignons la requ\u00eate des fraternit\u00e9s d&rsquo;Asie pour une coordination et une communication chaque fois meilleure\u00a0:<\/p>\n<p style=\"text-align: justify;\">&#8211; le Mois de Nazareth en France, au Br\u00e9sil, au Chili, au Cameroun et en Irlande, durant cette ann\u00e9e, est une bonne nouvelle constante que l&rsquo;on ne peut pas mettre dans un classeur.<\/p>\n<p style=\"text-align: justify;\"><a href=\"http:\/\/www.iesuscaritas.org\/wp-content\/uploads\/2014\/09\/madagascar6.jpg\"><img loading=\"lazy\" decoding=\"async\" class=\"alignright wp-image-543 size-medium\" src=\"http:\/\/www.iesuscaritas.org\/wp-content\/uploads\/2014\/09\/madagascar6-300x233.jpg\" alt=\"madagascar6\" width=\"300\" height=\"233\" srcset=\"https:\/\/www.iesuscaritas.org\/wp-content\/uploads\/2014\/09\/madagascar6-300x233.jpg 300w, https:\/\/www.iesuscaritas.org\/wp-content\/uploads\/2014\/09\/madagascar6.jpg 431w\" sizes=\"auto, (max-width: 300px) 100vw, 300px\" \/><\/a>L&rsquo;appel au dialogue avec l&rsquo;islam en Europe, Afrique et Asie\u00a0: un seul P\u00e8re qui veut l&rsquo;entente entre tous ses enfants et qui ne veut pas \u00eatre cause de s\u00e9paration ni de conflits\u00a0; nous esp\u00e9rons que la prochaine rencontre de juillet 2015 \u00e0 Viviers (France) coordonn\u00e9e par Jean-Fran\u00e7ois pour les pr\u00eatres en relation avec les musulmans, sera de grande aide pour unir et non disperser ou s\u00e9parer.<\/p>\n<p style=\"text-align: justify;\"><a href=\"http:\/\/www.iesuscaritas.org\/wp-content\/uploads\/2014\/09\/madagascar5.jpg\"><img loading=\"lazy\" decoding=\"async\" class=\"aligncenter wp-image-542 size-full\" src=\"http:\/\/www.iesuscaritas.org\/wp-content\/uploads\/2014\/09\/madagascar5.jpg\" alt=\"madagascar5\" width=\"448\" height=\"179\" srcset=\"https:\/\/www.iesuscaritas.org\/wp-content\/uploads\/2014\/09\/madagascar5.jpg 448w, https:\/\/www.iesuscaritas.org\/wp-content\/uploads\/2014\/09\/madagascar5-300x119.jpg 300w\" sizes=\"auto, (max-width: 448px) 100vw, 448px\" \/><\/a>Nous remarquons les probl\u00e8mes de communication qui se posent, que ce soit \u00e0 cause de grandes distances entre certains pays, ou \u00e0 cause de la surcharge de travail des fr\u00e8res. <a href=\"http:\/\/www.iesuscaritas.org\/wp-content\/uploads\/2014\/09\/madagascar7.jpg\"><img loading=\"lazy\" decoding=\"async\" class=\"alignright wp-image-544 size-medium\" src=\"http:\/\/www.iesuscaritas.org\/wp-content\/uploads\/2014\/09\/madagascar7-300x193.jpg\" alt=\"madagascar7\" width=\"300\" height=\"193\" srcset=\"https:\/\/www.iesuscaritas.org\/wp-content\/uploads\/2014\/09\/madagascar7-300x193.jpg 300w, https:\/\/www.iesuscaritas.org\/wp-content\/uploads\/2014\/09\/madagascar7.jpg 448w\" sizes=\"auto, (max-width: 300px) 100vw, 300px\" \/><\/a>Nous voulons que notre site \u00e0 l&rsquo;Internet, \u00ab\u00a0iesuscaritas.org\u00a0\u00bb soit le point de rencontre de tous pour communiquer pratiquement et rapidement et nous d\u00e9sirons que tout document \u00e0 propos du Fr\u00e8re Charles soit partag\u00e9 entre nous\u00a0; nous nous r\u00e9jouissons pour tout le v\u00e9cu des assembl\u00e9es \u00e0 Colorado Springs aux \u00c9tats Unis, Kribi au Cameroun et V\u00e9rone en Italie. Nous accueillons les bonnes impressions et la joie des fr\u00e8res dans ces rencontres.<\/p>\n<p style=\"text-align: justify;\">La reconnaissance de notre fraternit\u00e9 sacerdotale selon le droit pontifical se rapproche et nous esp\u00e9rons de bons r\u00e9sultats de notre rencontre avec la Congr\u00e9gation du Clerg\u00e9 gr\u00e2ce \u00e0 des pr\u00eatres proches de la fraternit\u00e9.<\/p>\n<p style=\"text-align: justify;\"><a href=\"http:\/\/www.iesuscaritas.org\/wp-content\/uploads\/2014\/09\/madagascar8.jpg\"><img loading=\"lazy\" decoding=\"async\" class=\"alignright wp-image-545 size-medium\" src=\"http:\/\/www.iesuscaritas.org\/wp-content\/uploads\/2014\/09\/madagascar8-300x153.jpg\" alt=\"madagascar8\" width=\"300\" height=\"153\" srcset=\"https:\/\/www.iesuscaritas.org\/wp-content\/uploads\/2014\/09\/madagascar8-300x153.jpg 300w, https:\/\/www.iesuscaritas.org\/wp-content\/uploads\/2014\/09\/madagascar8.jpg 448w\" sizes=\"auto, (max-width: 300px) 100vw, 300px\" \/><\/a>Pour le centenaire de la P\u00e2que du fr\u00e8re Charles, nous ne proposons pas un crit\u00e8re g\u00e9n\u00e9ral de c\u00e9l\u00e9bration car nous savons qu&rsquo;en chaque continent, pays, dioc\u00e8se, paroisse ou fraternit\u00e9 locale on est en train d&rsquo;organiser l&rsquo;\u00e9v\u00e9nement comme en famille. Tout doit \u00eatre une f\u00eate dans le style de Nazareth, en partageant avec les plus humbles, loin d&rsquo;expressions de triomphe ou de grandeur.<\/p>\n<p style=\"text-align: justify;\">Nous avons fait un bilan de nos finances\u00a0: l&rsquo;\u00e9quilibre de la caisse internationale reste fragile. Nous rappelons aux diff\u00e9rents pays que la fraternit\u00e9 c&rsquo;est aussi partager nos biens pour aider sp\u00e9cialement au d\u00e9veloppement du Mois de Nazareth et des assembl\u00e9es en Asie, Afrique et Am\u00e9rique. De m\u00eame pour que que la pr\u00e9sence de l&rsquo;\u00e9quipe internationale soit assur\u00e9e par la participation d\u2019un de ses membres, ou encore pour r\u00e9aliser notre rencontre annuelle, nous avons besoin de votre soutien. Merci de votre g\u00e9n\u00e9rosit\u00e9, nous appr\u00e9cions beaucoup cet effort de partage.<\/p>\n<p style=\"text-align: justify;\">Il y a trois appels important que nous percevons dans nos vies \u00e0 travers le sp\u00e9cifique de notre fraternit\u00e9 sacerdotale: le jour de d\u00e9sert comme temps d&rsquo;\u00e9coute, d\u00e9pouill\u00e9s de tout, comme une de nos priorit\u00e9s mensuelles.<\/p>\n<p style=\"text-align: justify;\"><a href=\"http:\/\/www.iesuscaritas.org\/wp-content\/uploads\/2014\/09\/madagascar9.jpg\"><img loading=\"lazy\" decoding=\"async\" class=\"alignleft wp-image-546 size-medium\" src=\"http:\/\/www.iesuscaritas.org\/wp-content\/uploads\/2014\/09\/madagascar9-300x168.jpg\" alt=\"madagascar9\" width=\"300\" height=\"168\" srcset=\"https:\/\/www.iesuscaritas.org\/wp-content\/uploads\/2014\/09\/madagascar9-300x168.jpg 300w, https:\/\/www.iesuscaritas.org\/wp-content\/uploads\/2014\/09\/madagascar9.jpg 448w\" sizes=\"auto, (max-width: 300px) 100vw, 300px\" \/><\/a>Ensuite la r\u00e9vision de vie comme moment contemplatif de la vie des fr\u00e8res, de leurs sentiments, projets, probl\u00e8mes, de sa vie spirituelle, comme eux aussi nous regardent et nous aident;<\/p>\n<p style=\"text-align: justify;\">et aussi l&rsquo;engagement de chaque fraternit\u00e9 pour progresser dans l&rsquo;appui mutuel comme une famille est capable de s&rsquo;entraider dans le quotidien. Nous ne pouvons pas nous comporter comme un groupe qui vivrait une spiritualit\u00e9 d\u00e9sincarn\u00e9e. Nous sommes toujours appel\u00e9s \u00e0 partager un projet, un travail d\u2019\u00e9quipe, un engagement actif face aux probl\u00e8mes humains et sociaux.<\/p>\n<p>Nous croyons que cela fait partie du r\u00eave de Fr\u00e8re Charles en lien avec J\u00e9sus crucifi\u00e9 et ressuscit\u00e9, pr\u00e9sent en chaque homme ou femme. Nous croyons qu\u2019en chacune de nos vies, J\u00e9sus nous contemple et nous aime comme nous le contemplons et l&rsquo;aimons dans l&rsquo;adoration quotidienne de l&rsquo;Eucharistie.<\/p>\n<p>Nous fixons notre prochaine r\u00e9union en Espagne dans la maison d\u2019Aurelio, du 20 au 29 octobre 2015. Nous commen\u00e7ons d\u00e9j\u00e0 \u00e0 pr\u00e9parer notre c\u0153ur et notre sac \u00e0 dos.<\/p>\n<p style=\"text-align: justify;\"><a href=\"http:\/\/www.iesuscaritas.org\/wp-content\/uploads\/2014\/09\/madagascar10.jpg\"><img loading=\"lazy\" decoding=\"async\" class=\"alignright wp-image-547 size-medium\" src=\"http:\/\/www.iesuscaritas.org\/wp-content\/uploads\/2014\/09\/madagascar10-300x212.jpg\" alt=\"madagascar10\" width=\"300\" height=\"212\" srcset=\"https:\/\/www.iesuscaritas.org\/wp-content\/uploads\/2014\/09\/madagascar10-300x212.jpg 300w, https:\/\/www.iesuscaritas.org\/wp-content\/uploads\/2014\/09\/madagascar10.jpg 448w\" sizes=\"auto, (max-width: 300px) 100vw, 300px\" \/><\/a>Une grande accolade de toute l&rsquo;\u00e9quipe qui compte sur votre appui dans la pri\u00e8re.<\/p>\n<p>Jean Fran\u00e7ois,Emmanuel ,F\u00e9lix, Marc, Mauricio et Aurelio<\/p>\n<p>Amborovy, Madagascar, le 11 septembre 2014, le jour de notre retour.<\/p>\n<p>PDF: <a href=\"http:\/\/www.iesuscaritas.org\/wp-content\/uploads\/2014\/09\/LETTRE-DAMBOROVY-\u00e9quipe-internationale-2014-fran\u00e7ais.pdf\">LETTRE D&rsquo;AMBOROVY, \u00e9quipe internationale, 2014, fran\u00e7ais<\/a><\/p>","protected":false},"excerpt":{"rendered":"<p>Chers fr\u00e8res, Manahona! Comment \u00e7a va! Salema! Bonjoir! Nous voulons partager notre joie de former une fraternit\u00e9 tout en \u00e9tant des personnes tr\u00e8s diff\u00e9rentes accueillies par F\u00e9lix \u00e0 Madagascar et <a class=\"more-link\" href=\"https:\/\/www.iesuscaritas.org\/fr\/news\/equipo-internacional-setiembre-2014\/\">Continue Reading &rarr;<\/a><\/p>\n","protected":false},"author":1,"featured_media":0,"comment_status":"open","ping_status":"open","sticky":false,"template":"","format":"standard","meta":{"footnotes":""},"categories":[43,1],"tags":[11,65],"class_list":["post-536","post","type-post","status-publish","format-standard","hentry","category-internationalteam","category-news","tag-11","tag-madagascar"],"_links":{"self":[{"href":"https:\/\/www.iesuscaritas.org\/fr\/wp-json\/wp\/v2\/posts\/536","targetHints":{"allow":["GET"]}}],"collection":[{"href":"https:\/\/www.iesuscaritas.org\/fr\/wp-json\/wp\/v2\/posts"}],"about":[{"href":"https:\/\/www.iesuscaritas.org\/fr\/wp-json\/wp\/v2\/types\/post"}],"author":[{"embeddable":true,"href":"https:\/\/www.iesuscaritas.org\/fr\/wp-json\/wp\/v2\/users\/1"}],"replies":[{"embeddable":true,"href":"https:\/\/www.iesuscaritas.org\/fr\/wp-json\/wp\/v2\/comments?post=536"}],"version-history":[{"count":15,"href":"https:\/\/www.iesuscaritas.org\/fr\/wp-json\/wp\/v2\/posts\/536\/revisions"}],"predecessor-version":[{"id":591,"href":"https:\/\/www.iesuscaritas.org\/fr\/wp-json\/wp\/v2\/posts\/536\/revisions\/591"}],"wp:attachment":[{"href":"https:\/\/www.iesuscaritas.org\/fr\/wp-json\/wp\/v2\/media?parent=536"}],"wp:term":[{"taxonomy":"category","embeddable":true,"href":"https:\/\/www.iesuscaritas.org\/fr\/wp-json\/wp\/v2\/categories?post=536"},{"taxonomy":"post_tag","embeddable":true,"href":"https:\/\/www.iesuscaritas.org\/fr\/wp-json\/wp\/v2\/tags?post=536"}],"curies":[{"name":"wp","href":"https:\/\/api.w.org\/{rel}","templated":true}]}}