{"id":5050,"date":"2021-01-23T12:10:36","date_gmt":"2021-01-23T11:10:36","guid":{"rendered":"https:\/\/www.iesuscaritas.org\/?p=5050"},"modified":"2021-02-20T09:49:55","modified_gmt":"2021-02-20T08:49:55","slug":"texto-5-el-dialogo-en-el-itinerario-espiritual-del-hermano-carlos-jean-francois-berjonneau","status":"publish","type":"post","link":"https:\/\/www.iesuscaritas.org\/fr\/documentos\/texto-5-el-dialogo-en-el-itinerario-espiritual-del-hermano-carlos-jean-francois-berjonneau\/","title":{"rendered":"Texte 5. Le dialogue dans l&rsquo;itin\u00e9raire spirituel du fr\u00e8re Charles. Jean-Fran\u00e7ois BERJONNEAU"},"content":{"rendered":"<p><\/p>\n<p style=\"text-align: right;\"><a href=\"https:\/\/www.iesuscaritas.org\/wp-content\/uploads\/2021\/01\/jean-francois-berjonneau.jpg\"><img loading=\"lazy\" decoding=\"async\" class=\"alignright size-medium wp-image-5052\" src=\"https:\/\/www.iesuscaritas.org\/wp-content\/uploads\/2021\/01\/jean-francois-berjonneau-300x224.jpg\" alt=\"\" width=\"300\" height=\"224\" srcset=\"https:\/\/www.iesuscaritas.org\/wp-content\/uploads\/2021\/01\/jean-francois-berjonneau-300x224.jpg 300w, https:\/\/www.iesuscaritas.org\/wp-content\/uploads\/2021\/01\/jean-francois-berjonneau.jpg 413w\" sizes=\"auto, (max-width: 300px) 100vw, 300px\" \/><\/a>Jean-Fran\u00e7ois BERJONNEAU, France<\/p>\n<p style=\"text-align: justify;\">Le Fr\u00e8re Charles a v\u00e9cu soixante ans avant le Concile Vatican II.<\/p>\n<p style=\"text-align: justify;\">La notion de dialogue interreligieux telle que nous l\u2019entendons aujourd\u2019hui dans l\u2019\u00c9glise lui \u00e9tait totalement \u00e9trang\u00e8re. Tout en ayant \u00e9t\u00e9, je le crois, un pr\u00e9curseur des ouvertures du Concile sur la dimension universelle de la mission de l\u2019\u00c9glise, la d\u00e9marche d\u2019un dialogue entre croyants chr\u00e9tiens et musulmans en tant que tels n\u2019entraient pas dans ses cat\u00e9gories. Il a v\u00e9cu avec la th\u00e9ologie de son temps dans la hantise de rejoindre les musulmans pour sauver \u00ab\u00a0ces \u00e2mes ignorantes\u00a0\u00bb en leur faisant conna\u00eetre le Christ.<\/p>\n<p style=\"text-align: justify;\">De plus, il a accompli son minist\u00e8re dans un contexte socio politique pr\u00e9cis. La France, en son temps, \u00e9tendait son empire colonial sur une partie de l\u2019Afrique. Beaucoup pensaient \u00e0 cette \u00e9poque qu\u2019elle faisait \u0153uvre civilisatrice et qu\u2019elle pouvait apporter l\u2019instruction n\u00e9cessaire pour lib\u00e9rer les peuples colonis\u00e9s de la mis\u00e8re et de l\u2019ignorance. Le Fr\u00e8re Charles a adh\u00e9r\u00e9 \u00e0 cette vis\u00e9e. Il n\u2019a donc pas vu dans l\u2019islam de son \u00e9poque une religion ayant sa consistance propre, son histoire, ses courants diversifi\u00e9s avec certains desquels des chr\u00e9tiens puissent entrer en dialogue.<\/p>\n<p style=\"text-align: justify;\">Bien que l\u2019islam ait exerc\u00e9 sur lui, \u00e0 un certain moment de sa vie, une certaine fascination et que la rencontre avec les musulmans ait constitu\u00e9 pour lui une \u00e9tape non n\u00e9gligeable sur le chemin de sa conversion, il aurait \u00e9t\u00e9 loin de souscrire \u00e0 cette vision conciliaire de l\u2019islam selon laquelle \u00ab\u00a0L\u2019\u00c9glise regarde avec estime les musulmans qui adorent le Dieu Un, vivant, mis\u00e9ricordieux et tout-puissant, cr\u00e9ateur du ciel et de la terre, qui a parl\u00e9 avec les hommes\u2026\u00a0\u00bb (Nostra Aetate N\u00b03). Il ne se situait donc pas dans la probl\u00e9matique th\u00e9ologique du Concile Vatican II qui reconna\u00eet dans les religions non chr\u00e9tiennes la pr\u00e9sence de \u00ab\u00a0semences du Verbe\u00a0\u00bb qui puissent constituer une base pour entrer en dialogue avec des croyants d\u2019une autre religion.<\/p>\n<p style=\"text-align: justify;\">Cependant, il me semble que l\u2019on peut pourtant consid\u00e9rer le Fr\u00e8re Charles comme un pr\u00e9curseur du dialogue. Car il a institu\u00e9 avec les populations musulmanes qu\u2019il a rencontr\u00e9es, en particulier avec les Touaregs un \u00ab\u00a0dialogue de la vie\u00a0\u00bb qui a \u00e9t\u00e9 pr\u00e9sent\u00e9 ensuite par l\u2019encyclique \u00ab\u00a0Ecclesiam Suam\u00a0\u00bb du Pape Paul VI en 1964 comme la base fondamentale de tout dialogue\u00a0: \u00ab\u00a0On ne sauve pas le monde du dehors\u00a0; il faut comme le Verbe de Dieu qui s\u2019est fait homme, assimiler, en une certaine mesure, les formes de vie de ceux \u00e0 qui on veut porter le message du Christ\u2026.Il faut partager les usages communs, pourvu qu\u2019ils soient humains et honn\u00eates, sp\u00e9cialement ceux des plus petits, si on veut \u00eatre \u00e9cout\u00e9 et compris. Il faut avant m\u00eame de parler, \u00e9couter la voix et plus encore le c\u0153ur de l\u2019homme\u2026Il faut se faire les fr\u00e8res des hommes\u2026Le climat du dialogue c\u2019est l\u2019amiti\u00e9\u00a0\u00bb N\u00b087.<\/p>\n<p style=\"text-align: justify;\">Ainsi, le Fr\u00e8re Charles, en consacrant toute son \u00e9nergie et une grande partie de son temps \u00e0 apprendre la langue des Touaregs dont il partageait la vie, en d\u00e9veloppant des conversations toutes simples sur les r\u00e9alit\u00e9s de leur vie quotidienne, en s\u2019ouvrant \u00e0 leur po\u00e9sie et ainsi en tentant de comprendre le g\u00e9nie de ce peuple, a su ouvrir, par le dialogue avec ses h\u00f4tes, un climat de confiance au point qu\u2019il est devenu pour beaucoup\u00a0\u00ab\u00a0un ami\u00a0\u00bb. Il a ainsi montr\u00e9 que la mission de l\u2019\u00c9glise, c\u2019est aussi de susciter des fr\u00e8res, dans le respect des diff\u00e9rences de culture ou de religion, comme s\u2019y est employ\u00e9e ensuite l\u2019\u00c9glise en de nombreux pays de la plan\u00e8te, forte des ouvertures du Concile Vatican II.<\/p>\n<p style=\"text-align: justify;\">On peut donc reconna\u00eetre, pour les pr\u00eatres de la fraternit\u00e9 sacerdotale J\u00e9sus Caritas que nous sommes, que le Fr\u00e8re Charles nous a ouvert une spiritualit\u00e9 du dialogue qui peut encore nous inspirer dans les rencontres que nous vivons non seulement avec les musulmans mais aussi avec tous ceux qui ne partagent pas notre foi. Ainsi le chemin de dialogue qu\u2019il a ouvert avec les Touaregs s\u2019est d\u00e9ploy\u00e9 en plusieurs figures fondamentales\u00a0:<\/p>\n<ul style=\"text-align: justify;\">\n<li>Il a su se d\u00e9payser pour aller s\u2019immerger dans le pays de l\u2019autre. Il a r\u00e9alis\u00e9 ce mouvement que le Pape Fran\u00e7ois appelle \u00ab une \u00c9glise en sortie \u00bb. Il a d\u00e9sir\u00e9 se faire accueillir par ce peuple et devenir dans la mesure du possible \u00ab l\u2019un d\u2019entre eux \u00bb. Et il a fait de l\u2019apprentissage de leur langue une \u0153uvre mystique car elle se situait pour lui dans la ligne de l\u2019incarnation du Christ dans cette humanit\u00e9 qu\u2019il est venu sauver.<\/li>\n<li>Bien que son plus grand d\u00e9sir ait \u00e9t\u00e9 que les musulmans se convertissent \u00e0 la foi chr\u00e9tienne, il n\u2019a jamais exerc\u00e9 quelque pression que ce soit pour arriver \u00e0 ses fins. Il a toujours respect\u00e9 leur libert\u00e9. En 1908, il a reconnu qu\u2019il ne ferait aucune conversion et il en a conclu ce n\u2019\u00e9tait sans doute pas la volont\u00e9 de Dieu. Mais il est rest\u00e9 au milieu de ce peuple touareg au nom de l\u2019alliance qu\u2019il avait contract\u00e9e avec lui, simplement pour avancer sur le chemin de la fraternit\u00e9 avec lui.<\/li>\n<li>Son but : devenir l\u2019ami de l\u2019autre. Dans une lettre qu\u2019il adresse \u00e0 un correspondant, il caract\u00e9rise ainsi le mode de relation qu\u2019il veut adopter avec les musulmans qui l\u2019entourent : \u00ab D\u2019abord pr\u00e9parer le terrain en silence par la bont\u00e9, un contact intime, le bon exemple ; les aimer du fond du c\u0153ur, se faire estimer et aimer d\u2019eux ; Par l\u00e0, faire tomber les pr\u00e9jug\u00e9s, obtenir confiance, acqu\u00e9rir l\u2019autorit\u00e9 \u2013 ceci demande du temps \u2013 ensuite parler en particulier aux mieux dispos\u00e9s, tr\u00e8s prudemment, petit \u00e0 petit, diversement, en donnant \u00e0 chacun selon ce qu\u2019il est capable de recevoir. \u00bb. A d\u00e9faut de pouvoir annoncer explicitement l\u2019\u00c9vangile, il a voulu par sa personne devenir lui-m\u00eame pr\u00e9sence d\u2019\u00c9vangile. C\u2019est ce qu\u2019il entendait en disant vouloir \u00ab crier l\u2019\u00c9vangile non par la parole mais par toute sa vie \u00bb<\/li>\n<li>Il a su s\u2019ajuster au regard que Dieu porte sur les musulmans qu\u2019il a rencontr\u00e9s. Il n\u2019a pas d\u2019abord vu en eux des \u00ab infid\u00e8les \u00bb ou des \u00ab m\u00e9cr\u00e9ants \u00bb, mais, dans son d\u00e9sir de devenir un fr\u00e8re universel, il les a consid\u00e9r\u00e9s comme \u00ab des fr\u00e8res bien-aim\u00e9s, des enfants de Dieu, des \u00e2mes rachet\u00e9es par le sang de J\u00e9sus, des \u00e2mes bien-aim\u00e9es de J\u00e9sus \u00bb.<\/li>\n<li>Il a manifest\u00e9 le visage d\u2019une \u00c9glise diaconale. Il ne s\u2019est pas content\u00e9 de vivre avec eux mais il a aussi contribu\u00e9, dans la mesure de ses possibilit\u00e9s, \u00e0 l\u2019am\u00e9lioration de leurs conditions de vie et au d\u00e9veloppement de leur pays. Il a lutt\u00e9 contre l\u2019esclavage, combattu les maladies, introduit dans ce pays tr\u00e8s pauvre des m\u00e9dicaments, des techniques nouvelles d\u2019agriculture et des moyens de communications.<\/li>\n<li>Chaque fois \u00e0 qu\u2019il a pu, il a ouvert un dialogue spirituel avec les musulmans. Bien s\u00fbr il n\u2019adh\u00e9rait en rien \u00e0 la doctrine de l\u2019islam. Mais il lui reconnaissait un point commun avec la foi chr\u00e9tienne : le double commandement d\u2019aimer Dieu de tout son c\u0153ur et d\u2019aimer son prochain comme soi-m\u00eame. Sur cette base il a d\u00e9velopp\u00e9 de nombreux dialogues avec ses amis musulmans, leur montrant en diverses circonstances comment ce double commandement pouvait se d\u00e9ployer dans leurs relations quotidiennes.<\/li>\n<li>Enfin, et ce n\u2019est pas un des moindres \u00e9l\u00e9ments du dialogue, il a fait du myst\u00e8re pascal la voie royale du dialogue. Car, en contemplant sans cesse la vie du Christ \u00e0 Nazareth, il a pris comme lui le chemin de l\u2019humilit\u00e9, de la pauvret\u00e9, de l\u2019\u00e9coute et de la mort \u00e0 soi-m\u00eame dans la rencontre de l\u2019autre. Il a ainsi manifest\u00e9 par toute sa vie qu\u2019 \u00ab il n\u2019y a pas de plus grand amour que de donner sa vie pour ceux qu\u2019on aime. \u00bb<\/li>\n<\/ul>\n<p style=\"text-align: justify;\">En se pr\u00e9sentant comme \u00ab\u00a0un d\u00e9fricheur\u00a0\u00bb, il nous a montr\u00e9 que le dialogue de la vie fait partie int\u00e9grante de la mission de l\u2019\u00c9glise.<\/p>\n<p style=\"text-align: justify;\">PDF: <a href=\"https:\/\/www.iesuscaritas.org\/wp-content\/uploads\/2021\/01\/Texte-5.-Le-dialogue-dans-litineraire-spirituel-du-frere-Charles.-Jean-Francois-BERJONNEAU-fr.pdf\">Texte 5. Le dialogue dans l&rsquo;itin\u00e9raire spirituel du fr\u00e8re Charles. Jean-Fran\u00e7ois BERJONNEAU &#8211; fr<\/a><\/p>\n<p><\/p>","protected":false},"excerpt":{"rendered":"<p>Jean-Fran\u00e7ois BERJONNEAU, France Le Fr\u00e8re Charles a v\u00e9cu soixante ans avant le Concile Vatican II. La notion de dialogue interreligieux telle que nous l\u2019entendons aujourd\u2019hui dans l\u2019\u00c9glise lui \u00e9tait totalement <a class=\"more-link\" href=\"https:\/\/www.iesuscaritas.org\/fr\/documentos\/texto-5-el-dialogo-en-el-itinerario-espiritual-del-hermano-carlos-jean-francois-berjonneau\/\">Continue Reading &rarr;<\/a><\/p>\n","protected":false},"author":1,"featured_media":0,"comment_status":"closed","ping_status":"closed","sticky":false,"template":"","format":"standard","meta":{"footnotes":""},"categories":[78],"tags":[],"class_list":["post-5050","post","type-post","status-publish","format-standard","hentry","category-documentos"],"_links":{"self":[{"href":"https:\/\/www.iesuscaritas.org\/fr\/wp-json\/wp\/v2\/posts\/5050","targetHints":{"allow":["GET"]}}],"collection":[{"href":"https:\/\/www.iesuscaritas.org\/fr\/wp-json\/wp\/v2\/posts"}],"about":[{"href":"https:\/\/www.iesuscaritas.org\/fr\/wp-json\/wp\/v2\/types\/post"}],"author":[{"embeddable":true,"href":"https:\/\/www.iesuscaritas.org\/fr\/wp-json\/wp\/v2\/users\/1"}],"replies":[{"embeddable":true,"href":"https:\/\/www.iesuscaritas.org\/fr\/wp-json\/wp\/v2\/comments?post=5050"}],"version-history":[{"count":9,"href":"https:\/\/www.iesuscaritas.org\/fr\/wp-json\/wp\/v2\/posts\/5050\/revisions"}],"predecessor-version":[{"id":5068,"href":"https:\/\/www.iesuscaritas.org\/fr\/wp-json\/wp\/v2\/posts\/5050\/revisions\/5068"}],"wp:attachment":[{"href":"https:\/\/www.iesuscaritas.org\/fr\/wp-json\/wp\/v2\/media?parent=5050"}],"wp:term":[{"taxonomy":"category","embeddable":true,"href":"https:\/\/www.iesuscaritas.org\/fr\/wp-json\/wp\/v2\/categories?post=5050"},{"taxonomy":"post_tag","embeddable":true,"href":"https:\/\/www.iesuscaritas.org\/fr\/wp-json\/wp\/v2\/tags?post=5050"}],"curies":[{"name":"wp","href":"https:\/\/api.w.org\/{rel}","templated":true}]}}