{"id":471,"date":"2014-08-08T12:47:11","date_gmt":"2014-08-08T11:47:11","guid":{"rendered":"http:\/\/www.iesuscaritas.org\/?p=471"},"modified":"2014-08-08T12:47:11","modified_gmt":"2014-08-08T11:47:11","slug":"francais-mois-de-nazareth-2014-panafricain","status":"publish","type":"post","link":"https:\/\/www.iesuscaritas.org\/fr\/mes-de-nazaret\/francais-mois-de-nazareth-2014-panafricain\/","title":{"rendered":"Mois de Nazareth 2014 Panafricain"},"content":{"rendered":"<p><\/p>\n<h1>LETTRE DE KRIBI<\/h1>\n<p>Nous sommes 24 fr\u00e8res venus de 5 pays, dont Jean-Fran\u00e7ois BERJONNEAU, Assistant g\u00e9n\u00e9ral de l\u2019Equipe internationale, rassembl\u00e9s pour le \u00ab\u00a0MOIS DE NAZARETH\u00a0\u00bb au Centre dioc\u00e9sain Saint Joseph de Kribi au Cameroun du 6\u00a0 juillet au 3 ao\u00fbt 2014.<\/p>\n<p>Organis\u00e9 et r\u00e9alis\u00e9 par la \u00ab\u00a0Fraternit\u00e9\u00a0\u00bb du Cameroun, sur les traces de Simon MPEKE dit \u00ab\u00a0Baba Simon\u00a0\u00bb, fr\u00e8re initiateur et fondateur des fraternit\u00e9s J\u00e9sus Caritas en Afrique, ce mois regroupe des repr\u00e9sentants des \u00ab\u00a0Fraternit\u00e9s\u00a0\u00bb du Burkina-Faso, du Cameroun, de la Centrafrique, de Madagascar et du Tchad. Alg\u00e9rie, Congo (RDC), Maroc et Rwanda n&rsquo;ont pas r\u00e9pondu \u00e0 l&rsquo;appel.<\/p>\n<p>Nous avons pu vivre ce temps de fraternit\u00e9\u00a0 gr\u00e2ce \u00e0 l\u2019appui des \u00ab\u00a0Fr\u00e8res\u00a0\u00bb des \u00c9tats-Unis, d&rsquo;Italie, de France, d&rsquo;Autriche et des membres des fraternit\u00e9s s\u00e9culi\u00e8res de France sans oublier les amis et parents de chacun qui ont mis la main \u00e0 la poche pour nous aider. Qu\u2019ils en soient vivement remerci\u00e9s!<\/p>\n<p>Nous voudrions ici, partager avec vous, fr\u00e8res et s\u0153urs, nos convictions, les d\u00e9fis de notre Eglise dans la soci\u00e9t\u00e9, et notre esp\u00e9rance.<\/p>\n<h3>CONTEXTE<\/h3>\n<p>Nous nous sommes retrouv\u00e9s pour prier et partager ensemble nos joies, nos peines, et celles de notre peuple, au c\u0153ur d&rsquo;un monde marqu\u00e9 par le pluralisme religieux et la pouss\u00e9e islamiste o\u00f9 dialogue et annonce s\u2019imposent comme n\u00e9cessit\u00e9. Nous pensons particuli\u00e8rement \u00e0 la situation qui pr\u00e9vaut au Nig\u00e9ria, au Nord-Cameroun et en Centrafrique. Nous avons une pens\u00e9e sp\u00e9ciale pour\u00a0 Gianantonio Allegri, de la fraternit\u00e9 de Maroua, pris en otage par les Boko Haram une semaine apr\u00e8s son inscription \u00e0 ce mois de Nazareth.<\/p>\n<h3>ACTIVITES<\/h3>\n<p>Pendant quatre semaines, nous avons v\u00e9cu des temps forts de communion fraternelle dans le respect de la diff\u00e9rence et de la libert\u00e9 individuelle. Dans la \u00ab\u00a0relecture de nos vies\u00a0\u00bb, nous avons \u00e9t\u00e9 \u00e9difi\u00e9s par les particularit\u00e9s de chacun. La retraite nous a permis de revisiter, d\u2019\u00e9valuer et de faire le point de notre vie de pr\u00eatres dioc\u00e9sains au service de l\u2019Eglise et de nos fr\u00e8res et s\u0153urs. La d\u00e9couverte et\u00a0 l\u2019approfondissement de la personne et de la spiritualit\u00e9 du Bienheureux Charles de Foucauld ont renforc\u00e9 notre conviction en la \u00ab\u00a0fraternit\u00e9 universelle\u00a0\u00bb \u00e0 la suite de ce Fr\u00e8re qui a \u00ab\u00a0imit\u00e9 son Maitre jusqu\u2019\u00e0 la mort\u00a0\u00bb. La \u00ab\u00a0relecture du mois\u00a0\u00bb a \u00e9t\u00e9 un temps d\u2019actions de gr\u00e2ces pour tous.<\/p>\n<p>\u00ab<em>A cause de J\u00e9sus et de l\u2019Evangile\u2026<\/em>\u00bb. C\u2019est le sens de notre mois de Nazareth o\u00f9 nous nous sommes laiss\u00e9s conduire par les intuitions et les exemples de Charles de Foucauld et de Baba Simon qui, chacun \u00e0 leur mani\u00e8re, ont rallum\u00e9 en nous la passion du Christ. La participation \u00e0 l\u2019Eucharistie quotidienne, l\u2019Adoration du Tr\u00e8s Saint Sacrement, la r\u00e9vision de vie en fraternit\u00e9, et les temps de d\u00e9sert sont pour nous des moyens privil\u00e9gi\u00e9s de notre rencontre r\u00e9elle et personnelle avec notre Bien Aim\u00e9 et Seigneur J\u00e9sus Christ pour d\u00e9couvrir sa volont\u00e9.<\/p>\n<p>Les rencontres sont cordiales. Les amiti\u00e9s et la confiance mutuelle naissent spontan\u00e9ment. La fraternit\u00e9 s\u2019installe sans difficult\u00e9. Les partages sont riches, profonds, francs et sinc\u00e8res. Nous avons eu le bonheur de faire un p\u00e8lerinage sur la tombe de Baba Simon \u00e0 Ed\u00e9a, de visiter le tout nouveau port en eau profonde de Kribi. Nous avons eu la joie d\u2019accueillir Joseph YESSI, responsable de la fraternit\u00e9 s\u00e9culi\u00e8re africaine et un compagnon. Le Vicaire G\u00e9n\u00e9ral et le Cur\u00e9 de la cath\u00e9drale ont souhait\u00e9 d\u00e9couvrir la r\u00e9alit\u00e9 de la fraternit\u00e9 et nous avons profit\u00e9 de cette occasion pour faire connaissance avec le dioc\u00e8se de Kribi que nous remercions pour son accueil et sa g\u00e9n\u00e9rosit\u00e9.<\/p>\n<h3>CONSTATS<\/h3>\n<p>A travers ces partages il ressort que le milieu familial a jou\u00e9 et joue un tr\u00e8s grand r\u00f4le dans nos vies. La famille est irrempla\u00e7able dans la vie et le cheminement humain et vocationnel de chacun. Dieu nous donne d\u2019\u00eatre ce que nous sommes par nos familles. L\u2019attachement \u00e0 la famille est\u00a0 donc une source d\u2019enracinement humain et social.<\/p>\n<p>Malheureusement, la famille est depuis quelques temps malmen\u00e9e par de nombreuses difficult\u00e9s et a bien du mal \u00e0 jouer son r\u00f4le. Des familles divis\u00e9es et des familles \u00e0 \u00ab\u00a0l\u2019essai\u00a0\u00bb, des foyers fragiles et instables dans leurs engagements, des couples aux situations matrimoniales irr\u00e9guli\u00e8res\u2026 sont nos pr\u00e9occupations de pr\u00eatres sortis de l\u00e0 et vivant encore l\u00e0. La famille est aussi confront\u00e9e \u00e0 de nouveaux d\u00e9fis: mariage homosexuel, p\u00e9dophilie\u2026 Elle interpelle notre foi chr\u00e9tienne et suscite notre engagement pastoral.<\/p>\n<p>Nos Eglises locales sont en pleine explosion num\u00e9rique. Les demandes de cat\u00e9chisme se multiplient avec de nombreux baptis\u00e9s dans les paroisses. Nos Communaut\u00e9s sont majoritairement jeunes, avec des c\u00e9l\u00e9brations dominicales joyeuses. Nous en sommes fiers!<\/p>\n<p>Cependant l\u2019engagement au service de l&rsquo;Eglise et de la soci\u00e9t\u00e9 est timide. Le nombre de baptis\u00e9s ne cesse de cro\u00eetre mais la situation sociale et politique continue de d\u00e9cro\u00eetre. L\u2019\u00e9pineuse question de la prise en charge int\u00e9grale de notre Eglise-Famille de Dieu demeure un d\u00e9fi permanent. Nous peinons encore lourdement sur le chemin des initiatives concr\u00e8tes pour une vraie responsabilit\u00e9 assum\u00e9e par tous les baptis\u00e9s. Loin d\u2019\u00eatre occasion de d\u00e9couragement et de pessimisme, ces situations sont pour nous une bonne source d\u2019\u00e9nergie et une raison de plus pour mieux nous engager \u00e0 animer nos communaut\u00e9s dans l\u2019esp\u00e9rance d\u2019un lendemain qui ne s\u2019obtient que par le travail consciencieux.<\/p>\n<p>Le contexte social, \u00e9conomique, politique et religieux de nos pays m\u00e9rite r\u00e9flexion, pri\u00e8res et engagement pour la paix dans son ensemble. Les injustices sociales et \u00e9conomiques sont tr\u00e8s flagrantes. Le foss\u00e9 entre les couches ne cesse de s\u2019\u00e9largir\u00a0: dans un m\u00eame pays, des \u00ab\u00a0extr\u00eamement riches\u00a0\u00bb continuent \u00e0 s\u2019enrichir sans se soucier des \u00ab\u00a0extr\u00eamement pauvres\u00a0\u00bb, laiss\u00e9s-pour-compte, exclus. Pillages, vols, braquages, ph\u00e9nom\u00e8ne de coupeurs de routes etc. sont le lot quotidien des paisibles citoyens. On n\u2019a pas encore le courage de prendre les vraies d\u00e9cisions pour enrayer la pand\u00e9mie de la corruption en Afrique.<\/p>\n<p>Les milieux politiques, \u00e9conomiques, associatifs et les leaders religieux se bousculent avec acharnement pour des int\u00e9r\u00eats personnels ou ceux d\u2019un petit groupe mais rarement pour le bien commun et le d\u00e9veloppement de nos pays et du continent. D\u00e8s lors, des int\u00e9grismes religieux de tous bords se manifestent, les uns pour le pouvoir et l\u2019imposition de leurs id\u00e9ologies pseudo-religieuses par la violence, la terreur et \u00e0 coups de canons, les autres, pour se fabriquer un carcan de s\u00e9curit\u00e9 psychologique.<\/p>\n<p>Eglise du Christ, notre mission est l\u00e0, celle d\u2019annoncer le Royaume de Dieu qui est essentiellement fraternit\u00e9, amour, paix et joie entre tous les hommes. C&rsquo;est le chemin que le Christ ouvre par son Sang et que Fr\u00e8re Charles a suivi. Avec lui, nous ne devons pas \u00eatre des \u00ab<em>chiens muets\u00a0ou des sentinelles endormies!<\/em>\u00bb Toutes nos communaut\u00e9s de croyants sont interpell\u00e9es.<\/p>\n<h3>NOS CONVICTIONS A LA SUITE DE FRERE CHARLES ET BABA SIMON DANS L\u2019IMITATION DE JESUS CHRIST<\/h3>\n<p>La foi en Dieu cr\u00e9ateur et en son Fils J\u00e9sus Christ Sauveur de tous les hommes est un engagement dans la vie et pour la vie\u00a0: \u00ab\u00a0la foi nous ouvre le chemin et accompagne nos pas dans l\u2019histoire1\u00a0\u00bb. Le salut de l\u2019humanit\u00e9 s\u2019est accompli \u00e0 partir d\u2019un petit village de la Galil\u00e9e, Nazareth, point central du myst\u00e8re chr\u00e9tien de l\u2019Incarnation.<\/p>\n<p>En effet, \u00e0 Nazareth, la Sainte Famille menait une vie silencieuse de travail et de contemplation. J\u00e9sus y a grandi dans l\u2019ob\u00e9issance \u00e0 la volont\u00e9 de son P\u00e8re et de ses parents. Le projet de salut de Dieu est parti de l\u00e0. La vie de Nazareth est une grande le\u00e7on d\u2019amour.<\/p>\n<p>Nazareth a s\u00e9duit Fr\u00e8re Charles. Toute sa vie a bascul\u00e9 et n\u2019a rythm\u00e9 qu\u2019\u00e0 l\u2019unisson de Celui qui a initi\u00e9 cette vie cach\u00e9e jusqu\u2019\u00e0 en mourir pour tous.<\/p>\n<p>A Tokomb\u00e9r\u00e9 dans les montagnes au Nord du Cameroun, Simon MPEKE emboite le pas au \u00ab\u00a0Fr\u00e8re Universel\u00a0\u00bb. \u00ab\u00a0Il a donn\u00e9 toute sa vie pour que la Parole de Dieu retentisse au c\u0153ur des traditions locales\u00bb2 et que la dignit\u00e9 de l\u2019homme soit restaur\u00e9e.<\/p>\n<p>Dieu nous appelle tous \u00e0 vivre dans nos \u00abNazareth\u00bb pour suivre son Fils afin de r\u00e9aliser avec Lui le salut de l\u2019humanit\u00e9. Il nous invite comme le fr\u00e8re Charles \u00e0 imiter son Fils dans la pauvret\u00e9, l\u2019humilit\u00e9, l\u2019abaissement, l\u2019abjection\u2026 bref, \u00e0 choisir \u00ab\u00a0la derni\u00e8re place\u00a0\u00bb et \u00e0 rejoindre les \u00ab\u00a0p\u00e9riph\u00e9ries\u00a0\u00bb de notre monde.<\/p>\n<p>Le salut de Dieu est destin\u00e9 \u00e0 tous les hommes. Mais la responsabilit\u00e9 premi\u00e8re de l\u2019annonce et de la r\u00e9alisation incombe \u00e0 ceux qui suivent son Fils J\u00e9sus Christ. Ils doivent accomplir cette mission sans distinction entre les hommes et avec amour. C\u2019est la mission que le Christ a laiss\u00e9e \u00e0 ses amis avant de repartir vers le P\u00e8re\u00a0: \u00ab<em>Allez donc\u00a0! De toutes les nations, faites des disciples\u2026<\/em>\u00bb. Il faut donc un c\u0153ur et un esprit universels.<\/p>\n<p>Cette conviction n\u2019est pas un sentiment na\u00eff. Au contraire elle nous place sur toutes les fractures d\u2019humanit\u00e9 que nous rencontrons dans cette r\u00e9alit\u00e9 de l\u2019Afrique. Elle nous appelle avec force \u00e0 rejoindre les plus pauvres comme Fr\u00e8re Charles et Baba Simon l\u2019ont fait. Elle nous appelle \u00e0 lutter contre tout ce qui \u00e9crase ou terrorise la population des pauvres et des petits et des gens qui n\u2019ont que la force de leurs bras pour gagner leur vie. Elle nous envoie pour \u00eatre force de paix et de r\u00e9conciliation l\u00e0 o\u00f9 se d\u00e9cha\u00eenent la rancune et l\u2019esprit de vengeance. Elle nous pousse contre vents et mar\u00e9es \u00e0 poser des initiatives de dialogue, de rencontre, d\u2019ouverture avec les musulmans dans la ligne de l\u2019apostolat de la bont\u00e9 que Fr\u00e8re Charles a exerc\u00e9 quand il \u00e9tait parmi les Touaregs.<\/p>\n<p>Nous mesurons que cette attitude n\u2019est pas de tout repos. Mais le disciple n\u2019est pas au-dessus de son ma\u00eetre\u00a0: \u00ab<em>Celui qui veut sauver sa vie la perdra. Mais qui\u00a0perdra sa vie \u00e0 cause de moi et de l\u2019Evangile la sauvera.<\/em>\u00bb<\/p>\n<p>Nous ne pouvons pas s\u00e9parer Charles de Foucauld de Baba Simon car le souffle du Fr\u00e8re Charles a pris chair dans la culture africaine gr\u00e2ce \u00e0 Baba Simon comme il continue de s\u2019inventer en d\u2019innombrables t\u00e9moins sous toutes les latitudes.<\/p>\n<h3>PERSPECTIVES D&rsquo;AVENIR<\/h3>\n<p>Dans l&rsquo;\u00e9lan de ce mois de Nazareth et constitu\u00e9 en assembl\u00e9e continentale, nous envisageons:<\/p>\n<ul>\n<ul>\n<li>De travailler \u00e0 l&rsquo;expansion des fraternit\u00e9s sacerdotales et s\u00e9culi\u00e8res sur le continent et \u00e0 Madagascar.<\/li>\n<li>De d\u00e9velopper la communication entre nos fraternit\u00e9s et avec le bureau international.<\/li>\n<li>De participer financi\u00e8rement\u00a0 \u00e0 la caisse internationale selon un taux qui sera fix\u00e9 par le bureau international.<\/li>\n<li>De c\u00e9l\u00e9brer le quaranti\u00e8me anniversaire de la mort de Baba Simon, sous la forme d&rsquo;un p\u00e8lerinage \u00e0 Tokomber\u00e9\u00a0en ao\u00fbt 2015.<\/li>\n<li>De c\u00e9l\u00e9brer le 1er d\u00e9cembre 2016, le centenaire de la mort de Fr\u00e8re Charles \u00e0 Tamanrasset, dans chacune de nos fraternit\u00e9s.<\/li>\n<li>D&rsquo;envoyer des repr\u00e9sentants \u00e0 l&rsquo;Assembl\u00e9e Internationale de 2018.<\/li>\n<li>D&rsquo;organiser un nouveau mois de Nazareth en juillet 2019 au Burkina Faso.<\/li>\n<\/ul>\n<\/ul>\n<p>Au terme de cette riche exp\u00e9rience, nous implorons J\u00e9sus de Nazareth, notre fr\u00e8re, de nous combler ainsi que nos familles, nos communaut\u00e9s chr\u00e9tiennes, nos dirigeants et nos responsables hi\u00e9rarchiques d\u2019abondantes gr\u00e2ces pour que la fraternit\u00e9 universelle tant d\u00e9sir\u00e9e par le Fr\u00e8re Charles devienne r\u00e9alit\u00e9 en chacune de nos vies.<\/p>\n<p>Conscients de nos limites et convaincus de l\u2019originalit\u00e9 de notre vocation et de notre place dans l\u2019Eglise et dans notre soci\u00e9t\u00e9, nos v\u0153ux les plus profonds sont de vivre chaque jour dans l\u2019esprit de Nazareth.<\/p>\n<p><strong>LES FRERES D\u2019AFRIQUE<\/strong><\/p>\n<p>PDF: <a href=\"http:\/\/www.iesuscaritas.org\/wp-content\/uploads\/2014\/08\/Lettre-de-Kribi-Cameroun-Juillet-2014.pdf\">Lettre de Kribi &#8211; Cameroun Juillet 2014<\/a><\/p>\n<p><\/p>","protected":false},"excerpt":{"rendered":"<p>LETTRE DE KRIBI Nous sommes 24 fr\u00e8res venus de 5 pays, dont Jean-Fran\u00e7ois BERJONNEAU, Assistant g\u00e9n\u00e9ral de l\u2019Equipe internationale, rassembl\u00e9s pour le \u00ab\u00a0MOIS DE NAZARETH\u00a0\u00bb au Centre dioc\u00e9sain Saint Joseph <a class=\"more-link\" href=\"https:\/\/www.iesuscaritas.org\/fr\/mes-de-nazaret\/francais-mois-de-nazareth-2014-panafricain\/\">Continue Reading &rarr;<\/a><\/p>\n","protected":false},"author":1,"featured_media":0,"comment_status":"open","ping_status":"open","sticky":false,"template":"","format":"standard","meta":{"footnotes":""},"categories":[44],"tags":[],"class_list":["post-471","post","type-post","status-publish","format-standard","hentry","category-mes-de-nazaret"],"_links":{"self":[{"href":"https:\/\/www.iesuscaritas.org\/fr\/wp-json\/wp\/v2\/posts\/471","targetHints":{"allow":["GET"]}}],"collection":[{"href":"https:\/\/www.iesuscaritas.org\/fr\/wp-json\/wp\/v2\/posts"}],"about":[{"href":"https:\/\/www.iesuscaritas.org\/fr\/wp-json\/wp\/v2\/types\/post"}],"author":[{"embeddable":true,"href":"https:\/\/www.iesuscaritas.org\/fr\/wp-json\/wp\/v2\/users\/1"}],"replies":[{"embeddable":true,"href":"https:\/\/www.iesuscaritas.org\/fr\/wp-json\/wp\/v2\/comments?post=471"}],"version-history":[{"count":4,"href":"https:\/\/www.iesuscaritas.org\/fr\/wp-json\/wp\/v2\/posts\/471\/revisions"}],"predecessor-version":[{"id":476,"href":"https:\/\/www.iesuscaritas.org\/fr\/wp-json\/wp\/v2\/posts\/471\/revisions\/476"}],"wp:attachment":[{"href":"https:\/\/www.iesuscaritas.org\/fr\/wp-json\/wp\/v2\/media?parent=471"}],"wp:term":[{"taxonomy":"category","embeddable":true,"href":"https:\/\/www.iesuscaritas.org\/fr\/wp-json\/wp\/v2\/categories?post=471"},{"taxonomy":"post_tag","embeddable":true,"href":"https:\/\/www.iesuscaritas.org\/fr\/wp-json\/wp\/v2\/tags?post=471"}],"curies":[{"name":"wp","href":"https:\/\/api.w.org\/{rel}","templated":true}]}}